{"id":244782,"date":"2025-07-12T11:15:16","date_gmt":"2025-07-12T11:15:16","guid":{"rendered":"https:\/\/www.europesays.com\/fr\/244782\/"},"modified":"2025-07-12T11:15:16","modified_gmt":"2025-07-12T11:15:16","slug":"la-marseillaise-paye-sa-tournee-musicale-de-lete","status":"publish","type":"post","link":"https:\/\/www.europesays.com\/fr\/244782\/","title":{"rendered":"La Marseillaise paye sa tourn\u00e9e musicale de l\u2019\u00e9t\u00e9"},"content":{"rendered":"\n<p>Pour les festivit\u00e9s de notre commune, on a l\u2019habitude de faire de grosses animations tout au long de l\u2019\u00e9t\u00e9. Dans ce cadre, la proposition de La Marseillaise nous a sembl\u00e9 originale. \u00c7a va nous permettre de rassembler diff\u00e9rentes g\u00e9n\u00e9rations\u00a0\u00bb, se r\u00e9jouit Martine Carlet-Flak, adjointe au maire de Rousset d\u00e9l\u00e9gu\u00e9e \u00e0 l\u2019animation de la vie locale. La place Paul-Borde, situ\u00e9e devant l\u2019h\u00f4tel de Ville de cette commune de pr\u00e8s de 6\u00a0000 \u00e2mes, accueillera ainsi pour la premi\u00e8re fois, dimanche 13\u00a0juillet, un concert de Tribute Queen, ensemble c\u00e9l\u00e9brant le r\u00e9pertoire du groupe de rock qui fut men\u00e9 par Freddie Mercury. Sans compter la prestation du DJ Fred Aug\u00e9, aussi \u00e0 l\u2019affiche.<\/p>\n<p>Exigeant et populaire<\/p>\n<p>\u00ab\u00a0Au moins 3\u00a0heures de show, le tout gratuitement, \u00e7a n\u2019existe pas ailleurs\u00a0\u00bb, se targue Pierre Guille, directeur de la Tourn\u00e9e d\u2019\u00e9t\u00e9 de La\u00a0Marseillaise, cr\u00e9\u00e9e en 1996, et qui parcourt cette ann\u00e9e les Bouches-du-Rh\u00f4ne au rythme de 13\u00a0dates jusqu\u2019au 23\u00a0ao\u00fbt. \u00ab\u00a0Il ne faut pas oublier que cette tourn\u00e9e a \u00e9t\u00e9 con\u00e7ue \u00e0 l\u2019origine pour les gens qui ne partent pas en vacances. Elle combine un caract\u00e8re populaire et des plateaux de grande qualit\u00e9\u00a0\u00bb, rappelle-t-il, pointant entre autres le rendez-vous du jeudi 24\u00a0juillet. Sur la place Jean-Jaur\u00e8s, \u00e0 la Plaine, une soir\u00e9e plac\u00e9e sous le signe du hip-hop avec des figures telles que K-M\u00e9l\u00e9on, l\u2019ancien du groupe IAM, Freeman, Faf La Rage, le tout mix\u00e9 par le DJ de la Fonky Family, Djel.<\/p>\n<p>Ch\u00e2teauneuf-les Martigues, Sept\u00e8mes-les-Vallons, Port-de-Bouc, Martigues, La Roque-d\u2019Anth\u00e9ron&#8230; les concerts gratuits vont pleuvoir au cours de cette tourn\u00e9e qui avait \u00e9t\u00e9 cr\u00e9\u00e9e il y a pr\u00e8s de 30 ans \u00ab\u00a0pour faire entendre les succ\u00e8s musicaux et apporter des moments de joie \u00e0 nos lecteurs ainsi qu\u2019\u00e0 la population locale\u00a0\u00bb, se rem\u00e9moraient il y a peu Roland Villalonga et Andr\u00e9 Picca, chevilles ouvri\u00e8res historiques de cet \u00e9v\u00e9nement qui, apr\u00e8s son entame \u00e0 Rousset, d\u00e9ploiera ses ailes au Rove mardi 22\u00a0juillet puis, le lendemain, \u00e0 Miramas.<\/p>\n","protected":false},"excerpt":{"rendered":"Pour les festivit\u00e9s de notre commune, on a l\u2019habitude de faire de grosses animations tout au long de&hellip;\n","protected":false},"author":2,"featured_media":244783,"comment_status":"","ping_status":"","sticky":false,"template":"","format":"standard","meta":{"footnotes":""},"categories":[2814],"tags":[1111,11,1777,674,1011,27,884,12,882,25,38445],"class_list":{"0":"post-244782","1":"post","2":"type-post","3":"status-publish","4":"format-standard","5":"has-post-thumbnail","7":"category-marseille","8":"tag-actu","9":"tag-actualites","10":"tag-eu","11":"tag-europe","12":"tag-fr","13":"tag-france","14":"tag-marseille","15":"tag-news","16":"tag-provence-alpes-cote-dazur","17":"tag-republique-francaise","18":"tag-tournee-dete-la-marseillaise"},"share_on_mastodon":{"url":"https:\/\/pubeurope.com\/@fr\/114839979555633158","error":""},"_links":{"self":[{"href":"https:\/\/www.europesays.com\/fr\/wp-json\/wp\/v2\/posts\/244782","targetHints":{"allow":["GET"]}}],"collection":[{"href":"https:\/\/www.europesays.com\/fr\/wp-json\/wp\/v2\/posts"}],"about":[{"href":"https:\/\/www.europesays.com\/fr\/wp-json\/wp\/v2\/types\/post"}],"author":[{"embeddable":true,"href":"https:\/\/www.europesays.com\/fr\/wp-json\/wp\/v2\/users\/2"}],"replies":[{"embeddable":true,"href":"https:\/\/www.europesays.com\/fr\/wp-json\/wp\/v2\/comments?post=244782"}],"version-history":[{"count":0,"href":"https:\/\/www.europesays.com\/fr\/wp-json\/wp\/v2\/posts\/244782\/revisions"}],"wp:featuredmedia":[{"embeddable":true,"href":"https:\/\/www.europesays.com\/fr\/wp-json\/wp\/v2\/media\/244783"}],"wp:attachment":[{"href":"https:\/\/www.europesays.com\/fr\/wp-json\/wp\/v2\/media?parent=244782"}],"wp:term":[{"taxonomy":"category","embeddable":true,"href":"https:\/\/www.europesays.com\/fr\/wp-json\/wp\/v2\/categories?post=244782"},{"taxonomy":"post_tag","embeddable":true,"href":"https:\/\/www.europesays.com\/fr\/wp-json\/wp\/v2\/tags?post=244782"}],"curies":[{"name":"wp","href":"https:\/\/api.w.org\/{rel}","templated":true}]}}