{"id":244788,"date":"2025-07-12T11:18:16","date_gmt":"2025-07-12T11:18:16","guid":{"rendered":"https:\/\/www.europesays.com\/fr\/244788\/"},"modified":"2025-07-12T11:18:16","modified_gmt":"2025-07-12T11:18:16","slug":"lyon-la-baignade-nocturne-dans-la-saone-vire-au-drame-ce-quil-sest-passe","status":"publish","type":"post","link":"https:\/\/www.europesays.com\/fr\/244788\/","title":{"rendered":"Lyon. La baignade nocturne dans la Sa\u00f4ne vire au drame, ce qu&rsquo;il s&rsquo;est pass\u00e9"},"content":{"rendered":"<p>            Par<br \/>\n        <strong><br \/>\n            <a href=\"https:\/\/actu.fr\/auteur\/pierrechemel\" title=\"Consulter tous les articles de Pierre Chemel\" rel=\"nofollow noopener\" target=\"_blank\">Pierre Chemel<\/a><br \/>\n        <\/strong><\/p>\n<p>        Publi\u00e9 le<\/p>\n<p>            12 juil. 2025 \u00e0 9h57        <\/p>\n<p>La <strong>baignade nocturne<\/strong> a vir\u00e9 au drame cette nuit, quai Saint-Vincent \u00e0 <a href=\"https:\/\/actu.fr\/auvergne-rhone-alpes\/lyon_69123\" rel=\"nofollow noopener\" target=\"_blank\">Lyon<\/a>. Vers 3h45, selon les premiers t\u00e9moignages, au moins deux personnes se seraient jet\u00e9es dans la <strong>Sa\u00f4ne<\/strong>. Dix minutes plus tard, les t\u00e9moins rest\u00e9s sur la berge ont commenc\u00e9 \u00e0 <strong>paniquer<\/strong> : l\u2019un des nageurs avait disparu sous l\u2019eau.<\/p>\n<p class=\" wall-content\">Alert\u00e9s imm\u00e9diatement, les sapeurs-pompiers de la <strong>brigade fluviale<\/strong> sont arriv\u00e9s sur les lieux aux alentours de 4 heures. Il leur a fallu environ dix minutes pour localiser et sortir le corps de la victime, alors en <strong>arr\u00eat cardio-respiratoire<\/strong>. Les secours ont tent\u00e9 de le r\u00e9animer en vain : son d\u00e9c\u00e8s a \u00e9t\u00e9 prononc\u00e9 sur place.<\/p>\n<p>Baignade interdite<\/p>\n<p class=\" wall-content\">La victime serait un homme d\u2019une trentaine d\u2019ann\u00e9es, selon des informations encore non confirm\u00e9es. Une enqu\u00eate est en cours pour d\u00e9terminer les circonstances exactes de ce drame et si la consommation d\u2019alcool ou d\u2019autres facteurs ont pu jouer un r\u00f4le.<\/p>\n<p class=\" wall-content\">La baignade est <strong>interdite<\/strong> dans la Sa\u00f4ne comme dans le Rh\u00f4ne, sur toute la travers\u00e9e de Lyon. Un arr\u00eat\u00e9 municipal et pr\u00e9fectoral le pr\u00e9cise depuis plusieurs ann\u00e9es.<\/p>\n<p class=\" wall-content\">Suivez toute l\u2019actualit\u00e9 de vos villes et m\u00e9dias favoris en vous inscrivant \u00e0 <a href=\"https:\/\/moncompte.actu.fr\" title=\"D\u00e9couvez Mon Actu\" rel=\"nofollow noopener\" data-trk=\"{&quot;cta&quot;:{&quot;action&quot;:&quot;https:\\\/\\\/moncompte.actu.fr&quot;,&quot;category&quot;:&quot;mon compte&quot;,&quot;from&quot;:&quot;article footer&quot;,&quot;name&quot;:&quot;Mon actu&quot;,&quot;type&quot;:&quot;cta&quot;}}\" target=\"_blank\">Mon Actu<\/a>.<\/p>\n","protected":false},"excerpt":{"rendered":"Par Pierre Chemel Publi\u00e9 le 12 juil. 2025 \u00e0 9h57 La baignade nocturne a vir\u00e9 au drame cette&hellip;\n","protected":false},"author":2,"featured_media":244789,"comment_status":"","ping_status":"","sticky":false,"template":"","format":"standard","meta":{"footnotes":""},"categories":[1889],"tags":[119,1111,11,2430,1777,674,118,1011,27,2428,12,1311,25],"class_list":{"0":"post-244788","1":"post","2":"type-post","3":"status-publish","4":"format-standard","5":"has-post-thumbnail","7":"category-lyon","8":"tag-accident","9":"tag-actu","10":"tag-actualites","11":"tag-auvergne-rhone-alpes","12":"tag-eu","13":"tag-europe","14":"tag-faits-divers","15":"tag-fr","16":"tag-france","17":"tag-lyon","18":"tag-news","19":"tag-pompiers","20":"tag-republique-francaise"},"share_on_mastodon":{"url":"https:\/\/pubeurope.com\/@fr\/114839991305422116","error":""},"_links":{"self":[{"href":"https:\/\/www.europesays.com\/fr\/wp-json\/wp\/v2\/posts\/244788","targetHints":{"allow":["GET"]}}],"collection":[{"href":"https:\/\/www.europesays.com\/fr\/wp-json\/wp\/v2\/posts"}],"about":[{"href":"https:\/\/www.europesays.com\/fr\/wp-json\/wp\/v2\/types\/post"}],"author":[{"embeddable":true,"href":"https:\/\/www.europesays.com\/fr\/wp-json\/wp\/v2\/users\/2"}],"replies":[{"embeddable":true,"href":"https:\/\/www.europesays.com\/fr\/wp-json\/wp\/v2\/comments?post=244788"}],"version-history":[{"count":0,"href":"https:\/\/www.europesays.com\/fr\/wp-json\/wp\/v2\/posts\/244788\/revisions"}],"wp:featuredmedia":[{"embeddable":true,"href":"https:\/\/www.europesays.com\/fr\/wp-json\/wp\/v2\/media\/244789"}],"wp:attachment":[{"href":"https:\/\/www.europesays.com\/fr\/wp-json\/wp\/v2\/media?parent=244788"}],"wp:term":[{"taxonomy":"category","embeddable":true,"href":"https:\/\/www.europesays.com\/fr\/wp-json\/wp\/v2\/categories?post=244788"},{"taxonomy":"post_tag","embeddable":true,"href":"https:\/\/www.europesays.com\/fr\/wp-json\/wp\/v2\/tags?post=244788"}],"curies":[{"name":"wp","href":"https:\/\/api.w.org\/{rel}","templated":true}]}}