{"id":24480,"date":"2025-04-14T14:42:10","date_gmt":"2025-04-14T14:42:10","guid":{"rendered":"https:\/\/www.europesays.com\/fr\/24480\/"},"modified":"2025-04-14T14:42:10","modified_gmt":"2025-04-14T14:42:10","slug":"decouvrir-le-grand-paris-avec-les-balades-passerelles","status":"publish","type":"post","link":"https:\/\/www.europesays.com\/fr\/24480\/","title":{"rendered":"D\u00e9couvrir le Grand Paris avec les \u00ab\u00a0balades passerelles\u00a0\u00bb"},"content":{"rendered":"\n<p>Explore Paris lance les \u00ab\u00a0balades passerelles\u00a0\u00bb, un nouveau format de visites guid\u00e9es insolites qui relient deux territoires \u00e0 travers un parcours th\u00e9matique, \u00e0 pied ou \u00e0 v\u00e9lo, pour mieux appr\u00e9hender la diversit\u00e9 et les transformations de la m\u00e9tropole.<\/p>\n<p>   <img decoding=\"async\" fetchpriority=\"high\" src=\"https:\/\/www.europesays.com\/fr\/wp-content\/uploads\/2025\/04\/decouvrir-le-grand-paris-avec-les-balades-passerelle-randonnee-urbaine-1743774003706_1024.jpg\"  width=\"768\" height=\"432\" alt=\"La petite ceinture verte.\" title=\"La petite ceinture verte.\" data-image=\"lp99yiyhnq9h\"\/>La petite ceinture verte.   <img decoding=\"async\" fetchpriority=\"high\" src=\"https:\/\/www.europesays.com\/fr\/wp-content\/uploads\/2025\/04\/aurelie-thepaut.jpg\" alt=\"Aur\u00e9lie Th\u00e9paut\" width=\"40\" height=\"40\"\/>    <a class=\"nombre text-hv\" href=\"https:\/\/www.tameteo.com\/auteur\/aurelie-thepaut\/\" title=\"Aur\u00e9lie Th\u00e9paut\" target=\"_blank\" rel=\"noopener\">Aur\u00e9lie Th\u00e9paut<\/a>      14\/04\/2025 14:00   4 min   <\/p>\n<p>Depuis sa cr\u00e9ation en 2018,<strong> Explore Paris <\/strong>propose des visites guid\u00e9es sur l&rsquo;ensemble du <strong>Grand Paris<\/strong> qui s\u2019\u00e9loignent des classiques du tourisme parisien et font la part belle \u00e0 la <strong>rencontre avec les habitants<\/strong> en mettant en valeur les <strong>savoir-faire<\/strong>, la <strong>gastronomie,<\/strong> le<strong> fluvial<\/strong>, le<strong> patrimoine <\/strong>ou encore l&rsquo;<strong>agriculture urbaine<\/strong>. Cette boutique en ligne se consacre exclusivement au d\u00e9veloppement de visites guid\u00e9es dans <a href=\"https:\/\/www.tameteo.com\/meteo_Paris-Europe-France-Paris-LFPB-1-26048.html\" title=\"https:\/\/www.tameteo.com\/meteo_Paris-Europe-France-Paris-LFPB-1-26048.html\" data-mrf-recirculation=\"cuerpo_intext\" target=\"_blank\" rel=\"noopener\">Paris <\/a>et les trois d\u00e9partements de la petite couronne &#8211; <a href=\"https:\/\/www.tameteo.com\/meteo-Europe-France-Ile+de+France-Hauts+de+Seine-1-1-135-29-5845.html\" title=\"https:\/\/www.tameteo.com\/meteo-Europe-France-Ile+de+France-Hauts+de+Seine-1-1-135-29-5845.html\" data-mrf-recirculation=\"cuerpo_intext\" target=\"_blank\" rel=\"noopener\">Hauts-de-Seine<\/a>, <a href=\"https:\/\/www.tameteo.com\/gn\/935264.htm\" title=\"https:\/\/www.tameteo.com\/gn\/935264.htm\" data-mrf-recirculation=\"cuerpo_intext\" target=\"_blank\" rel=\"noopener\">Seine-Saint-Denis<\/a> et <a href=\"https:\/\/www.tameteo.com\/meteo-Europe-France-Ile+de+France-Val+de+Marne-1-1-135-29-5843.html\" title=\"https:\/\/www.tameteo.com\/meteo-Europe-France-Ile+de+France-Val+de+Marne-1-1-135-29-5843.html\" data-mrf-recirculation=\"cuerpo_intext\" target=\"_blank\" rel=\"noopener\">Val-de-Marne<\/a> &#8211; \u00e0 travers l\u2019exploration de lieux plus confidentiels que les monuments embl\u00e9matiques classiques. <\/p>\n<p>Chaque jour, des dizaines de visites, anim\u00e9es par des guides professionnels, des associations, des villes ou des acteurs priv\u00e9s, sont propos\u00e9es \u00e0 des tarifs vari\u00e9s (gratuit ou petits prix) afin de permettre au plus grand nombre de pouvoir d\u00e9couvrir le Grand Paris sous un nouvel angle. <\/p>\n<p>Une alternative au tourisme de masse<\/p>\n<p>La plateforme continue d\u2019innover en lan\u00e7ant un nouveau format de visites : les \u00ab\u00a0balades passerelles\u00a0\u00bb. Disponibles d\u00e8s le <strong>13 avril<\/strong>, elles sont d\u00e9j\u00e0 ouvertes \u00e0 la r\u00e9servation sur la plateforme Explore Paris. Adapt\u00e9es aux nouvelles attentes des Franciliens et des touristes, ces balades favorisent les mobilit\u00e9s douces \u00e0 pied et \u00e0 v\u00e9lo. En plus d\u2019offrir une alternative au tourisme de masse, ces visites permettent de mieux appr\u00e9hender la diversit\u00e9 du Grand Paris, de la <strong>ville verte<\/strong> aux <strong>transformations industrielles<\/strong>, en passant par les <strong>initiatives solidaires et \u00e9cologiques<\/strong>. <\/p>\n<p>12 balades th\u00e9matiques \u00e0 d\u00e9couvrir<\/p>\n<p>Cette nouvelle s\u00e9rie de visites propose douze balades in\u00e9dites.<\/p>\n<p>Les balades \u00e0 pied<\/p>\n<ul>\n<li>Sur les traces de la ville verte et durable :<a href=\"https:\/\/www.tameteo.com\/meteo_Epinay+sur+Seine-Europe-France-Seine+Saint+Denis--1-24839.html\" title=\"https:\/\/www.tameteo.com\/meteo_Epinay+sur+Seine-Europe-France-Seine+Saint+Denis--1-24839.html\" data-mrf-recirculation=\"cuerpo_intext\" target=\"_blank\" rel=\"noopener\"> \u00c9pinay-sur-Seine<\/a> \u2013 <a href=\"https:\/\/www.tameteo.com\/meteo_Gennevilliers-Europe-France-Hauts+de+Seine--1-24834.html\" title=\"https:\/\/www.tameteo.com\/meteo_Gennevilliers-Europe-France-Hauts+de+Seine--1-24834.html\" data-mrf-recirculation=\"cuerpo_intext\" target=\"_blank\" rel=\"noopener\">Gennevilliers<\/a><\/li>\n<li>Autour de la Porte de Montreuil, pass\u00e9 et transformations : <a href=\"https:\/\/www.tameteo.com\/meteo_Paris-Europe-France-Paris-LFPB-1-26048.html\" title=\"https:\/\/www.tameteo.com\/meteo_Paris-Europe-France-Paris-LFPB-1-26048.html\" data-mrf-recirculation=\"cuerpo_intext\" target=\"_blank\" rel=\"noopener\">Paris<\/a> \u2013 <a href=\"https:\/\/www.tameteo.com\/meteo_Montreuil-Europe-France-Seine+Saint+Denis--1-24870.html\" title=\"https:\/\/www.tameteo.com\/meteo_Montreuil-Europe-France-Seine+Saint+Denis--1-24870.html\" data-mrf-recirculation=\"cuerpo_intext\" target=\"_blank\" rel=\"noopener\">Montreuil<\/a><\/li>\n<li>D\u00e9couverte du street art : Porte de Vanves \u2013 Malakoff<\/li>\n<li>Les cantines engag\u00e9es du Nord-Est parisien : <a href=\"https:\/\/www.tameteo.com\/meteo_Paris-Europe-France-Paris-LFPB-1-26048.html\" title=\"https:\/\/www.tameteo.com\/meteo_Paris-Europe-France-Paris-LFPB-1-26048.html\" data-mrf-recirculation=\"cuerpo_intext\" target=\"_blank\" rel=\"noopener\">Paris <\/a>\u2013 <a href=\"https:\/\/www.tameteo.com\/meteo_Pantin-Europe-France-Seine+Saint+Denis--1-24846.html\" title=\"https:\/\/www.tameteo.com\/meteo_Pantin-Europe-France-Seine+Saint+Denis--1-24846.html\" data-mrf-recirculation=\"cuerpo_intext\" target=\"_blank\" rel=\"noopener\">Pantin<\/a><\/li>\n<li>La plus grande op\u00e9ration urbaine depuis Haussmann : <a href=\"https:\/\/www.tameteo.com\/meteo_Paris-Europe-France-Paris-LFPB-1-26048.html\" title=\"https:\/\/www.tameteo.com\/meteo_Paris-Europe-France-Paris-LFPB-1-26048.html\" data-mrf-recirculation=\"cuerpo_intext\" target=\"_blank\" rel=\"noopener\">Paris<\/a> \u2013 <a href=\"https:\/\/www.tameteo.com\/meteo_Ivry+sur+Seine-Europe-France-Val+de+Marne--1-24850.html\" title=\"https:\/\/www.tameteo.com\/meteo_Ivry+sur+Seine-Europe-France-Val+de+Marne--1-24850.html\" data-mrf-recirculation=\"cuerpo_intext\" target=\"_blank\" rel=\"noopener\">Ivry-sur-Seine<\/a><\/li>\n<li>Une histoire du p\u00e9riph\u00e9rique, de la Cit\u00e9 universitaire internationale \u00e0 Gentilly : <a href=\"https:\/\/www.tameteo.com\/meteo_Paris-Europe-France-Paris-LFPB-1-26048.html\" title=\"https:\/\/www.tameteo.com\/meteo_Paris-Europe-France-Paris-LFPB-1-26048.html\" data-mrf-recirculation=\"cuerpo_intext\" target=\"_blank\" rel=\"noopener\">Paris<\/a> \u2013 <a href=\"https:\/\/www.tameteo.com\/meteo_Gentilly-Europe-France-Val+de+Marne--1-24694.html\" title=\"https:\/\/www.tameteo.com\/meteo_Gentilly-Europe-France-Val+de+Marne--1-24694.html\" data-mrf-recirculation=\"cuerpo_intext\" target=\"_blank\" rel=\"noopener\">Gentilly<\/a><\/li>\n<\/ul>\n<p><img loading=\"lazy\" decoding=\"async\" fetchpriority=\"low\" class=\"lazy \" src=\"https:\/\/www.europesays.com\/fr\/wp-content\/uploads\/2025\/04\/decouvrir-le-grand-paris-avec-les-balades-passerelle-randonnee-urbaine-1743774128550_1024.jpg\"  width=\"768\" height=\"432\" alt=\"Balade \u00e0 v\u00e9lo &quot;Osons la r\u00e9cup&quot;.\" title=\"Balade \u00e0 v\u00e9lo &quot;Osons la r\u00e9cup&quot;.\" data-image=\"mwhzec4huanp\"\/>Balade \u00e0 v\u00e9lo \u00ab\u00a0Osons la r\u00e9cup\u00a0\u00bb.Les balades \u00e0 v\u00e9lo<\/p>\n<p>Et pour celles et ceux qui pr\u00e9f\u00e8rent faire route seuls.es, Enlarge your Paris propose \u00ab <strong>les randos du Grand Paris<\/strong> \u00bb, une s\u00e9rie de randonn\u00e9es urbaines \u00e0 t\u00e9l\u00e9charger pour se balader en toute autonomie.<\/p>\n<p>Pour en savoir plus<\/p>\n<p><a href=\"https:\/\/exploreparis.com\/\" title=\"https:\/\/exploreparis.com\/\" target=\"_blank\" rel=\"noopener\">Explore Paris<\/a><\/p>\n<p><a href=\"https:\/\/www.enlargeyourparis.fr\/balades\" title=\"https:\/\/www.enlargeyourparis.fr\/balades\" target=\"_blank\" rel=\"noopener\">Enlarge your Paris<\/a><\/p>\n","protected":false},"excerpt":{"rendered":"Explore Paris lance les \u00ab\u00a0balades passerelles\u00a0\u00bb, un nouveau format de visites guid\u00e9es insolites qui relient deux territoires \u00e0&hellip;\n","protected":false},"author":2,"featured_media":24481,"comment_status":"","ping_status":"","sticky":false,"template":"","format":"standard","meta":{"footnotes":""},"categories":[1888],"tags":[1111,1928,11,1927,7552,1777,674,1011,27,662,12,1926,626,1925,6342,7553,25,602,208],"class_list":{"0":"post-24480","1":"post","2":"type-post","3":"status-publish","4":"format-standard","5":"has-post-thumbnail","7":"category-paris","8":"tag-actu","9":"tag-actu-paris","10":"tag-actualites","11":"tag-actualites-paris","12":"tag-balade","13":"tag-eu","14":"tag-europe","15":"tag-fr","16":"tag-france","17":"tag-ile-de-france","18":"tag-news","19":"tag-news-paris","20":"tag-paris","21":"tag-paris-news","22":"tag-pied","23":"tag-randonnee","24":"tag-republique-francaise","25":"tag-tourisme","26":"tag-velo"},"share_on_mastodon":{"url":"https:\/\/pubeurope.com\/@fr\/114336848085917452","error":""},"_links":{"self":[{"href":"https:\/\/www.europesays.com\/fr\/wp-json\/wp\/v2\/posts\/24480","targetHints":{"allow":["GET"]}}],"collection":[{"href":"https:\/\/www.europesays.com\/fr\/wp-json\/wp\/v2\/posts"}],"about":[{"href":"https:\/\/www.europesays.com\/fr\/wp-json\/wp\/v2\/types\/post"}],"author":[{"embeddable":true,"href":"https:\/\/www.europesays.com\/fr\/wp-json\/wp\/v2\/users\/2"}],"replies":[{"embeddable":true,"href":"https:\/\/www.europesays.com\/fr\/wp-json\/wp\/v2\/comments?post=24480"}],"version-history":[{"count":0,"href":"https:\/\/www.europesays.com\/fr\/wp-json\/wp\/v2\/posts\/24480\/revisions"}],"wp:featuredmedia":[{"embeddable":true,"href":"https:\/\/www.europesays.com\/fr\/wp-json\/wp\/v2\/media\/24481"}],"wp:attachment":[{"href":"https:\/\/www.europesays.com\/fr\/wp-json\/wp\/v2\/media?parent=24480"}],"wp:term":[{"taxonomy":"category","embeddable":true,"href":"https:\/\/www.europesays.com\/fr\/wp-json\/wp\/v2\/categories?post=24480"},{"taxonomy":"post_tag","embeddable":true,"href":"https:\/\/www.europesays.com\/fr\/wp-json\/wp\/v2\/tags?post=24480"}],"curies":[{"name":"wp","href":"https:\/\/api.w.org\/{rel}","templated":true}]}}