{"id":244804,"date":"2025-07-12T11:27:15","date_gmt":"2025-07-12T11:27:15","guid":{"rendered":"https:\/\/www.europesays.com\/fr\/244804\/"},"modified":"2025-07-12T11:27:15","modified_gmt":"2025-07-12T11:27:15","slug":"une-juge-demande-a-ladministration-trump-darreter-les-controles-au-facies-a-los-angeles","status":"publish","type":"post","link":"https:\/\/www.europesays.com\/fr\/244804\/","title":{"rendered":"Une juge demande \u00e0 l\u2019administration Trump d\u2019arr\u00eater les contr\u00f4les au faci\u00e8s \u00e0 Los Angeles"},"content":{"rendered":"<p>Nouveau revers par la justice pour l\u2019administration <a href=\"https:\/\/www.20minutes.fr\/dossier\/donald_trump\" target=\"_blank\" class=\"color-ultramarine c-link\" rel=\"noopener\">Trump<\/a>. Vendredi, une juge f\u00e9d\u00e9rale a ordonn\u00e9 que des mesures soient prises pour \u00e9viter les contr\u00f4les au faci\u00e8s \u00e0 <a href=\"https:\/\/www.20minutes.fr\/dossier\/los_angeles\" target=\"_blank\" class=\"color-ultramarine c-link\" rel=\"noopener\">Los Angeles<\/a> lors des arrestations muscl\u00e9es de <a href=\"https:\/\/www.20minutes.fr\/dossier\/migrants\" target=\"_blank\" class=\"color-ultramarine c-link\" rel=\"noopener\">migrants<\/a>. Celles-ci se multiplient depuis un mois autour de la m\u00e9gapole californienne.<\/p>\n<\/p>\n<p>La magistrate donne ainsi raison \u00e0 plusieurs migrants et deux citoyens am\u00e9ricains et aux associations qui les ont aid\u00e9s \u00e0 porter plainte d\u00e9but juillet. Ils estimaient avoir \u00e9t\u00e9 victimes de contr\u00f4les au faci\u00e8s et d\u00e9non\u00e7aient \u00e9galement des obstructions pour avoir acc\u00e8s \u00e0 un avocat en d\u00e9tention. \u00ab\u00a0Ce que le gouvernement f\u00e9d\u00e9ral voudrait faire croire \u00e0 cette cour \u2013 malgr\u00e9 la montagne de preuves pr\u00e9sent\u00e9es dans cette affaire \u2013, c\u2019est que rien de tout cela ne se produit r\u00e9ellement\u00a0\u00bb, a d\u00e9nonc\u00e9 la juge, Maame Ewusi-Mensah Frimpong.<\/p>\n<p>Mettre fin \u00e0 un \u00ab\u00a0programme de chaos\u00a0\u00bb<\/p>\n<p>Sa d\u00e9cision, qui s\u2019applique \u00e0 Los Angeles et dans six autres comt\u00e9s de <a href=\"https:\/\/www.20minutes.fr\/dossier\/californie\" target=\"_blank\" class=\"color-ultramarine c-link\" rel=\"noopener\">Californie<\/a>, interdit \u00e0 la police de l\u2019<a href=\"https:\/\/www.20minutes.fr\/dossier\/immigration\" target=\"_blank\" class=\"color-ultramarine c-link\" rel=\"noopener\">immigration<\/a> de proc\u00e9der \u00e0 des arrestations sans motif valable sur la base de quatre facteurs, seuls ou combin\u00e9s\u00a0: l\u2019origine ethnique, le fait de parler espagnol ou anglais avec un accent \u00e9tranger, le m\u00e9tier d\u2019un individu ou le fait qu\u2019il se trouve dans un lieu particulier \u2013 comme un arr\u00eat de bus, un lavage auto, une ferme ou un magasin de bricolage. <a href=\"https:\/\/www.20minutes.fr\/monde\/etats-unis\/4158216-20250612-emeutes-los-angeles-pourquoi-police-immigration-effectue-veritables-descentes-carwashs\" target=\"_blank\" class=\"color-ultramarine c-link\" rel=\"noopener\">L\u2019intensification des descentes de la police de l\u2019immigration dans ce genre de lieux<\/a>, dans des zones connues pour \u00eatre fr\u00e9quent\u00e9es par des Latino-Am\u00e9ricains, fait pol\u00e9mique depuis d\u00e9but juin \u00e0 Los Angeles.<\/p>\n<p>Le gouverneur d\u00e9mocrate de Californie, Gavin Newsom, a salu\u00e9 une d\u00e9cision qui \u00ab\u00a0met un terme temporaire aux violations des droits des personnes et au profilage racial par les fonctionnaires f\u00e9d\u00e9raux de l\u2019immigration\u00a0\u00bb. \u00ab\u00a0Le programme de Stephen Miller [l\u2019architecte de la politique antimigrants de Donald Trump] en mati\u00e8re d&rsquo;immigration est un programme de chaos, de cruaut\u00e9 et de peur. [\u2026] Cela doit cesser maintenant\u00a0\u00bb, a ajout\u00e9 le gouverneur dans son communiqu\u00e9.<\/p>\n<p>Un appel probable<\/p>\n<p>L\u2019administration Trump n\u2019a pas encore annonc\u00e9 ses intentions, mais un appel de cette d\u00e9cision semble hautement probable. Quelques heures avant cette d\u00e9cision, le responsable de la politique d\u2019<a href=\"https:\/\/www.20minutes.fr\/dossier\/expulsion\" target=\"_blank\" class=\"color-ultramarine c-link\" rel=\"noopener\">expulsions<\/a> massives ordonn\u00e9e par Donald Trump, Tom Homan, a d\u00e9fendu l\u2019usage de l\u2019apparence physique comme crit\u00e8re pouvant motiver une arrestation.<\/p>\n<p>Les agents f\u00e9d\u00e9raux \u00ab\u00a0n\u2019ont pas besoin d\u2019un motif valable pour aborder quelqu\u2019un, le placer bri\u00e8vement en d\u00e9tention et l\u2019interroger. Ils ont juste besoin d\u2019un faisceau de circonstances\u00a0\u00bb, a-t-il fait valoir sur Fox News. Ces \u00e9l\u00e9ments peuvent \u00eatre \u00ab\u00a0bas\u00e9s sur l\u2019endroit\u00a0\u00bb de l\u2019interpellation, \u00ab\u00a0le m\u00e9tier\u00a0\u00bb de la personne, \u00ab\u00a0son apparence physique, ses actions\u00a0\u00bb, a-t-il ajout\u00e9, en donnant l\u2019exemple d\u2019une personne qui se mettrait \u00e0 courir \u00e0 la vue d\u2019agents en uniforme \u00e0 la sortie d\u2019un magasin de bricolage.<\/p>\n<p>Op\u00e9rations antimigrants quotidiennes<\/p>\n<p>Le climat continue d\u2019\u00eatre tendu autour de Los Angeles, m\u00e9gapole d\u00e9mocrate \u00e9rig\u00e9e en contre-exemple par l\u2019administration Trump. Des milliers de soldats de la Garde nationale sont toujours d\u00e9ploy\u00e9s, les op\u00e9rations antimigrants y sont quotidiennes et le gouvernement conteste en justice son statut de \u00ab\u00a0ville sanctuaire\u00a0\u00bb, qui limite la coop\u00e9ration des forces de l\u2019ordre locales avec la police de l\u2019immigration.<\/p>\n<p><a href=\"https:\/\/www.20minutes.fr\/monde\/etats-unis\/\" target=\"_blank\" class=\"c-link c-btn c-btn--primary\" rel=\"noopener\">Notre dossier sur les Etats-Unis<\/a><\/p>\n<p>Vendredi, un ouvrier agricole est d\u00e9c\u00e9d\u00e9 des suites de ses blessures apr\u00e8s des affrontements lors d\u2019une op\u00e9ration antimigrants la veille, dans une ferme de cannabis l\u00e9gale de cannabis du comt\u00e9 voisin de Ventura.<\/p>\n","protected":false},"excerpt":{"rendered":"Nouveau revers par la justice pour l\u2019administration Trump. Vendredi, une juge f\u00e9d\u00e9rale a ordonn\u00e9 que des mesures soient&hellip;\n","protected":false},"author":2,"featured_media":244805,"comment_status":"","ping_status":"","sticky":false,"template":"","format":"standard","meta":{"footnotes":""},"categories":[1589],"tags":[47,11,2139,75,73,1866,1061,303,6116,1251,74,12,1072,1864,1865,1863,308],"class_list":{"0":"post-244804","1":"post","2":"type-post","3":"status-publish","4":"format-standard","5":"has-post-thumbnail","7":"category-etats-unis","8":"tag-actualite","9":"tag-actualites","10":"tag-californie","11":"tag-donald-trump","12":"tag-etats-unis","13":"tag-etats-unis-damerique","14":"tag-immigration","15":"tag-justice","16":"tag-los-angeles","17":"tag-migrants","18":"tag-monde","19":"tag-news","20":"tag-police","21":"tag-united-states","22":"tag-united-states-of-america","23":"tag-us","24":"tag-usa"},"share_on_mastodon":{"url":"https:\/\/pubeurope.com\/@fr\/114840026806507448","error":""},"_links":{"self":[{"href":"https:\/\/www.europesays.com\/fr\/wp-json\/wp\/v2\/posts\/244804","targetHints":{"allow":["GET"]}}],"collection":[{"href":"https:\/\/www.europesays.com\/fr\/wp-json\/wp\/v2\/posts"}],"about":[{"href":"https:\/\/www.europesays.com\/fr\/wp-json\/wp\/v2\/types\/post"}],"author":[{"embeddable":true,"href":"https:\/\/www.europesays.com\/fr\/wp-json\/wp\/v2\/users\/2"}],"replies":[{"embeddable":true,"href":"https:\/\/www.europesays.com\/fr\/wp-json\/wp\/v2\/comments?post=244804"}],"version-history":[{"count":0,"href":"https:\/\/www.europesays.com\/fr\/wp-json\/wp\/v2\/posts\/244804\/revisions"}],"wp:featuredmedia":[{"embeddable":true,"href":"https:\/\/www.europesays.com\/fr\/wp-json\/wp\/v2\/media\/244805"}],"wp:attachment":[{"href":"https:\/\/www.europesays.com\/fr\/wp-json\/wp\/v2\/media?parent=244804"}],"wp:term":[{"taxonomy":"category","embeddable":true,"href":"https:\/\/www.europesays.com\/fr\/wp-json\/wp\/v2\/categories?post=244804"},{"taxonomy":"post_tag","embeddable":true,"href":"https:\/\/www.europesays.com\/fr\/wp-json\/wp\/v2\/tags?post=244804"}],"curies":[{"name":"wp","href":"https:\/\/api.w.org\/{rel}","templated":true}]}}