{"id":244808,"date":"2025-07-12T11:29:10","date_gmt":"2025-07-12T11:29:10","guid":{"rendered":"https:\/\/www.europesays.com\/fr\/244808\/"},"modified":"2025-07-12T11:29:10","modified_gmt":"2025-07-12T11:29:10","slug":"en-allemagne-il-faut-en-finir-avec-le-nationalisme-climatique","status":"publish","type":"post","link":"https:\/\/www.europesays.com\/fr\/244808\/","title":{"rendered":"\u00abEn Allemagne, il faut en finir avec le nationalisme climatique !\u00bb"},"content":{"rendered":"<p><strong>VU D\u2019AILLEURS\u00a0&#8211; <\/strong>Selon Franz Josef Radermacher, expert en \u00e9nergie et conseiller gouvernemental, le pays serait une \u00abprison climatique\u00bb qui gaspille des sommes colossales et n\u00e9glige les solutions efficaces, au profit d\u2019int\u00e9r\u00eats personnels.<\/p>\n<p class=\"fig-paragraph\">Par Axel Bojanowski (Die Welt)<\/p>\n<p class=\"fig-paragraph\"><a href=\"http:\/\/www.lefigaro.fr\/international\/allemagne-en-rhenanie-palatinat-les-membres-de-l-afd-ne-pourront-plus-etre-fonctionnaires-20250711\" data-fig-type=\"Article\" data-gtm-custom-categorie=\"navigation\" data-gtm-custom-action=\"crossclick\" data-gtm-custom-label=\"Contextuel\" data-gtm-event=\"customEventSPE\" data-fig-domain=\"LEFIGARO\" target=\"_blank\" rel=\"noopener\">L\u2019Allemagne\u00a0<\/a>entend jouer un r\u00f4le de pionni\u00e8re en mati\u00e8re de protection du climat, quel qu\u2019en soit le prix. Mais que se passera-t-il si les milliards investis dans les \u00e9oliennes, les pompes \u00e0 chaleur et les r\u00e9glementations produisent peu, voire aucun effet sur le climat mondial\u00a0? Math\u00e9maticien, \u00e9conomiste et membre du\u00a0<a href=\"https:\/\/www.lefigaro.fr\/sports\/football\/etranger\/italie\/actualites\/serie-a-la-37e-journee-en-direct-1009048\" data-fig-type=\"Article\" data-gtm-custom-categorie=\"navigation\" data-gtm-custom-action=\"crossclick\" data-gtm-custom-label=\"Contextuel\" data-gtm-event=\"customEventSPE\" data-fig-domain=\"LEFIGARO\" target=\"_blank\" rel=\"noopener\">Club de Rome<\/a>, Franz Josef Radermacher a occup\u00e9 plusieurs postes de direction dans le milieu universitaire et a conseill\u00e9 le gouvernement f\u00e9d\u00e9ral allemand sur les questions scientifiques.<\/p>\n<p class=\"fig-paragraph\"><strong>Monsieur Radermacher, vous affirmez que l\u2019Allemagne est enferm\u00e9e dans une \u00ab prison climatique\u00a0\u00bb. Que voulez-vous dire par l\u00e0\u00a0?<\/strong><\/p>\n<p class=\"fig-paragraph\"><strong>Franz Josef Radermacher.- <\/strong>Chaque citoyen et chaque entreprise de ce pays est contraint par la r\u00e9glementation de d\u00e9penser beaucoup d\u2019argent pour la protection du climat, mais d\u2019une mani\u00e8re qui ne contribue que tr\u00e8s peu \u00e0 r\u00e9soudre le probl\u00e8me du r\u00e9chauffement, tout en \u00e9tant extr\u00eamement co\u00fbteuse. Les alternatives \u00e9videntes sont\u2026<\/p>\n<p class=\"fig-premium-paywall__infos\">\n        Cet article est r\u00e9serv\u00e9 aux abonn\u00e9s.        Il vous reste 90% \u00e0 d\u00e9couvrir.\n    <\/p>\n<p>                <img  data- alt=\"Le Figaro\" class=\"fig-img--complete fig-img\"\/><\/p>\n<p class=\"fig-premium-paywall__title\">Vous avez envie de lire la suite ?<\/p>\n<p class=\"fig-premium-paywall__subtitle\">D\u00e9bloquez tous les articles imm\u00e9diatement.<\/p>\n<p class=\"fig-premium-paywall__connect\">\n                D\u00e9j\u00e0 abonn\u00e9\u00a0?                <a class=\"fig-premium-paywall__connect-link\" href=\"https:\/\/connect.lefigaro.fr\/login?client=horizon_web&amp;type=main&amp;redirect_uri=https%3A%2F%2Fwww.lefigaro.fr%2Finternational%2Fallemagne-il-faut-en-finir-avec-le-nationalisme-climatique-20250712\" data-js-gtm=\"{&quot;customCategorie&quot;: &quot;conversion&quot;, &quot;customAction&quot;: &quot;before_Landing_Connexion_paywall_auto&quot;, &quot;customLabel&quot;: &quot;bGVmaWdhcm8uZnJfXzFmMDVlNzg1LWY2NGUtNjcxOC1hMWQyLWQ5NDc4YmI1ODMzY19fQXJ0aWNsZQ==_\u00abEn Allemagne, il faut en finir avec le nationalisme climatique\u00a0!\u00bb_324&quot;, &quot;customIDSPE&quot;: &quot;bGVmaWdhcm8uZnJfXzFmMDVlNzg1LWY2NGUtNjcxOC1hMWQyLWQ5NDc4YmI1ODMzY19fQXJ0aWNsZQ==&quot;, &quot;event&quot;: &quot;customEventSPE&quot;}\" target=\"_blank\" rel=\"noopener\"><br \/>\n                    Connectez-vous<br \/>\n                <\/a>\n            <\/p>\n","protected":false},"excerpt":{"rendered":"VU D\u2019AILLEURS\u00a0&#8211; Selon Franz Josef Radermacher, expert en \u00e9nergie et conseiller gouvernemental, le pays serait une \u00abprison climatique\u00bb&hellip;\n","protected":false},"author":2,"featured_media":244809,"comment_status":"","ping_status":"","sticky":false,"template":"","format":"standard","meta":{"footnotes":""},"categories":[1587],"tags":[11,672,1804,1129,1805,1803,893,1777,674,1801,27898,12,1802],"class_list":{"0":"post-244808","1":"post","2":"type-post","3":"status-publish","4":"format-standard","5":"has-post-thumbnail","7":"category-allemagne","8":"tag-actualites","9":"tag-allemagne","10":"tag-bundesrepublik-deutschland","11":"tag-climat","12":"tag-de","13":"tag-deutschland","14":"tag-energie","15":"tag-eu","16":"tag-europe","17":"tag-germany","18":"tag-nationalisme","19":"tag-news","20":"tag-republique-federale-dallemagne"},"share_on_mastodon":{"url":"https:\/\/pubeurope.com\/@fr\/114840034566629464","error":""},"_links":{"self":[{"href":"https:\/\/www.europesays.com\/fr\/wp-json\/wp\/v2\/posts\/244808","targetHints":{"allow":["GET"]}}],"collection":[{"href":"https:\/\/www.europesays.com\/fr\/wp-json\/wp\/v2\/posts"}],"about":[{"href":"https:\/\/www.europesays.com\/fr\/wp-json\/wp\/v2\/types\/post"}],"author":[{"embeddable":true,"href":"https:\/\/www.europesays.com\/fr\/wp-json\/wp\/v2\/users\/2"}],"replies":[{"embeddable":true,"href":"https:\/\/www.europesays.com\/fr\/wp-json\/wp\/v2\/comments?post=244808"}],"version-history":[{"count":0,"href":"https:\/\/www.europesays.com\/fr\/wp-json\/wp\/v2\/posts\/244808\/revisions"}],"wp:featuredmedia":[{"embeddable":true,"href":"https:\/\/www.europesays.com\/fr\/wp-json\/wp\/v2\/media\/244809"}],"wp:attachment":[{"href":"https:\/\/www.europesays.com\/fr\/wp-json\/wp\/v2\/media?parent=244808"}],"wp:term":[{"taxonomy":"category","embeddable":true,"href":"https:\/\/www.europesays.com\/fr\/wp-json\/wp\/v2\/categories?post=244808"},{"taxonomy":"post_tag","embeddable":true,"href":"https:\/\/www.europesays.com\/fr\/wp-json\/wp\/v2\/tags?post=244808"}],"curies":[{"name":"wp","href":"https:\/\/api.w.org\/{rel}","templated":true}]}}