{"id":244816,"date":"2025-07-12T11:33:10","date_gmt":"2025-07-12T11:33:10","guid":{"rendered":"https:\/\/www.europesays.com\/fr\/244816\/"},"modified":"2025-07-12T11:33:10","modified_gmt":"2025-07-12T11:33:10","slug":"etat-de-nouvelle-caledonie-nouvelle-nationalite-economie-ce-que-contient-le-projet-daccord-signe-a-bougival-liberation","status":"publish","type":"post","link":"https:\/\/www.europesays.com\/fr\/244816\/","title":{"rendered":"\u00abEtat de Nouvelle-Cal\u00e9donie\u00bb, nouvelle nationalit\u00e9, \u00e9conomie\u2026 Ce que contient le projet d\u2019accord sign\u00e9 \u00e0 Bougival \u2013 Lib\u00e9ration"},"content":{"rendered":"<p class=\"sc-ksZaOG ehjQrN text-element\">Voil\u00e0 un autre genre de conclave, dont l\u2019issue s\u2019est cette fois r\u00e9v\u00e9l\u00e9e favorable. <a href=\"https:\/\/www.liberation.fr\/politique\/nouvelle-caledonie-un-nouveau-sommet-a-paris-pour-mettre-les-chances-du-cote-dun-compromis-20250702_UZMWC56VZ5GQDJ4M2ZSXK67GUM\/\" target=\"_blank\" rel=\"nofollow noopener\" title=\"https:\/\/www.liberation.fr\/politique\/nouvelle-caledonie-un-nouveau-sommet-a-paris-pour-mettre-les-chances-du-cote-dun-compromis-20250702_UZMWC56VZ5GQDJ4M2ZSXK67GUM\/\">R\u00e9unis en p\u00e9riph\u00e9rie parisienne, dans la ville de Bougival (Yvelines), depuis le 2 juillet<\/a> \u00e0 l\u2019initiative d\u2019Emmanuel Macron, les responsables cal\u00e9doniens ont paraph\u00e9 ce samedi 12 juillet au petit matin une promesse de signer un accord qualifi\u00e9 d\u2019\u00abhistorique\u00bb, avec notamment un \u00abEtat de Nouvelle-Cal\u00e9donie\u00bb inscrit dans la Constitution.<\/p>\n<p class=\"sc-ksZaOG ehjQrN text-element\">Ce qui est encore un \u00abprojet d\u2019accord\u00bb doit ensuite \u00eatre ent\u00e9rin\u00e9 en Nouvelle-Cal\u00e9donie par les mandataires des diff\u00e9rentes d\u00e9l\u00e9gations. Il a \u00e9t\u00e9 valid\u00e9 par <a href=\"https:\/\/www.liberation.fr\/politique\/manuel-valls-aux-outre-mer-le-pari-du-paria-20250327_F3TEZOUUDFA6HPJTTRAATRHIF4\/?redirected=1\" target=\"_blank\" rel=\"noreferrer nofollow noopener\" title=\"https:\/\/www.liberation.fr\/politique\/manuel-valls-aux-outre-mer-le-pari-du-paria-20250327_F3TEZOUUDFA6HPJTTRAATRHIF4\/?redirected=1\">Manuel Valls, le ministre des Outre-mer<\/a>, et les 18 d\u00e9l\u00e9gu\u00e9s repr\u00e9sentant les forces politiques du Congr\u00e8s de Nouvelle-Cal\u00e9donie.<\/p>\n<p class=\"sc-ksZaOG ehjQrN text-element\">Le document de 13 pages porte avant tout sur des questions institutionnelles, mais comporte aussi <a href=\"https:\/\/www.liberation.fr\/politique\/nouvelle-caledonie-executif-local-et-syndicats-se-divisent-aussi-sur-la-reforme-de-leconomie-20250702_3YQUP5O2QRFVBH7JF2NGGNXUHA\/\" target=\"_blank\" rel=\"noreferrer nofollow noopener\" title=\"https:\/\/www.liberation.fr\/politique\/nouvelle-caledonie-executif-local-et-syndicats-se-divisent-aussi-sur-la-reforme-de-leconomie-20250702_3YQUP5O2QRFVBH7JF2NGGNXUHA\/\">un volet \u00e9conomique<\/a>. Lib\u00e9 fait le point sur ce que contient ce texte, ainsi que les r\u00e9actions qu\u2019il suscite.<\/p>\n<p class=\"sc-ksZaOG ehjQrN text-element\">Le projet pr\u00e9voit plusieurs \u00e9tapes jusqu\u2019aux \u00e9lections provinciales, report\u00e9es \u00e0 mai juin 2026, dont l\u2019adoption \u00e0 l\u2019automne du projet de loi constitutionnelle par le parlement r\u00e9uni en Congr\u00e8s \u00e0 Versailles.<\/p>\n<p class=\"sc-ksZaOG ehjQrN text-element\">D\u00e8s f\u00e9vrier 2026, le projet sera soumis au vote des Cal\u00e9doniens. En mars ou avril, une loi organique sp\u00e9ciale doit \u00eatre adopt\u00e9e, et les \u00e9lections municipales se tiendront en Nouvelle-Cal\u00e9donie.<\/p>\n<p class=\"sc-ksZaOG ehjQrN text-element\">Le projet pr\u00e9voit, via une loi fondamentale, la naissance de la Nouvelle-Cal\u00e9donie en tant qu\u2019\u00c9tat \u00e0 part enti\u00e8re. Ce texte pourra modifier les signes identitaires du pays (nom, drapeau, hymne, devise), inclure un code de la citoyennet\u00e9, ainsi qu\u2019une charte des valeurs cal\u00e9doniennes m\u00ealant \u00abvaleurs r\u00e9publicaines\u00bb, \u00abvaleurs kanak\u00bb et \u00abvaleurs oc\u00e9aniennes\u00bb.<\/p>\n<p class=\"sc-ksZaOG ehjQrN text-element\">Cette Constitution cal\u00e9donienne sera adopt\u00e9e par le Congr\u00e8s cal\u00e9donien \u00e0 la majorit\u00e9 des trois cinqui\u00e8mes et devra faire l\u2019objet d\u2019un large travail de p\u00e9dagogie politique, selon la promesse d\u2019accord sign\u00e9e.<\/p>\n<p class=\"sc-ksZaOG ehjQrN text-element\">Cette loi fondamentale cr\u00e9e de fait une nationalit\u00e9 cal\u00e9donienne, qui viendra s\u2019ajouter \u00e0 la nationalit\u00e9 fran\u00e7aise. Elle pourra \u00eatre acquise par des Fran\u00e7ais qui remplissent certaines conditions, qui devront \u00eatre pr\u00e9cis\u00e9es dans la Constitution cal\u00e9donienne.<\/p>\n<p class=\"sc-ksZaOG ehjQrN text-element\">Mais il y aura donc bien une double nationalit\u00e9, fran\u00e7aise et cal\u00e9donienne, d\u00e9pendantes l\u2019une de l\u2019autre : le renoncement \u00e0 la nationalit\u00e9 fran\u00e7aise entra\u00eenerait le renoncement \u00e0 la nationalit\u00e9 cal\u00e9donienne.<\/p>\n<p class=\"sc-ksZaOG ehjQrN text-element\">La r\u00e9partition des comp\u00e9tences entre l\u2019\u00c9tat et les institutions locales reste pour l\u2019instant inchang\u00e9e, mais le texte pr\u00e9voit une possibilit\u00e9 de les transf\u00e9rer progressivement, par r\u00e9solution du Congr\u00e8s \u00e0 la majorit\u00e9 des trois cinqui\u00e8mes. Cela pourra concerner des domaines comme la diplomatie, la s\u00e9curit\u00e9, la justice ou la monnaie.<\/p>\n<p class=\"sc-ksZaOG ehjQrN text-element\">La Nouvelle-Cal\u00e9donie exercera une comp\u00e9tence pleine sur les relations internationales mais pas en mati\u00e8re de d\u00e9fense et de s\u00e9curit\u00e9. Elle sera \u00e9galement \u00e9troitement associ\u00e9e \u00e0 l\u2019exercice des fonctions r\u00e9galiennes, avec un plan de formation pour former l\u2019encadrement administratif, judiciaire et s\u00e9curitaire. Le nouvel \u00c9tat conduira ses actions diplomatiques \u00abdans le respect de ses engagements internationaux et des int\u00e9r\u00eats de la France\u00bb, pr\u00e9cise le texte.<\/p>\n<p class=\"sc-ksZaOG ehjQrN text-element\">Le Congr\u00e8s cal\u00e9donien comptera d\u00e9sormais 56 membres, avec la possibilit\u00e9 de modifier le mode de scrutin, le nombre de circonscriptions, et la r\u00e9partition entre les assembl\u00e9es de province. Une loi organique sp\u00e9ciale garantira le maintien d\u2019un m\u00e9canisme de solidarit\u00e9 entre les institutions du Nord, du Sud et des \u00eeles Loyaut\u00e9, les trois provinces de l\u2019archipel.<\/p>\n<p class=\"sc-ksZaOG ehjQrN text-element\">Alors que l\u2019archipel est en proie \u00e0 <a href=\"https:\/\/www.liberation.fr\/economie\/on-est-en-en-voie-decroulement-en-nouvelle-caledonie-la-menace-dune-crise-economique-et-sociale-se-rapproche-20240823_DNRGMBLTQJA6FKRHPUI3MX3JOI\/\" target=\"_blank\" rel=\"noreferrer nofollow noopener\" title=\"https:\/\/www.liberation.fr\/economie\/on-est-en-en-voie-decroulement-en-nouvelle-caledonie-la-menace-dune-crise-economique-et-sociale-se-rapproche-20240823_DNRGMBLTQJA6FKRHPUI3MX3JOI\/\">une profonde crise \u00e9conomique<\/a>, des objectifs seront fix\u00e9s tant pour l\u2019assainissement des finances publiques que pour une relance \u00e9conomique. Est aussi inscrit un plan d\u00e9di\u00e9 <a href=\"https:\/\/www.liberation.fr\/economie\/nouvelle-caledonie-le-nickel-au-coeur-de-la-crise-20240518_OR4XDRA4IRBPZDWDAWZ3N7JXT4\/\" target=\"_blank\" rel=\"noreferrer nofollow noopener\" title=\"https:\/\/www.liberation.fr\/economie\/nouvelle-caledonie-le-nickel-au-coeur-de-la-crise-20240518_OR4XDRA4IRBPZDWDAWZ3N7JXT4\/\">au nickel, une ressource particuli\u00e8rement strat\u00e9gique<\/a> pour la Nouvelle-Cal\u00e9donie. Ce programme pr\u00e9voit de faciliter l\u2019export de minerai dans le cadre d\u2019une \u00abdoctrine renouvel\u00e9e\u00bb, avec le projet que le nickel cal\u00e9donien reste prioritairement transform\u00e9 localement ou dans des usines cal\u00e9doniennes offshore. Le texte mentionne aussi un accompagnement technique et financier de l\u2019Etat.<\/p>\n<p class=\"sc-ksZaOG ehjQrN text-element\">Du c\u00f4t\u00e9 des non-ind\u00e9pendantistes, l\u2019heure est \u00e0 l\u2019enthousiasme. \u00abCet accord permet \u00e0 l\u2019espoir de rena\u00eetre\u00bb, a estim\u00e9 Philippe Gomes, chef de file du parti Cal\u00e9donie ensemble. Dans un communiqu\u00e9, les Loyalistes et le Rassemblement se f\u00e9licitent d\u2019un texte qui permet \u00abd\u2019instaurer une nouvelle \u00e8re de stabilit\u00e9\u00bb.<\/p>\n<p class=\"sc-ksZaOG ehjQrN text-element\">Au gouvernement, le Premier ministre Fran\u00e7ois Bayrou a exprim\u00e9 sa \u00abfiert\u00e9 d\u2019un accord \u00e0 hauteur d\u2019Histoire\u00bb trouv\u00e9 par les forces politiques cal\u00e9doniennes. \u00abHonneur aux courageux n\u00e9gociateurs, merci \u00e0 M. Valls\u00bb, a-t-il aussi \u00e9crit sur X. Lequel a salu\u00e9 \u00able choix du courage et de la responsabilit\u00e9\u00bb fait par les signataires.<\/p>\n<p class=\"sc-ksZaOG ehjQrN text-element\">Le ministre des Outre-mer a salu\u00e9 \u00abun engagement majeur, fruit d\u2019un long travail de n\u00e9gociations au cours duquel les partenaires cal\u00e9doniens ont fait le choix du courage et de la responsabilit\u00e9\u00bb.<\/p>\n<p class=\"sc-ksZaOG ehjQrN text-element\">Pour sa part, le leader insoumis Jean-Luc M\u00e9lenchon a estim\u00e9 qu\u2019il \u00absera essentiel d\u2019analyser les cons\u00e9quences sur le statut constitutionnel de la France et de ses principes profond\u00e9ment boulevers\u00e9s par ces dispositions\u00bb.<\/p>\n<p class=\"sc-ksZaOG ehjQrN text-element\"><b>Mise \u00e0 jour : <\/b>\u00e0 12 h 35, avec l\u2019ajout du contenu du projet d\u2019accord et de la r\u00e9action de Jean-Luc M\u00e9lenchon.<\/p>\n","protected":false},"excerpt":{"rendered":"Voil\u00e0 un autre genre de conclave, dont l\u2019issue s\u2019est cette fois r\u00e9v\u00e9l\u00e9e favorable. R\u00e9unis en p\u00e9riph\u00e9rie parisienne, dans&hellip;\n","protected":false},"author":2,"featured_media":244817,"comment_status":"","ping_status":"","sticky":false,"template":"","format":"standard","meta":{"footnotes":""},"categories":[2],"tags":[11,1011,27,12,23874,25],"class_list":{"0":"post-244816","1":"post","2":"type-post","3":"status-publish","4":"format-standard","5":"has-post-thumbnail","7":"category-actualites","8":"tag-actualites","9":"tag-fr","10":"tag-france","11":"tag-news","12":"tag-nouvelle-caledonie","13":"tag-republique-francaise"},"share_on_mastodon":{"url":"https:\/\/pubeurope.com\/@fr\/114840050287055652","error":""},"_links":{"self":[{"href":"https:\/\/www.europesays.com\/fr\/wp-json\/wp\/v2\/posts\/244816","targetHints":{"allow":["GET"]}}],"collection":[{"href":"https:\/\/www.europesays.com\/fr\/wp-json\/wp\/v2\/posts"}],"about":[{"href":"https:\/\/www.europesays.com\/fr\/wp-json\/wp\/v2\/types\/post"}],"author":[{"embeddable":true,"href":"https:\/\/www.europesays.com\/fr\/wp-json\/wp\/v2\/users\/2"}],"replies":[{"embeddable":true,"href":"https:\/\/www.europesays.com\/fr\/wp-json\/wp\/v2\/comments?post=244816"}],"version-history":[{"count":0,"href":"https:\/\/www.europesays.com\/fr\/wp-json\/wp\/v2\/posts\/244816\/revisions"}],"wp:featuredmedia":[{"embeddable":true,"href":"https:\/\/www.europesays.com\/fr\/wp-json\/wp\/v2\/media\/244817"}],"wp:attachment":[{"href":"https:\/\/www.europesays.com\/fr\/wp-json\/wp\/v2\/media?parent=244816"}],"wp:term":[{"taxonomy":"category","embeddable":true,"href":"https:\/\/www.europesays.com\/fr\/wp-json\/wp\/v2\/categories?post=244816"},{"taxonomy":"post_tag","embeddable":true,"href":"https:\/\/www.europesays.com\/fr\/wp-json\/wp\/v2\/tags?post=244816"}],"curies":[{"name":"wp","href":"https:\/\/api.w.org\/{rel}","templated":true}]}}