{"id":244820,"date":"2025-07-12T11:35:10","date_gmt":"2025-07-12T11:35:10","guid":{"rendered":"https:\/\/www.europesays.com\/fr\/244820\/"},"modified":"2025-07-12T11:35:10","modified_gmt":"2025-07-12T11:35:10","slug":"golf-a-fleurance-les-jeunes-brillent-en-scramble-en-9-trous","status":"publish","type":"post","link":"https:\/\/www.europesays.com\/fr\/244820\/","title":{"rendered":"Golf \u00e0 Fleurance : les jeunes brillent en scramble en 9 trous"},"content":{"rendered":"<p>Dimanche dernier, les joueurs ont appr\u00e9ci\u00e9 les temp\u00e9ratures cl\u00e9mentes pour la comp\u00e9tition Optic 2000 en scramble 9 trous. Pour le d\u00e9part, chaque joueur a re\u00e7u des balles, des tees et rel\u00e8ve pitch. La formule \u00ab\u00a0shot gun\u00a0\u00bb a permis de terminer de bonne heure pour que les participants puissent se retrouver vers midi pour la remise des prix. Fabrice Masson, d\u2019Optic 2000 \u00e0 Fleurance, avait pr\u00e9vu des r\u00e9compenses pour les meilleurs. En brut, c\u2019est la paire de deux jeunes de l\u2019\u00e9cole de golf, Jade et Di\u00e9go, qui l\u2019emporte avec \u2013 2, suivie de Dirk Smit et Thierry Fayet, puis St\u00e9phane Beaudonnet et R\u00e9mo Mattiuzzo. En net, 1re place pour Dirk et Thierry, suivi de Diego et Jade, puis Guy Foursin et Bernard Laffargue.<\/p>\n","protected":false},"excerpt":{"rendered":"Dimanche dernier, les joueurs ont appr\u00e9ci\u00e9 les temp\u00e9ratures cl\u00e9mentes pour la comp\u00e9tition Optic 2000 en scramble 9 trous.&hellip;\n","protected":false},"author":2,"featured_media":244821,"comment_status":"","ping_status":"","sticky":false,"template":"","format":"standard","meta":{"footnotes":""},"categories":[1418],"tags":[1011,27,1472,60],"class_list":{"0":"post-244820","1":"post","2":"type-post","3":"status-publish","4":"format-standard","5":"has-post-thumbnail","7":"category-golf","8":"tag-fr","9":"tag-france","10":"tag-golf","11":"tag-sports"},"share_on_mastodon":{"url":"https:\/\/pubeurope.com\/@fr\/114840058101899206","error":""},"_links":{"self":[{"href":"https:\/\/www.europesays.com\/fr\/wp-json\/wp\/v2\/posts\/244820","targetHints":{"allow":["GET"]}}],"collection":[{"href":"https:\/\/www.europesays.com\/fr\/wp-json\/wp\/v2\/posts"}],"about":[{"href":"https:\/\/www.europesays.com\/fr\/wp-json\/wp\/v2\/types\/post"}],"author":[{"embeddable":true,"href":"https:\/\/www.europesays.com\/fr\/wp-json\/wp\/v2\/users\/2"}],"replies":[{"embeddable":true,"href":"https:\/\/www.europesays.com\/fr\/wp-json\/wp\/v2\/comments?post=244820"}],"version-history":[{"count":0,"href":"https:\/\/www.europesays.com\/fr\/wp-json\/wp\/v2\/posts\/244820\/revisions"}],"wp:featuredmedia":[{"embeddable":true,"href":"https:\/\/www.europesays.com\/fr\/wp-json\/wp\/v2\/media\/244821"}],"wp:attachment":[{"href":"https:\/\/www.europesays.com\/fr\/wp-json\/wp\/v2\/media?parent=244820"}],"wp:term":[{"taxonomy":"category","embeddable":true,"href":"https:\/\/www.europesays.com\/fr\/wp-json\/wp\/v2\/categories?post=244820"},{"taxonomy":"post_tag","embeddable":true,"href":"https:\/\/www.europesays.com\/fr\/wp-json\/wp\/v2\/tags?post=244820"}],"curies":[{"name":"wp","href":"https:\/\/api.w.org\/{rel}","templated":true}]}}