{"id":244822,"date":"2025-07-12T11:37:10","date_gmt":"2025-07-12T11:37:10","guid":{"rendered":"https:\/\/www.europesays.com\/fr\/244822\/"},"modified":"2025-07-12T11:37:10","modified_gmt":"2025-07-12T11:37:10","slug":"un-toulousain-a-vecu-un-veritable-calvaire-contre-les-all-blacks","status":"publish","type":"post","link":"https:\/\/www.europesays.com\/fr\/244822\/","title":{"rendered":"Un Toulousain a v\u00e9cu un v\u00e9ritable calvaire contre les All-Blacks"},"content":{"rendered":"<p>Ce samedi, le XV de France a pris une grosse claque sur la pelouse des All-Blacks, \u00e0 l\u2019occasion du deuxi\u00e8me test-match de la Tourn\u00e9e estivale (43-17).<\/p>\n<p><a href=\"https:\/\/www.rugbyrama.fr\/2025\/07\/12\/nouvelle-zelande-france-les-notes-des-bleus-un-naufrage-pour-le-pack-pierre-louis-barassi-et-nicolas-depoortere-ont-ecope-12822048.php\" rel=\"nofollow noopener\" target=\"_blank\">Midi Olympique<\/a> d\u00e9voile les notes des joueurs fran\u00e7ais suite \u00e0 cette rencontre.<\/p>\n<p>Et un joueur a \u00e9cop\u00e9 d\u2019une note catastrophique, \u00e0 savoir le futur pilier droit du Stade-Toulousain : Georges-Henri Colombe.<\/p>\n<p>L\u2019ex-Rochelais qui s\u2019appr\u00eate \u00e0 int\u00e9grer le Stade-Toulousain a v\u00e9cu un v\u00e9ritable cauchemar contre les All-Blacks, ce samedi.<\/p>\n<p>Il a \u00e9cop\u00e9 de la note de 1,5\/10.<\/p>\n<p><strong>Voici ce qui est dit sur Georges-Henri Colombe :\u00a0<\/strong><\/p>\n<p>\u00ab Depuis la fin du Tournoi, le Rochelais n\u2019avait jou\u00e9 qu\u2019un seul match, d\u00e9but mars. Une circonstance \u00e9videmment att\u00e9nuante au sujet de son manque de rythme, mais qui n\u2019excuse pas tout. <\/p>\n<p>Auteur de l\u2019en-avant qui a annihil\u00e9 le temps fort bleu de la 4e, il a surtout connu \u00e9norm\u00e9ment de d\u00e9chet dans son d\u00e9placement en d\u00e9fense, notamment en touche o\u00f9 sa zone a \u00e9t\u00e9 ostensiblement vis\u00e9e par les Blacks. P\u00e9nalis\u00e9 en outre pour une mauvaise lib\u00e9ration \u00e0 la 27e, il a vu son calvaire se terminer d\u00e8s la mi-temps, remplac\u00e9 par un R\u00e9gis Montagne \u00e9tonnant. \u00bb<\/p>\n<p><strong>Le journal <a href=\"https:\/\/www.lequipe.fr\/Rugby\/Article\/Les-notes-de-nouvelle-zelande-france-bochaton-courageux-colombe-depasse\/1577496\" rel=\"nofollow noopener\" target=\"_blank\">L\u2019\u00e9quipe<\/a> attribue une note de 2\/10 au Toulousain :\u00a0<\/strong><\/p>\n<p>\u00ab Au frigo au Stade Rochelais, le futur pilier toulousain n\u2019avait plus jou\u00e9 depuis le 1er mars. Comme pr\u00e9vu, il a v\u00e9cu un match compliqu\u00e9. Il a commis un en-avant au contact sur son premier ballon avant d\u2019\u00eatre p\u00e9nalis\u00e9 au sol sur un grattage de Lio-Willie. En manque d\u2019oxyg\u00e8ne, il marche et ne plaque pas Savea sur le 4e essai n\u00e9o-z\u00e9landais (sur 8 plaquages au total, il en rate 2). Sur les ballons port\u00e9s, il a \u00e9t\u00e9 emport\u00e9 par le pack All Blacks. Remplac\u00e9 par Montagne (41e). \u00bb<\/p>\n","protected":false},"excerpt":{"rendered":"Ce samedi, le XV de France a pris une grosse claque sur la pelouse des All-Blacks, \u00e0 l\u2019occasion&hellip;\n","protected":false},"author":2,"featured_media":213600,"comment_status":"","ping_status":"","sticky":false,"template":"","format":"standard","meta":{"footnotes":""},"categories":[1416],"tags":[1011,27,479,1468,60],"class_list":{"0":"post-244822","1":"post","2":"type-post","3":"status-publish","4":"format-standard","5":"has-post-thumbnail","7":"category-rugby","8":"tag-fr","9":"tag-france","10":"tag-rugby","11":"tag-rugby-football","12":"tag-sports"},"share_on_mastodon":{"url":"https:\/\/pubeurope.com\/@fr\/114840066007958604","error":""},"_links":{"self":[{"href":"https:\/\/www.europesays.com\/fr\/wp-json\/wp\/v2\/posts\/244822","targetHints":{"allow":["GET"]}}],"collection":[{"href":"https:\/\/www.europesays.com\/fr\/wp-json\/wp\/v2\/posts"}],"about":[{"href":"https:\/\/www.europesays.com\/fr\/wp-json\/wp\/v2\/types\/post"}],"author":[{"embeddable":true,"href":"https:\/\/www.europesays.com\/fr\/wp-json\/wp\/v2\/users\/2"}],"replies":[{"embeddable":true,"href":"https:\/\/www.europesays.com\/fr\/wp-json\/wp\/v2\/comments?post=244822"}],"version-history":[{"count":0,"href":"https:\/\/www.europesays.com\/fr\/wp-json\/wp\/v2\/posts\/244822\/revisions"}],"wp:featuredmedia":[{"embeddable":true,"href":"https:\/\/www.europesays.com\/fr\/wp-json\/wp\/v2\/media\/213600"}],"wp:attachment":[{"href":"https:\/\/www.europesays.com\/fr\/wp-json\/wp\/v2\/media?parent=244822"}],"wp:term":[{"taxonomy":"category","embeddable":true,"href":"https:\/\/www.europesays.com\/fr\/wp-json\/wp\/v2\/categories?post=244822"},{"taxonomy":"post_tag","embeddable":true,"href":"https:\/\/www.europesays.com\/fr\/wp-json\/wp\/v2\/tags?post=244822"}],"curies":[{"name":"wp","href":"https:\/\/api.w.org\/{rel}","templated":true}]}}