{"id":244827,"date":"2025-07-12T11:41:20","date_gmt":"2025-07-12T11:41:20","guid":{"rendered":"https:\/\/www.europesays.com\/fr\/244827\/"},"modified":"2025-07-12T11:41:20","modified_gmt":"2025-07-12T11:41:20","slug":"zarco-a-cru-a-la-pole-dans-le-jardin-de-marc-marquez","status":"publish","type":"post","link":"https:\/\/www.europesays.com\/fr\/244827\/","title":{"rendered":"Zarco a \u00ab\u00a0cru \u00e0 la pole\u00a0\u00bb dans le jardin de Marc M\u00e1rquez"},"content":{"rendered":"<p>Quand <a href=\"https:\/\/fr.motorsport.com\/driver\/marc-marquez\/92646\/\" target=\"_blank\" rel=\"noopener\">Marc M\u00e1rquez<\/a> a accentu\u00e9 son avance \u00e0 plus d&rsquo;une seconde et demie sur l&rsquo;ensemble de ses adversaires en Q2, dans un moment o\u00f9 les conditions semblaient de pire en pire, peu \u00e9taient les gens qui voyaient le pilote Ducati devoir batailler pour aller chercher la 73e pole position de sa carri\u00e8re en MotoGP. Pourtant, sur la lanc\u00e9e d&rsquo;une Q1 o\u00f9 il avait d\u00e9j\u00e0 fait le coup, <a href=\"https:\/\/fr.motorsport.com\/driver\/johann-zarco\/96107\/\" target=\"_blank\" rel=\"noopener\">Johann Zarco<\/a> est patiemment mont\u00e9 en puissance sur un pneu arri\u00e8re medium, jusqu&rsquo;\u00e0 obliger\u00a0M\u00e1rquez \u00e0 une ultime am\u00e9lioration pour se mettre \u00e0 l&rsquo;abri.<\/p>\n<p>Lire aussi :<\/p>\n<p>Finalement, Zarco a \u00e9chou\u00e9 \u00e0 0&Prime;151 de la pole mais se r\u00e9jouit bien entendu d&rsquo;avoir hiss\u00e9 sa Honda en premi\u00e8re ligne apr\u00e8s un vendredi un peu en retrait et dans des conditions qu&rsquo;il savait propices \u00e0 une telle performance\u00a0:\u00a0\u00ab\u00a0Tr\u00e8s content ! La premi\u00e8re ligne, c&rsquo;est \u00e9norme pour nous. Quand j&rsquo;ai vu la pluie ce matin, je me suis dit que \u00e7a rebattait les cartes et que j&rsquo;avais mes chances.\u00a0\u00bb<\/p>\n<p>La belle dynamique de Zarco a d\u00e9but\u00e9 d\u00e8s la Q1. D\u00e9j\u00e0, le Fran\u00e7ais avait fait un choix qui prenait le contrepied de la majorit\u00e9 de ses concurrents en s&rsquo;\u00e9quipant d&rsquo;un medium \u00e0 l&rsquo;arri\u00e8re, quand les autres privil\u00e9giaient surtout le tendre. \u00ab\u00a0Sur ce circuit o\u00f9, \u00e0 gauche, le pneu surchauffe, le pneu medium arri\u00e8re \u00e9tait tr\u00e8s bien\u00a0\u00bb, a-t-il expliqu\u00e9 au micro de Canal+ pour justifier sa d\u00e9cision.<\/p>\n<blockquote>\n<p>J&rsquo;ai cru \u00e0 la pole, je me suis dit &lsquo;\u00e7a peut le faire&rsquo;. Mais en comparaison de la Q1, il y avait trop d&rsquo;eau en fait.<\/p>\n<\/blockquote>\n<p>Facilement premier de la Q1, il a ensuite appliqu\u00e9 la m\u00eame tactique en Q2. Seul probl\u00e8me\u00a0: la pluie avait redoubl\u00e9 d&rsquo;intensit\u00e9 et l&rsquo;avantage de la monte medium n&rsquo;\u00e9tait plus aussi flagrant. Toutefois, Zarco n&rsquo;a pas voulu prendre le risque de changer de gomme et a pr\u00e9f\u00e9r\u00e9 encha\u00eener les tours pour monter en puissance\u00a0: \u00ab\u00a0Ce qui \u00e9tait d\u00e9licat, entre la Q1 et la Q2, c&rsquo;est qu&rsquo;il y a eu beaucoup plus de pluie sur la Q2 [&#8230;] [Le pneu medium] s&rsquo;est mis \u00e0 moins bien accrocher et le temps de rentrer, de changer de pneu, de reprendre un feeling&#8230; J&rsquo;ai dit &lsquo;je connais ce pneu et j&rsquo;essaie de lui mettre de la temp\u00e9rature&rsquo;. Parce que c&rsquo;est vrai que sur l&rsquo;angle, avec plus de pluie, \u00e7a accrochait moins.\u00a0\u00bb <\/p>\n<p>\u00ab\u00a0Du coup, on a vu que j&rsquo;ai mis du temps \u00e0 y arriver, mais quand j&rsquo;ai vu que les chronos s&rsquo;am\u00e9lioraient, je me suis dit que \u00e7a pouvait le faire. Au dernier tour, j&rsquo;ai encore mis un coup de collier en plus, mais bon, Marc c&rsquo;est le sp\u00e9cialiste du Sachsenring. J&rsquo;ai cru \u00e0 la pole, je me suis dit &lsquo;\u00e7a peut le faire&rsquo;. Mais en comparaison de la Q1, il y avait trop d&rsquo;eau en fait, et c&rsquo;est \u00e7a qui m&rsquo;a un peu limit\u00e9. Mais clairement, la premi\u00e8re ligne c&rsquo;est cool.\u00a0\u00bb<\/p>\n<p>M\u00e1rquez pensait avoir fait le plus dur<br \/>\n   <img decoding=\"async\" draggable=\"false\" src=\"https:\/\/www.europesays.com\/fr\/wp-content\/uploads\/2025\/07\/1752320480_250_marc-marquez-ducati-team.jpg\" alt=\"Johann Zarco a oblig\u00e9 Marc M\u00e1rquez a un ultime coup de collier.\" width=\"1200\" height=\"800\" loading=\"lazy\"\/> <\/p>\n<p class=\"title\">Johann Zarco a oblig\u00e9 Marc M\u00e1rquez a un ultime coup de collier.<\/p>\n<p class=\"photographer\">Photo de: Alexander Trienitz<\/p>\n<p>Du c\u00f4t\u00e9 de Marc M\u00e1rquez, justement, on pensait presque avoir fait le plus dur pour s&rsquo;assurer la pole position, \u00e0 tel point qu&rsquo;apr\u00e8s une grosse frayeur au Waterfall (le virage 11 du trac\u00e9), il a fait un signe signifiant qu&rsquo;il devait se calmer et estimait avoir d\u00e9j\u00e0 assur\u00e9 son objectif, \u00e0 savoir la premi\u00e8re ligne. Toutefois, l&rsquo;am\u00e9lioration des conditions et des temps dans les derni\u00e8res minutes de la s\u00e9ance l&rsquo;a oblig\u00e9 \u00e0 repasser en mode time attack, lui permettant de valider la premi\u00e8re ligne &#8211; ce qu&rsquo;il aurait d\u00e9j\u00e0 fait avec son chrono pr\u00e9c\u00e9dent &#8211; mais surtout la pole.<\/p>\n<p>\u00a0<\/p>\n<p>\u00ab\u00a0J&rsquo;\u00e9tais en train de me chauffer de plus en plus !\u00a0\u00bb, a-t-il d\u00e9clar\u00e9 \u00e0 propos du moment o\u00f9 il s&rsquo;est lui-m\u00eame invit\u00e9 \u00e0 se calmer. \u00ab\u00a0Et je me suis fait une chaleur au virage 11, mais quand j&rsquo;ai pass\u00e9 la ligne en 1&rsquo;28&Prime;0, je me suis dit &lsquo;bon, on se calme !&rsquo; Mon objectif \u00e9tait atteint, c&rsquo;\u00e9tait la premi\u00e8re ligne. En tout cas, je pensais que c&rsquo;\u00e9tait bon. Mais ensuite, j&rsquo;ai vu appara\u00eetre des casques rouges sur les \u00e9crans, je voyais aussi qu&rsquo;on me panneautait que le second ne cessait de se rapprocher. J&rsquo;ai encore pouss\u00e9 un peu mais parce que j&rsquo;ai senti que je pouvais le faire.\u00a0\u00bb<\/p>\n<p>Quelques mois apr\u00e8s sa course exceptionnelle au Mans et avant un sprint qui pourrait se courir dans des conditions similaires, Zarco se sent-il pr\u00eat \u00e0 r\u00e9\u00e9diter une telle performance pour battre\u00a0M\u00e1rquez\u00a0? \u00ab\u00a0\u00c7a serait beau\u00a0\u00bb, a-t-il reconnu pour Canal+. \u00ab\u00a0Je n&rsquo;ai pas encore eu de m\u00e9daille en sprint depuis que ces courses sont l\u00e0 le samedi. L\u00e0, il faut voir, il faut vraiment s&rsquo;adapter aux conditions. Mais ce qui est positif par rapport aux autres, c&rsquo;est que j&rsquo;ai fait la qualif avec pas mal d&rsquo;eau sur la piste et le pneu medium arri\u00e8re, et \u00e7a veut dire que j&rsquo;ai du feeling l\u00e0-dessus. Et je sais que sur une longueur de course \u2013 m\u00eame sur une longueur de sprint \u2013, \u00e7a peut donner un avantage.\u00a0\u00bb<\/p>\n<p style=\"text-align: right;\">Avec L\u00e9na Buffa<\/p>\n<p>Lire aussi :<\/p>\n<p>Dans cet article<\/p>\n<p>Soyez le premier inform\u00e9 et souscrivez aux alertes mails pour recevoir les infos en temps r\u00e9el<\/p>\n<p>    S&rsquo;abonner aux alertes de news<\/p>\n","protected":false},"excerpt":{"rendered":"Quand Marc M\u00e1rquez a accentu\u00e9 son avance \u00e0 plus d&rsquo;une seconde et demie sur l&rsquo;ensemble de ses adversaires&hellip;\n","protected":false},"author":2,"featured_media":244828,"comment_status":"","ping_status":"","sticky":false,"template":"","format":"standard","meta":{"footnotes":""},"categories":[1412],"tags":[4950,1451,1452,1453,1454,1455,1011,27,36254,1741,5038,1458,36255,60,3771],"class_list":{"0":"post-244827","1":"post","2":"type-post","3":"status-publish","4":"format-standard","5":"has-post-thumbnail","7":"category-f1","8":"tag-ducati-team","9":"tag-f1","10":"tag-formula-1","11":"tag-formula1","12":"tag-formule-1","13":"tag-formule1","14":"tag-fr","15":"tag-france","16":"tag-gp-dallemagne","17":"tag-johann-zarco","18":"tag-marc-mu00e1rquez","19":"tag-motogp","20":"tag-sachsenring","21":"tag-sports","22":"tag-team-lcr"},"share_on_mastodon":{"url":"https:\/\/pubeurope.com\/@fr\/114840081825483911","error":""},"_links":{"self":[{"href":"https:\/\/www.europesays.com\/fr\/wp-json\/wp\/v2\/posts\/244827","targetHints":{"allow":["GET"]}}],"collection":[{"href":"https:\/\/www.europesays.com\/fr\/wp-json\/wp\/v2\/posts"}],"about":[{"href":"https:\/\/www.europesays.com\/fr\/wp-json\/wp\/v2\/types\/post"}],"author":[{"embeddable":true,"href":"https:\/\/www.europesays.com\/fr\/wp-json\/wp\/v2\/users\/2"}],"replies":[{"embeddable":true,"href":"https:\/\/www.europesays.com\/fr\/wp-json\/wp\/v2\/comments?post=244827"}],"version-history":[{"count":0,"href":"https:\/\/www.europesays.com\/fr\/wp-json\/wp\/v2\/posts\/244827\/revisions"}],"wp:featuredmedia":[{"embeddable":true,"href":"https:\/\/www.europesays.com\/fr\/wp-json\/wp\/v2\/media\/244828"}],"wp:attachment":[{"href":"https:\/\/www.europesays.com\/fr\/wp-json\/wp\/v2\/media?parent=244827"}],"wp:term":[{"taxonomy":"category","embeddable":true,"href":"https:\/\/www.europesays.com\/fr\/wp-json\/wp\/v2\/categories?post=244827"},{"taxonomy":"post_tag","embeddable":true,"href":"https:\/\/www.europesays.com\/fr\/wp-json\/wp\/v2\/tags?post=244827"}],"curies":[{"name":"wp","href":"https:\/\/api.w.org\/{rel}","templated":true}]}}