{"id":244829,"date":"2025-07-12T11:42:11","date_gmt":"2025-07-12T11:42:11","guid":{"rendered":"https:\/\/www.europesays.com\/fr\/244829\/"},"modified":"2025-07-12T11:42:11","modified_gmt":"2025-07-12T11:42:11","slug":"tour-de-france-2025-je-tente-de-me-concentrer-sur-ce-qui-va-arnaud-de-lie-veut-saisir-lopportunite-du-sprint-ce-samedi","status":"publish","type":"post","link":"https:\/\/www.europesays.com\/fr\/244829\/","title":{"rendered":"Tour de France 2025 -\u00ab\u00a0Je tente de me concentrer sur ce qui va\u2026\u00a0\u00bb\u00a0: Arnaud De Lie veut saisir l&rsquo;opportunit\u00e9 du sprint ce samedi"},"content":{"rendered":"<p><a href=\"https:\/\/www.dhnet.be\/sports\/cyclisme\/tour-de-france\/2025\/07\/10\/remco-evenepoel-chez-red-bull-bora-hansgrohe-cest-fait-a-80-les-rumeurs-dun-transfert-xxl-sintensifient-NFG4LVLQARCD3G23MMXSK7VEWM\/\" target=\"_blank\" rel=\"noopener noreferrer nofollow\" class=\"ap-StoryInterstitialLink ap-StoryElement ap-StoryElement--mb js-paywall-target\">\u00ab\u00a0Remco Evenepoel chez Red Bull-Bora-Hansgrohe, c&rsquo;est fait \u00e0 80 %\u00a0\u00bb : les rumeurs d&rsquo;un transfert XXL s&rsquo;intensifient !<\/a><\/p>\n<p class=\"ap-StoryElement ap-StoryElement--mb ap-StoryText\">\u00ab\u00a0Le staff m\u00e9dical a d\u00fb le mettre sous anti-inflammatoire, mais cela lui procure des soucis gastriques. Dans la nuit de mercredi, il a m\u00eame \u00e9t\u00e9 contraint de r\u00e9veiller le m\u00e9decin\u2026 On a parfois le sentiment que le sort s&rsquo;acharne, mais il nous faut rester concern\u00e9s et impliqu\u00e9s. Le v\u00e9lo, c&rsquo;est un mouvement perp\u00e9tuel, il y a des moments d&rsquo;ombre et d&rsquo;autres de lumi\u00e8re. Mais il est vrai que, par moments, on se demande quand la roue tournera. Des \u00e9quipes comme UAE ont une strat\u00e9gie d&rsquo;usure globale du peloton sur ce d\u00e9but de Tour et c&rsquo;est compliqu\u00e9 d&rsquo;exister. Mais c&rsquo;est \u00e0 nous de mettre le pied dans la porte pour nous inviter au bal.\u00a0\u00bb<\/p>\n<blockquote class=\"ap-StoryQuote ap-StoryQuote--pullquote\"><p>guillement<\/p>\n<p class=\"ap-StoryQuote-text\">Je dois arr\u00eater d&rsquo;\u00eatre un taureau qu&rsquo;on peut caresser.<\/p>\n<\/blockquote>\n<p class=\"ap-StoryElement ap-StoryElement--mb ap-StoryText\">Une ouverture qui pourrait bien se pr\u00e9senter ce samedi lors d&rsquo;une arriv\u00e9e \u00e0 Laval taill\u00e9e pour les qualit\u00e9s d&rsquo;Arnaud De Lie avec un dernier kilom\u00e8tre en faux-plat montant au bout d&rsquo;une 8e \u00e9tape qui semble promise \u00e0 un sprint.<\/p>\n<p class=\"ap-StoryElement ap-StoryElement--mb ap-StoryText\">\u00ab\u00a0On a effectivement identifi\u00e9 ce finish depuis un moment d\u00e9j\u00e0, poursuit Heulot. Notre directeur sportif Tony Gallopin est d&rsquo;ailleurs all\u00e9 sur place il y a plusieurs semaines pour filmer les derniers kilom\u00e8tres afin de nous y pr\u00e9parer au mieux. Mais pour briller ce week-end, Arnaud va devoir retrouver certains rep\u00e8res, une vraie confiance en lui. On voit qu&rsquo;il se fait parfois un peu &lsquo;boxer&rsquo; dans les sprints. Il a un c\u00f4t\u00e9 gentil dans les derniers kilom\u00e8tres qui se retourne parfois contre lui.\u00a0\u00bb<\/p>\n<p class=\"ap-StoryElement ap-StoryElement--mb ap-StoryText\">Une nature dont l&rsquo;ex-champion de Belgique est pleinement conscient. \u00ab\u00a0Je dois arr\u00eater d&rsquo;\u00eatre un taureau qu&rsquo;on peut caresser\u00a0\u00bb, sourit le coureur de Lescheret lorsqu&rsquo;on lui demande s&rsquo;il va sortir les cornes. \u00ab\u00a0Certains gars ont bien moins de scrupules que moi dans les finales. Il faut que j&rsquo;arr\u00eate de laisser certaines portes ouvertes. Je sais que l&rsquo;\u00e9tape de samedi peut me r\u00e9ussir et j&rsquo;ai d\u00e9j\u00e0 identifi\u00e9 certains endroits cl\u00e9s comme un rond-point o\u00f9 il faudra \u00eatre imp\u00e9rativement bien plac\u00e9 dans un final technique.\u00a0\u00bb<\/p>\n<blockquote class=\"ap-StoryQuote ap-StoryQuote--pullquote\"><p>guillement<\/p>\n<p class=\"ap-StoryQuote-text\">Pendant les 3 premi\u00e8res heures, je ne sais parfois pas parler.<\/p>\n<\/blockquote>\n<p class=\"ap-StoryElement ap-StoryElement--mb ap-StoryText\">Pour pouvoir s&rsquo;exprimer pleinement sur un week-end promis aux sprinters, Arnaud De Lie esp\u00e8re aussi retrouver la pl\u00e9nitude de moyens. \u00ab\u00a0Je ne m&rsquo;explique pas le ph\u00e9nom\u00e8ne, mais je souffre toujours beaucoup dans les trois premi\u00e8res heures de course au point de parfois ne m\u00eame pas \u00eatre en mesure de parler, continue le Wallon. Jeudi, quand cela a bataill\u00e9 \u00e0 bloc pendant pr\u00e8s de deux heures en d\u00e9but d&rsquo;\u00e9tape, j&rsquo;\u00e9tais dans les choux\u2026 Je me sens bloqu\u00e9, pas \u00e0 mon niveau. Habituellement, sur une course par \u00e9tapes, on peut \u00e9prouver ce genre de truc sur une journ\u00e9e avant que tout se lib\u00e8re ensuite. Mais l\u00e0, cela dure depuis le Grand D\u00e9part de Lille\u2026 Je m&rsquo;\u00e9tais rassur\u00e9 sur ma condition avant le coup d&rsquo;envoi de ce Tour, mais force est de constater que je ne suis pas \u00e0 mon v\u00e9ritable niveau. Je cherche mes sensations.\u00a0\u00bb<\/p>\n<p class=\"ap-StoryElement ap-StoryElement--mb ap-StoryText\">Un brouillard dans lequel le coureur de chez Lotto s&rsquo;efforce de garder le cap. \u00ab\u00a0Je tente de me focaliser sur ce qui va, sur les opportunit\u00e9s qui vont arriver parce qu&rsquo;elles ne seront pas nombreuses. Samedi, avec 170 bornes au programme, je sais par exemple que l&rsquo;\u00e9tape durera plus de trois heures. Et au vu de mes sensations, cela fait plut\u00f4t bien mes affaires (sourire)\u2026\u00a0\u00bb<\/p>\n<p><a href=\"https:\/\/www.dhnet.be\/sports\/cyclisme\/2025\/07\/11\/tour-de-france-2025-wout-est-un-leader-par-lexemple-son-manager-depuis-10-ans-leve-le-voile-sur-le-cote-pile-de-van-aert-NQ3T4BWXGNB7XL3R2NCFSJIVIQ\/\" target=\"_blank\" rel=\"noopener noreferrer nofollow\" class=\"ap-StoryInterstitialLink ap-StoryElement ap-StoryElement--mb\">Tour de France 2025 \u2013\u00a0\u00bbWout est un leader par l&rsquo;exemple\u00a0\u00bb : son manager depuis 10 ans l\u00e8ve le voile sur le c\u00f4t\u00e9 pile de van Aert<\/a><\/p>\n","protected":false},"excerpt":{"rendered":"\u00ab\u00a0Remco Evenepoel chez Red Bull-Bora-Hansgrohe, c&rsquo;est fait \u00e0 80 %\u00a0\u00bb : les rumeurs d&rsquo;un transfert XXL s&rsquo;intensifient !&hellip;\n","protected":false},"author":2,"featured_media":244830,"comment_status":"","ping_status":"","sticky":false,"template":"","format":"standard","meta":{"footnotes":""},"categories":[1411],"tags":[1154,207,1011,27,23685,23687,23690,60,23692,1172],"class_list":{"0":"post-244829","1":"post","2":"type-post","3":"status-publish","4":"format-standard","5":"has-post-thumbnail","7":"category-cyclisme","8":"tag-cycling","9":"tag-cyclisme","10":"tag-fr","11":"tag-france","12":"tag-frankrijk","13":"tag-letour","14":"tag-ronde-van-frankrijk","15":"tag-sports","16":"tag-tdf","17":"tag-wielrennen"},"share_on_mastodon":{"url":"https:\/\/pubeurope.com\/@fr\/114840085659287253","error":""},"_links":{"self":[{"href":"https:\/\/www.europesays.com\/fr\/wp-json\/wp\/v2\/posts\/244829","targetHints":{"allow":["GET"]}}],"collection":[{"href":"https:\/\/www.europesays.com\/fr\/wp-json\/wp\/v2\/posts"}],"about":[{"href":"https:\/\/www.europesays.com\/fr\/wp-json\/wp\/v2\/types\/post"}],"author":[{"embeddable":true,"href":"https:\/\/www.europesays.com\/fr\/wp-json\/wp\/v2\/users\/2"}],"replies":[{"embeddable":true,"href":"https:\/\/www.europesays.com\/fr\/wp-json\/wp\/v2\/comments?post=244829"}],"version-history":[{"count":0,"href":"https:\/\/www.europesays.com\/fr\/wp-json\/wp\/v2\/posts\/244829\/revisions"}],"wp:featuredmedia":[{"embeddable":true,"href":"https:\/\/www.europesays.com\/fr\/wp-json\/wp\/v2\/media\/244830"}],"wp:attachment":[{"href":"https:\/\/www.europesays.com\/fr\/wp-json\/wp\/v2\/media?parent=244829"}],"wp:term":[{"taxonomy":"category","embeddable":true,"href":"https:\/\/www.europesays.com\/fr\/wp-json\/wp\/v2\/categories?post=244829"},{"taxonomy":"post_tag","embeddable":true,"href":"https:\/\/www.europesays.com\/fr\/wp-json\/wp\/v2\/tags?post=244829"}],"curies":[{"name":"wp","href":"https:\/\/api.w.org\/{rel}","templated":true}]}}