{"id":244838,"date":"2025-07-12T11:47:10","date_gmt":"2025-07-12T11:47:10","guid":{"rendered":"https:\/\/www.europesays.com\/fr\/244838\/"},"modified":"2025-07-12T11:47:10","modified_gmt":"2025-07-12T11:47:10","slug":"koh-lanta-face-au-ras-le-bol-general-la-production-annonce-un-changement-majeur-des-2026","status":"publish","type":"post","link":"https:\/\/www.europesays.com\/fr\/244838\/","title":{"rendered":"Koh Lanta, face au ras-le-bol g\u00e9n\u00e9ral, la production annonce un changement majeur d\u00e8s 2026"},"content":{"rendered":"<p>L\u2019\u00e9dition 2025 de Koh-Lanta avait pourtant tout pour<br \/>\nrelancer l\u2019enthousiasme. Avec une formule d\u00e9j\u00e0 \u00e9prouv\u00e9e \u2013 quatre<br \/>\n\u00e9quipes repr\u00e9sentant les r\u00e9gions fran\u00e7aises \u2013 <strong>TF1 esp\u00e9rait<br \/>\ns\u00e9duire \u00e0 nouveau le public<\/strong>. Mais malgr\u00e9 une mise en sc\u00e8ne<br \/>\ndynamique et des promesses de renouveau, la magie n\u2019a pas op\u00e9r\u00e9.<br \/>\nLes premi\u00e8res semaines ont rapidement montr\u00e9 un essoufflement du<br \/>\nformat, autant dans l\u2019action que dans l\u2019int\u00e9r\u00eat des<br \/>\nt\u00e9l\u00e9spectateurs. Les chiffres parlent d\u2019eux-m\u00eames : <strong>\u00e0 peine<br \/>\n3,7 millions<\/strong> de curieux ont suivi le lancement, bien loin<br \/>\ndes sommets historiques de 5 \u00e0 6 millions. Le rendez-vous<br \/>\nhebdomadaire, autrefois incontournable, a peu \u00e0 peu perdu de sa<br \/>\nforce d\u2019attraction.<\/p>\n<p>Ce que les internautes reprochent \u00e0 Koh-Lanta<\/p>\n<p>La d\u00e9gringolade n\u2019a fait que s\u2019accentuer apr\u00e8s le lancement. En<br \/>\nune semaine, Koh-Lanta a perdu plus d\u2019un demi-million de<br \/>\nt\u00e9l\u00e9spectateurs, tombant \u00e0 2,61 millions, <strong>un score jamais<br \/>\natteint \u00e0 la baisse depuis les d\u00e9buts de l\u2019\u00e9mission<\/strong>. M\u00eame<br \/>\nLe Parisien avait tir\u00e9 la sonnette d\u2019alarme en parlant d\u2019une<br \/>\n\u201cdescente aux enfers\u201d. Pour beaucoup, le casting trop<br \/>\ndense avec ses 24 participants r\u00e9partis en quatre \u00e9quipes a<br \/>\nbrouill\u00e9 les rep\u00e8res. \u00ab On s\u2019y perd, il y en a beaucoup<br \/>\ntrop \u00bb, r\u00e9sumait un fid\u00e8le de la premi\u00e8re heure. R\u00e9sultat : le<br \/>\nlien \u00e9motionnel avec les candidats, pourtant crucial, s\u2019est<br \/>\nestomp\u00e9.<\/p>\n<p>L\u2019usure du format a aussi pes\u00e9 lourd dans la balance. <a href=\"https:\/\/www.melty.fr\/tele\/koh-lanta-en-chute-libre-pourquoi-la-nouvelle-saison-ne-prend-pas-aupres-du-public-cest-toujours-la-meme-chose-2220679.html\" target=\"_blank\" rel=\"noopener\"><br \/>\nLes critiques pleuvent sur les r\u00e9seaux sociaux<\/a>, pointant du<br \/>\ndoigt une m\u00e9canique trop r\u00e9p\u00e9titive. \u00ab Franchement, c\u2019est<br \/>\ntoujours la m\u00eame chose, \u00e7a manque de renouveau \u00bb, d\u00e9plore une<br \/>\nt\u00e9l\u00e9spectatrice. Entre \u00e9preuves d\u00e9j\u00e0 vues, strat\u00e9gies trop lisibles<br \/>\net tensions artificielles, <strong>l\u2019effet de surprise s\u2019est<br \/>\n\u00e9vapor\u00e9<\/strong>. La finale, elle aussi, n\u2019a pas r\u00e9ussi \u00e0 redresser<br \/>\nla barre avec seulement 2,88 millions de curieux, soit moins qu\u2019en<br \/>\n2024 et bien loin des sommets d\u2019antan.<\/p>\n<p>La strat\u00e9gie de la production pour remonter la pente<\/p>\n<p>Apr\u00e8s une saison jug\u00e9e d\u00e9cevante, la production a choisi de<br \/>\nlever le pied. Objectif : cr\u00e9er le manque et relancer la curiosit\u00e9.<br \/>\nContrairement \u00e0 2024 o\u00f9 deux \u00e9ditions avaient \u00e9t\u00e9 diffus\u00e9es,<br \/>\nKoh-Lanta fera l\u2019impasse en 2025. <strong>Xavier<br \/>\nGandon<\/strong>, responsable des antennes chez TF1, a pr\u00e9cis\u00e9 que<br \/>\n\u00ab\u202fil faudra patienter jusqu\u2019\u00e0 2026\u202f\u00bb, assumant une<br \/>\nstrat\u00e9gie de diffusion plus espac\u00e9e, entre une et deux saisons par<br \/>\nan, pour retrouver un meilleur \u00e9quilibre.<\/p>\n<p>Le retour du programme pr\u00e9sent\u00e9 par <strong>Denis<br \/>\nBrogniart<\/strong> n\u2019est pas mis en doute pour autant. Avec des<br \/>\naudiences en baisse mais toujours solides sur l\u2019ann\u00e9e,<br \/>\nKoh-Lanta reste \u00ab\u202fla marque de divertissement num\u00e9ro 1<br \/>\nen t\u00e9l\u00e9vision en 2025\u202f\u00bb, selon Gandon. Un statut qui assure \u00e0<br \/>\nl\u2019\u00e9mission <strong>une place de choix dans la grille de<br \/>\nTF1<\/strong>. D\u2019ailleurs, la cha\u00eene annonce d\u00e9j\u00e0 que Star<br \/>\nAcademy, The Voice, Danse avec les stars,<br \/>\nMask Singer et Koh-Lanta seront bien de retour<br \/>\nl\u2019ann\u00e9e prochaine. Un line-up muscl\u00e9 pour un come-back tr\u00e8s<br \/>\nattendu.<\/p>\n<p>Un couple phare de Koh-Lanta se<br \/>\ns\u00e9pare<\/p>\n<p>Dans l\u2019univers de Koh-Lanta, certains candidats<br \/>\ntrouvent bien plus qu\u2019un simple aventure : l\u2019amour. Ce fut le cas<br \/>\nde <strong>Beno\u00eet et Jesta<\/strong>, toujours ensemble et<br \/>\naujourd\u2019hui parents de trois enfants. \u00c0 l\u2019inverse, d\u2019autres<br \/>\nhistoires n\u2019ont pas tenu sur la dur\u00e9e. <strong>Louana et<br \/>\nBastien<\/strong>, r\u00e9v\u00e9l\u00e9s dans Le Totem Maudit en 2022,<br \/>\navaient choisi de vivre leur idylle loin des projecteurs. Mais \u00e0<br \/>\nforce de silence, les rumeurs ont enfl\u00e9 sur les r\u00e9seaux. Les<br \/>\ninternautes s\u2019interrogeaient de plus en plus : rupture ou<br \/>\ndiscr\u00e9tion choisie ?<\/p>\n<p>La r\u00e9ponse est tomb\u00e9e le 6 juillet 2025, dans une story publi\u00e9e<br \/>\npar Louana. Face \u00e0 l\u2019avalanche de questions, <a href=\"https:\/\/www.melty.fr\/people\/cest-fini-demdem-la-femme-de-gims-annonce-la-fin-de-leur-mariage-je-suis-divorcee-2242277.html\" target=\"_blank\" rel=\"noopener\"><br \/>\nelle a confirm\u00e9 la fin de leur relation<\/a> : \u00ab\u202fVous l\u00a0\u00bbavez<br \/>\ns\u00fbrement d\u00e9j\u00e0 remarqu\u00e9, mais <strong>avec Bastien, c&rsquo;est<br \/>\nfini<\/strong>.\u202f\u00bb La jeune femme a cependant tenu \u00e0 pr\u00e9ciser<br \/>\nque tout s\u2019est fait dans le respect : \u00ab\u202fBastien reste une<br \/>\npersonne tr\u00e8s tr\u00e8s importante pour moi.\u202f\u00bb Si le duo form\u00e9 \u00e0<br \/>\nl\u2019\u00e9cran n\u2019est plus, il reste visiblement une belle entente loin des<br \/>\ncam\u00e9ras.<\/p>\n","protected":false},"excerpt":{"rendered":"L\u2019\u00e9dition 2025 de Koh-Lanta avait pourtant tout pour relancer l\u2019enthousiasme. Avec une formule d\u00e9j\u00e0 \u00e9prouv\u00e9e \u2013 quatre \u00e9quipes&hellip;\n","protected":false},"author":2,"featured_media":244839,"comment_status":"","ping_status":"","sticky":false,"template":"","format":"standard","meta":{"footnotes":""},"categories":[1356],"tags":[681,58,59,1011,27,9379,252,1364],"class_list":{"0":"post-244838","1":"post","2":"type-post","3":"status-publish","4":"format-standard","5":"has-post-thumbnail","7":"category-television","8":"tag-denis-brogniart","9":"tag-divertissement","10":"tag-entertainment","11":"tag-fr","12":"tag-france","13":"tag-koh-lanta-2025-la-revanche-des-4-terres","14":"tag-television","15":"tag-tv"},"share_on_mastodon":{"url":"https:\/\/pubeurope.com\/@fr\/114840105417926271","error":""},"_links":{"self":[{"href":"https:\/\/www.europesays.com\/fr\/wp-json\/wp\/v2\/posts\/244838","targetHints":{"allow":["GET"]}}],"collection":[{"href":"https:\/\/www.europesays.com\/fr\/wp-json\/wp\/v2\/posts"}],"about":[{"href":"https:\/\/www.europesays.com\/fr\/wp-json\/wp\/v2\/types\/post"}],"author":[{"embeddable":true,"href":"https:\/\/www.europesays.com\/fr\/wp-json\/wp\/v2\/users\/2"}],"replies":[{"embeddable":true,"href":"https:\/\/www.europesays.com\/fr\/wp-json\/wp\/v2\/comments?post=244838"}],"version-history":[{"count":0,"href":"https:\/\/www.europesays.com\/fr\/wp-json\/wp\/v2\/posts\/244838\/revisions"}],"wp:featuredmedia":[{"embeddable":true,"href":"https:\/\/www.europesays.com\/fr\/wp-json\/wp\/v2\/media\/244839"}],"wp:attachment":[{"href":"https:\/\/www.europesays.com\/fr\/wp-json\/wp\/v2\/media?parent=244838"}],"wp:term":[{"taxonomy":"category","embeddable":true,"href":"https:\/\/www.europesays.com\/fr\/wp-json\/wp\/v2\/categories?post=244838"},{"taxonomy":"post_tag","embeddable":true,"href":"https:\/\/www.europesays.com\/fr\/wp-json\/wp\/v2\/tags?post=244838"}],"curies":[{"name":"wp","href":"https:\/\/api.w.org\/{rel}","templated":true}]}}