{"id":244840,"date":"2025-07-12T11:48:12","date_gmt":"2025-07-12T11:48:12","guid":{"rendered":"https:\/\/www.europesays.com\/fr\/244840\/"},"modified":"2025-07-12T11:48:12","modified_gmt":"2025-07-12T11:48:12","slug":"kevin-jonas-sest-retrouve-ruine-lorsque-les-jonas-brothers-ont-splitte-en-2013","status":"publish","type":"post","link":"https:\/\/www.europesays.com\/fr\/244840\/","title":{"rendered":"Kevin Jonas s\u2019est retrouv\u00e9 ruin\u00e9 lorsque les Jonas Brothers ont splitt\u00e9 en\u00a02013"},"content":{"rendered":"<p>Kevin Jonas a connu une crise financi\u00e8re aussi inattendue que spectaculaire dans le sillage de la s\u00e9paration des <a href=\"https:\/\/www.20minutes.fr\/arts-stars\/people\/4145703-20250330-jonas-brothers-disent-plus-tournee-celebrant-20-ans-groupe\" target=\"_blank\" class=\"color-ultramarine c-link\" rel=\"noopener\">Jonas Brothers<\/a> en\u00a02013. L\u2019a\u00een\u00e9 du groupe, <a href=\"https:\/\/www.20minutes.fr\/arts-stars\/people\/4095891-20240612-adele-amuse-gaine-trop-petite-kevin-jonas-fait-petite-frayeur-fans\" target=\"_blank\" class=\"color-ultramarine c-link\" rel=\"noopener\">\u00e2g\u00e9 de 37 ans<\/a>, \u00e9tait au micro du podcast The School of Greatness aux c\u00f4t\u00e9s de ses deux fr\u00e8res lorsqu\u2019il a confi\u00e9 s\u2019\u00eatre retrouv\u00e9 presque sans le sou \u00e0 l\u2019\u00e9poque.<\/p>\n<p>\u00ab\u00a0J\u2019ai connu le succ\u00e8s puis le succ\u00e8s financier qui va avec, mais sans savoir ce qu\u2019\u00e9tait vraiment l\u2019argent ni comment le g\u00e9rer &#8211; pour finalement ne plus en avoir et perdre presque tout\u00a0\u00bb, <a href=\"https:\/\/www.youtube.com\/watch?v=gT0sgwS6tHY&amp;t=4486s\" rel=\"nofollow noopener\" target=\"_blank\" class=\"color-ultramarine c-link\">a r\u00e9sum\u00e9<\/a> Kevin Jonas. Interrog\u00e9 sur l\u2019ampleur de ses pertes, le chanteur a pr\u00e9cis\u00e9\u00a0: \u00ab\u00a0Presque tout. Genre, il ne me restait peut-\u00eatre 10\u00a0% (de ce que j\u2019avais)\u00a0\u00bb.<\/p>\n<p>On ne l\u2019y reprendra pas<\/p>\n<p>Kevin Jonas a ensuite pr\u00e9cis\u00e9 que ses <a href=\"https:\/\/www.20minutes.fr\/people\/1651487-20150715-50-cent-ruine-demande-placement-faillite-personnelle\" target=\"_blank\" class=\"color-ultramarine c-link\" rel=\"noopener\">difficult\u00e9s financi\u00e8res<\/a> avaient commenc\u00e9 en\u00a02015, principalement \u00e0 cause de \u00ab\u00a0mauvais investissements\u00a0\u00bb. \u00ab\u00a0J\u2019ai investi dans un tas de propri\u00e9t\u00e9s et fait d\u2019autres choses. Je construisais \u00e0 l\u2019\u00e9poque. Malheureusement, je ne m\u2019\u00e9tais pas associ\u00e9 aux bonnes personnes, si vous voyez ce que je veux dire\u00a0\u00bb, a-t-il ajout\u00e9 sans donner plus de d\u00e9tails.<\/p>\n<p>Heureusement pour Kevin Jonas, la reformation des Jonas Brothers en\u00a02019 lui a offert une seconde chance. \u00ab\u00a0J\u2019ai pu r\u00e9\u00e9valuer et appliquer ces le\u00e7ons financi\u00e8res apprises dans la douleur, et \u00e7a a chang\u00e9 ma fa\u00e7on de penser le business musical\u00a0\u00bb, a conclu le Jonas Brother.<\/p>\n","protected":false},"excerpt":{"rendered":"Kevin Jonas a connu une crise financi\u00e8re aussi inattendue que spectaculaire dans le sillage de la s\u00e9paration des&hellip;\n","protected":false},"author":2,"featured_media":244841,"comment_status":"","ping_status":"","sticky":false,"template":"","format":"standard","meta":{"footnotes":""},"categories":[1355],"tags":[1696,520,58,59,1011,27,2705,1361,873,973],"class_list":{"0":"post-244840","1":"post","2":"type-post","3":"status-publish","4":"format-standard","5":"has-post-thumbnail","7":"category-musique","8":"tag-chanteur","9":"tag-disney","10":"tag-divertissement","11":"tag-entertainment","12":"tag-fr","13":"tag-france","14":"tag-groupe","15":"tag-music","16":"tag-musique","17":"tag-people"},"share_on_mastodon":{"url":"https:\/\/pubeurope.com\/@fr\/114840109206755233","error":""},"_links":{"self":[{"href":"https:\/\/www.europesays.com\/fr\/wp-json\/wp\/v2\/posts\/244840","targetHints":{"allow":["GET"]}}],"collection":[{"href":"https:\/\/www.europesays.com\/fr\/wp-json\/wp\/v2\/posts"}],"about":[{"href":"https:\/\/www.europesays.com\/fr\/wp-json\/wp\/v2\/types\/post"}],"author":[{"embeddable":true,"href":"https:\/\/www.europesays.com\/fr\/wp-json\/wp\/v2\/users\/2"}],"replies":[{"embeddable":true,"href":"https:\/\/www.europesays.com\/fr\/wp-json\/wp\/v2\/comments?post=244840"}],"version-history":[{"count":0,"href":"https:\/\/www.europesays.com\/fr\/wp-json\/wp\/v2\/posts\/244840\/revisions"}],"wp:featuredmedia":[{"embeddable":true,"href":"https:\/\/www.europesays.com\/fr\/wp-json\/wp\/v2\/media\/244841"}],"wp:attachment":[{"href":"https:\/\/www.europesays.com\/fr\/wp-json\/wp\/v2\/media?parent=244840"}],"wp:term":[{"taxonomy":"category","embeddable":true,"href":"https:\/\/www.europesays.com\/fr\/wp-json\/wp\/v2\/categories?post=244840"},{"taxonomy":"post_tag","embeddable":true,"href":"https:\/\/www.europesays.com\/fr\/wp-json\/wp\/v2\/tags?post=244840"}],"curies":[{"name":"wp","href":"https:\/\/api.w.org\/{rel}","templated":true}]}}