{"id":244848,"date":"2025-07-12T11:53:10","date_gmt":"2025-07-12T11:53:10","guid":{"rendered":"https:\/\/www.europesays.com\/fr\/244848\/"},"modified":"2025-07-12T11:53:10","modified_gmt":"2025-07-12T11:53:10","slug":"anne-claire-coudray-remplace-audrey-crespo-mara-en-urgence-et-repousse-ses-vacances-dete-faut-il-sinquieter","status":"publish","type":"post","link":"https:\/\/www.europesays.com\/fr\/244848\/","title":{"rendered":"Anne-Claire Coudray remplace Audrey Crespo-Mara en urgence et repousse ses vacances d\u2019\u00e9t\u00e9 : faut-il s\u2019inqui\u00e9ter ?"},"content":{"rendered":"<p>      R\u00e9sum\u00e9<\/p>\n<p>Anne-Claire Coudray a repris inopin\u00e9ment la pr\u00e9sentation des JT du weekend sur TF1, repoussant ses vacances initialement pr\u00e9vues, tandis qu\u2019Audrey Crespo-Mara reste absente sans explication.<\/p>\n<p>        Sommaire<\/p>\n<p>C&rsquo;est une absence qui a surpris les t\u00e9l\u00e9spectateurs de TF1. Ce vendredi 11 juillet,<strong> la journaliste Audrey Crespo-Mara aurait d\u00fb remplacer Anne-Claire Coudray<\/strong>. Mais \u00e0 la surprise g\u00e9n\u00e9rale, la titulaire \u00e9tait de retour, apr\u00e8s avoir pourtant annonc\u00e9 la semaine derni\u00e8re qu&rsquo;elle prenait ses cong\u00e9s d&rsquo;\u00e9t\u00e9 annuels. Sans justification aucune, Anne-Claire Coudray est r\u00e9apparue ce vendredi aux JT du weekend de TF1, et n&rsquo;a eu aucun mot pour sa cons\u0153ur <a href=\"https:\/\/www.public.fr\/ca-ne-va-pas-le-faire-audrey-crespo-mara-obligee-dinterrompre-cet-invite-du-portrait-de-sept-a-huit\" target=\"_blank\" rel=\"noopener\">Audrey Crespo-Mara<\/a>, \u00e9tonnamment sur la touche.<\/p>\n<p><strong>Dimanche dernier pourtant<\/strong>, en cl\u00f4turant son journal t\u00e9l\u00e9vis\u00e9, Anne-Claire Coudray avait souhait\u00e9 un bel \u00e9t\u00e9 aux t\u00e9l\u00e9spectateurs de TF1. Elle avait officiellement pass\u00e9 la main \u00e0 Audrey Crespo-Mara, qui est son joker depuis bient\u00f4t dix ans. \u00ab\u00a0<strong>Vendredi prochain, vous retrouverez Audrey Crespo-Mara<\/strong> (\u2026) Tr\u00e8s belle semaine \u00e0 tous, et on se retrouve le 14 juillet. Je compte sur vous !\u00a0\u00bb avait d\u00e9clar\u00e9 la journaliste.<\/p>\n<p>Une absence pass\u00e9e sous silence et qui interroge<\/p>\n<p>Effectivement, les cong\u00e9s estivaux d&rsquo;Anne-Claire Coudray ne sont pas pour tout de suite. Ce lundi 14 juillet, la journaliste est au c\u0153ur du dispositif de la F\u00eate nationale, <strong>aux c\u00f4t\u00e9s de Gilles Bouleau, Marie-Sophie Lacarrau et Bruce Toussaint<\/strong>. Mais les journaux t\u00e9l\u00e9vis\u00e9s du weekend, eux, devaient \u00eatre d\u00e9volus \u00e0 sa rempla\u00e7ante jusqu&rsquo;\u00e0 la mi-ao\u00fbt prochain. <\/p>\n<p>Pour l&rsquo;heure donc, le myst\u00e8re plane <strong>quant aux raisons qui ont conduit Audrey Crespo-Mara<\/strong> \u00e0 ne pas honorer sa pr\u00e9sence au 20 heures de ce vendredi 11 juillet. Sera-t-elle bien pr\u00e9sente ce samedi \u00e0 13 heures ou Anne-Claire Coudray va-t-elle assurer l&rsquo;int\u00e9rim tout le weekend ? Difficile de le savoir. Sur ses r\u00e9seaux sociaux, <a href=\"https:\/\/vsd.fr\/84187-la-mort-en-face-tu-regarderas-thierry-ardisson-et-audrey-crespo-mara-un-nouveau-cap-franchi-ensemble\/\" target=\"_blank\" rel=\"noopener\">l&rsquo;\u00e9pouse de Thierry Ardisson<\/a> n&rsquo;a pas justifi\u00e9 son absence, et<strong> n&rsquo;a pas non plus r\u00e9v\u00e9l\u00e9 une date de retour potentiel<\/strong>&#8230;<\/p>\n<blockquote class=\"twitter-tweet\">\n<p>Dimanche dernier, <a href=\"https:\/\/twitter.com\/ACCoudray?ref_src=twsrc%5Etfw\" target=\"_blank\" rel=\"noopener\">@ACCoudray<\/a> annon\u00e7ait ses cong\u00e9s estivaux : \u00ab\u00a0Vous retrouverez vendredi prochain Audrey Crespo-Mara\u00a0\u00bb.<\/p>\n<p>Ce vendredi, la journaliste \u00e9tait finalement absente, et Anne-Claire Coudray a repouss\u00e9 ses vacances. <a href=\"https:\/\/t.co\/UstYi2wf6p\">pic.twitter.com\/UstYi2wf6p<\/a><\/p>\n<p>\u2014 Cl\u00e9ment Garin (@clem_garin) <a href=\"https:\/\/twitter.com\/clem_garin\/status\/1943941569058402588?ref_src=twsrc%5Etfw\" target=\"_blank\" rel=\"noopener\">July 12, 2025<\/a><\/p><\/blockquote>\n<p>Anne-Claire Coudray va-t-elle encore repousser ses vacances ?<\/p>\n<p>Il y a quelques jours toutefois, <strong>TF1 organisait une f\u00eate pour ses 50 ans<\/strong>, <a href=\"https:\/\/www.public.fr\/dheliat-beaugrand-reichmann-les-50-ans-de-tf1-tournent-a-la-gastro-enterite\" target=\"_blank\" rel=\"noopener\">qui a provoqu\u00e9 une s\u00e9rie de gastro-ent\u00e9rite<\/a> pour nombre de convives. Mais Audrey Crespo-Mara, qui aurait pu en \u00eatre l&rsquo;une des cibles, n&rsquo;\u00e9tait pas de la f\u00eate ce soir-l\u00e0&#8230; La journaliste fera-t-elle son retour le weekend prochain ou sera-t-elle remplac\u00e9e une nouvelle fois par Anne-Claire Coudray ? A<strong> moins qu&rsquo;un autre visage de l&rsquo;info de TF1 ne vienne \u00e0 la rescousse de la titulaire<\/strong>, qui doit en toute logique prendre ses cong\u00e9s estivaux.<\/p>\n<p>      Mentionn\u00e9s dans cet article<\/p>\n<p>\u00c0 lire aussi<\/p>\n<p><script async src=\"https:\/\/platform.twitter.com\/widgets.js\" charset=\"utf-8\"><\/script><\/p>\n","protected":false},"excerpt":{"rendered":"R\u00e9sum\u00e9 Anne-Claire Coudray a repris inopin\u00e9ment la pr\u00e9sentation des JT du weekend sur TF1, repoussant ses vacances initialement&hellip;\n","protected":false},"author":2,"featured_media":244849,"comment_status":"","ping_status":"","sticky":false,"template":"","format":"standard","meta":{"footnotes":""},"categories":[8],"tags":[27438,17979,58,59,1011,27,38451,226,71,199,10058],"class_list":{"0":"post-244848","1":"post","2":"type-post","3":"status-publish","4":"format-standard","5":"has-post-thumbnail","7":"category-divertissement","8":"tag-anne-claire-coudray","9":"tag-audrey-crespo-mara","10":"tag-divertissement","11":"tag-entertainment","12":"tag-fr","13":"tag-france","14":"tag-journal-de-20-heures-de-tf1","15":"tag-maladie","16":"tag-sante","17":"tag-tf1","18":"tag-thierry-ardisson"},"share_on_mastodon":{"url":"https:\/\/pubeurope.com\/@fr\/114840128953884012","error":""},"_links":{"self":[{"href":"https:\/\/www.europesays.com\/fr\/wp-json\/wp\/v2\/posts\/244848","targetHints":{"allow":["GET"]}}],"collection":[{"href":"https:\/\/www.europesays.com\/fr\/wp-json\/wp\/v2\/posts"}],"about":[{"href":"https:\/\/www.europesays.com\/fr\/wp-json\/wp\/v2\/types\/post"}],"author":[{"embeddable":true,"href":"https:\/\/www.europesays.com\/fr\/wp-json\/wp\/v2\/users\/2"}],"replies":[{"embeddable":true,"href":"https:\/\/www.europesays.com\/fr\/wp-json\/wp\/v2\/comments?post=244848"}],"version-history":[{"count":0,"href":"https:\/\/www.europesays.com\/fr\/wp-json\/wp\/v2\/posts\/244848\/revisions"}],"wp:featuredmedia":[{"embeddable":true,"href":"https:\/\/www.europesays.com\/fr\/wp-json\/wp\/v2\/media\/244849"}],"wp:attachment":[{"href":"https:\/\/www.europesays.com\/fr\/wp-json\/wp\/v2\/media?parent=244848"}],"wp:term":[{"taxonomy":"category","embeddable":true,"href":"https:\/\/www.europesays.com\/fr\/wp-json\/wp\/v2\/categories?post=244848"},{"taxonomy":"post_tag","embeddable":true,"href":"https:\/\/www.europesays.com\/fr\/wp-json\/wp\/v2\/tags?post=244848"}],"curies":[{"name":"wp","href":"https:\/\/api.w.org\/{rel}","templated":true}]}}