{"id":244854,"date":"2025-07-12T11:56:24","date_gmt":"2025-07-12T11:56:24","guid":{"rendered":"https:\/\/www.europesays.com\/fr\/244854\/"},"modified":"2025-07-12T11:56:24","modified_gmt":"2025-07-12T11:56:24","slug":"la-russie-a-lance-623-drones-et-missiles-dans-la-nuit-de-vendredi-a-samedi","status":"publish","type":"post","link":"https:\/\/www.europesays.com\/fr\/244854\/","title":{"rendered":"la Russie a lanc\u00e9 623 drones et missiles dans la nuit de vendredi \u00e0 samedi"},"content":{"rendered":"<p>Plus de la moiti\u00e9 de ces engins ont \u00e9t\u00e9 abattus.<\/p>\n<p class=\"fig-paragraph\">La Russie a lanc\u00e9 dans la nuit de vendredi \u00e0 samedi 597 drones et tir\u00e9 26 missiles de croisi\u00e8re contre\u00a0<a href=\"http:\/\/www.lefigaro.fr\/international\/en-ukraine-les-charges-a-motos-nouvelle-cavalerie-legere-des-champs-de-bataille-20250712\" data-fig-type=\"Article\" data-gtm-custom-categorie=\"navigation\" data-gtm-custom-action=\"crossclick\" data-gtm-custom-label=\"Contextuel\" data-gtm-event=\"customEventSPE\" data-fig-domain=\"LEFIGARO\" rel=\"nofollow noopener\" target=\"_blank\">l&rsquo;Ukraine<\/a>, a annonc\u00e9 l&rsquo;arm\u00e9e de l&rsquo;air ukrainienne, alors que les frappes russes s&rsquo;intensifient ces derni\u00e8res semaines.<\/p>\n<p class=\"fig-paragraph\">\u00abL&rsquo;ennemi a attaqu\u00e9 avec 623 armes a\u00e9riennes\u00bb, a indiqu\u00e9 l&rsquo;arm\u00e9e, pr\u00e9cisant qu&rsquo;il s&rsquo;agissait de 597 drones et 26 missiles. Quelque 344 de ces engins ont \u00e9t\u00e9 abattus, soit plus de la moiti\u00e9, dont 25 missiles et 319 drones, selon elle.<\/p>\n<p>                                    <a class=\"fig-a11y-skip a11y-hidden\" href=\"#fig-a11y-skip-main-inarticle\"><br \/>\n        Passer la publicit\u00e9<br \/>\n    <\/a><\/p>\n<p class=\"fig-paragraph\">Plus d\u2019informations \u00e0 venir&#8230;<\/p>\n","protected":false},"excerpt":{"rendered":"Plus de la moiti\u00e9 de ces engins ont \u00e9t\u00e9 abattus. La Russie a lanc\u00e9 dans la nuit de&hellip;\n","protected":false},"author":2,"featured_media":244855,"comment_status":"","ping_status":"","sticky":false,"template":"","format":"standard","meta":{"footnotes":""},"categories":[5],"tags":[11,1011,27,131,14,12,132,28],"class_list":{"0":"post-244854","1":"post","2":"type-post","3":"status-publish","4":"format-standard","5":"has-post-thumbnail","7":"category-international","8":"tag-actualites","9":"tag-fr","10":"tag-france","11":"tag-guerre-en-ukraine","12":"tag-international","13":"tag-news","14":"tag-russie","15":"tag-world"},"share_on_mastodon":{"url":"https:\/\/pubeurope.com\/@fr\/114840140757583241","error":""},"_links":{"self":[{"href":"https:\/\/www.europesays.com\/fr\/wp-json\/wp\/v2\/posts\/244854","targetHints":{"allow":["GET"]}}],"collection":[{"href":"https:\/\/www.europesays.com\/fr\/wp-json\/wp\/v2\/posts"}],"about":[{"href":"https:\/\/www.europesays.com\/fr\/wp-json\/wp\/v2\/types\/post"}],"author":[{"embeddable":true,"href":"https:\/\/www.europesays.com\/fr\/wp-json\/wp\/v2\/users\/2"}],"replies":[{"embeddable":true,"href":"https:\/\/www.europesays.com\/fr\/wp-json\/wp\/v2\/comments?post=244854"}],"version-history":[{"count":0,"href":"https:\/\/www.europesays.com\/fr\/wp-json\/wp\/v2\/posts\/244854\/revisions"}],"wp:featuredmedia":[{"embeddable":true,"href":"https:\/\/www.europesays.com\/fr\/wp-json\/wp\/v2\/media\/244855"}],"wp:attachment":[{"href":"https:\/\/www.europesays.com\/fr\/wp-json\/wp\/v2\/media?parent=244854"}],"wp:term":[{"taxonomy":"category","embeddable":true,"href":"https:\/\/www.europesays.com\/fr\/wp-json\/wp\/v2\/categories?post=244854"},{"taxonomy":"post_tag","embeddable":true,"href":"https:\/\/www.europesays.com\/fr\/wp-json\/wp\/v2\/tags?post=244854"}],"curies":[{"name":"wp","href":"https:\/\/api.w.org\/{rel}","templated":true}]}}