{"id":244856,"date":"2025-07-12T11:57:14","date_gmt":"2025-07-12T11:57:14","guid":{"rendered":"https:\/\/www.europesays.com\/fr\/244856\/"},"modified":"2025-07-12T11:57:14","modified_gmt":"2025-07-12T11:57:14","slug":"emmanuel-macron-instaure-une-journee-nationale-le-12-juillet-pour-commemorer-la-memoire-dalfred-dreyfus","status":"publish","type":"post","link":"https:\/\/www.europesays.com\/fr\/244856\/","title":{"rendered":"Emmanuel Macron instaure une journ\u00e9e nationale le 12\u00a0juillet pour comm\u00e9morer la m\u00e9moire d\u2019Alfred Dreyfus"},"content":{"rendered":"<p>        <img decoding=\"async\" loading=\"lazy\" src=\"https:\/\/www.europesays.com\/fr\/wp-content\/uploads\/2025\/07\/7c1da6f_upload-1-tc8w770kyehy-000-64u894e.jpg\"  width=\"728\" height=\"409\" alt=\"Emmanuel Macron instaure une journ\u00e9e nationale pour comm\u00e9morer la m\u00e9moire d\u2019Alfred Dreyfus. (image d\u2019illustration)\"\/>  <\/p>\n<p>LUDOVIC MARIN \/ AFP<\/p>\n<p>Emmanuel Macron instaure une journ\u00e9e nationale pour comm\u00e9morer la m\u00e9moire d\u2019Alfred Dreyfus. (image d\u2019illustration)<\/p>\n<p class=\"asset asset-text\">POLITIQUE &#8211; Il r\u00e9fl\u00e9chissait \u00e0 \u00ab\u00a0un geste n\u00e9cessaire\u00a0\u00bb pour rappeler \u00ab\u00a0l\u2019actualit\u00e9 du combat des dreyfusards\u00a0\u00bb et il l\u2019a trouv\u00e9. <a href=\"https:\/\/www.huffingtonpost.fr\/politique\/article\/ce-qui-se-cache-derriere-la-rarissime-conference-de-presse-du-chef-de-l-armee-francaise-a-la-demande-de-macron_252465.html\" target=\"_blank\" rel=\"noopener\">Emmanuel Macron<\/a> a instaur\u00e9 ce samedi 12\u00a0juillet une journ\u00e9e nationale de comm\u00e9moration de la r\u00e9habilitation par la justice d\u2019<a href=\"https:\/\/www.huffingtonpost.fr\/politique\/article\/alfred-dreyfus-eleve-au-rang-de-general-de-brigade-dans-une-unanimite-rare-a-l-assemblee_250826.html\" target=\"_blank\" rel=\"noopener\">Alfred Dreyfus<\/a>, officier juif injustement accus\u00e9 de trahison \u00e0 la fin du XIXe\u00a0si\u00e8cle.<\/p>\n<p class=\"asset asset-text\">Le chef de l\u2019\u00c9tat, qui a appel\u00e9 \u00e0 \u00ab\u00a0toujours\u00a0\u00bb rester vigilant \u00ab\u00a0contre les vieux d\u00e9mons\u00a0\u00bb de l\u2019<a href=\"https:\/\/www.huffingtonpost.fr\/politique\/article\/bruno-retailleau-juge-l-antisemitisme-d-extreme-droite-residuel-ces-chiffres-le-contredisent_247684.html\" target=\"_blank\" rel=\"noopener\">antis\u00e9mitisme<\/a>, a \u00e9crit dans une d\u00e9claration publi\u00e9e par l\u2019\u00c9lys\u00e9e que \u00ab\u00a0d\u00e9sormais, chaque 12\u00a0juillet, se tiendra une c\u00e9r\u00e9monie de comm\u00e9moration pour Dreyfus, pour la victoire de la justice et de la v\u00e9rit\u00e9 contre la haine et l\u2019antis\u00e9mitisme\u00a0\u00bb.<\/p>\n<p class=\"asset asset-text\">La premi\u00e8re c\u00e9r\u00e9monie aura lieu en 2026, pour le 120e anniversaire de la reconnaissance par la Cour de cassation de l\u2019innocence du capitaine. \u00ab\u00a0Ainsi, Alfred Dreyfus et ceux qui combattirent \u00e0 travers lui pour la Libert\u00e9, l\u2019\u00c9galit\u00e9 et la Fraternit\u00e9 continueront d\u2019\u00eatre l\u2019exemple qui doit inspirer notre conduite\u00a0\u00bb, souligne le pr\u00e9sident.<\/p>\n<p>    Dreyfus a \u00e9t\u00e9 \u00e9lev\u00e9 au rang de \u00ab\u00a0g\u00e9n\u00e9ral de brigade\u00a0\u00bb par l\u2019Assembl\u00e9e    <\/p>\n<p class=\"asset asset-text\">Le 2\u00a0juin dernier, Alfred Dreyfus a \u00e9t\u00e9 \u00e9lev\u00e9 \u00e0 titre posthume au rang de g\u00e9n\u00e9ral de brigade \u00e0 l\u2019issue d\u2019un vote \u00e0 l\u2019unanimit\u00e9 \u00e0 l\u2019Assembl\u00e9e nationale. Ce scrutin a permis de \u00ab\u00a0r\u00e9parer une erreur\u00a0\u00bb, avait d\u00e9clar\u00e9 le d\u00e9put\u00e9 Renaissance Charles Sitzenstuhl, puisque malgr\u00e9 la reconnaissance de son innocence, l\u2019officier n\u2019avait jamais \u00e9t\u00e9 r\u00e9int\u00e9gr\u00e9 \u00ab\u00a0au grade qui lui revenait de droit\u00a0\u00bb. Dans la foul\u00e9e de ce vote, son arri\u00e8re-petit-fils Michel Dreyfus avait jug\u00e9 \u00ab\u00a0tout \u00e0 fait justifi\u00e9\u00a0\u00bb que son a\u00efeul soit <a href=\"https:\/\/www.huffingtonpost.fr\/politique\/article\/les-manouchian-au-pantheon-ces-23-camarades-de-combat-qui-accompagnent-le-couple-de-resistants_230087.html\" target=\"_blank\" rel=\"noopener\">panth\u00e9onis\u00e9<\/a>.<\/p>\n<p class=\"asset asset-text\">\u00ab\u00a0L\u2019Affaire Dreyfus\u00a0\u00bb a d\u00e9chir\u00e9 l\u2019opinion fran\u00e7aise pendant plus d\u2019une d\u00e9cennie sur fond d\u2019antis\u00e9mitisme et de conspiration politico-militaire. De 1894, ann\u00e9e de son arrestation, au 12\u00a0juillet\u00a01906, date de l\u2019arr\u00eat mettant fin judiciairement \u00e0 l\u2019Affaire, Alfred Dreyfus aura connu deux proc\u00e8s, l\u2019emprisonnement et le bagne sur l\u2019\u00eele du Diable en Guyane.<\/p>\n<p class=\"asset asset-text\">\u00ab\u00a0H\u00e9las, la filiation des h\u00e9ritiers des antidreyfusards, antir\u00e9publicains et antis\u00e9mites du d\u00e9but et du milieu du XXe\u00a0si\u00e8cle ne s\u2019est jamais \u00e9teinte\u00a0\u00bb, poursuit le chef de l\u2019\u00c9tat. \u00ab\u00a0Nous savons qu\u2019il faut toujours faire de preuve de vigilance et pers\u00e9v\u00e9rance contre ces vieux d\u00e9mons antis\u00e9mites engendr\u00e9s par la haine. Et aujourd\u2019hui plus que jamais\u00a0\u00bb, ajoute-t-il.<\/p>\n<p class=\"asset asset-text\">Entre janvier et mai\u00a02025, 504 actes antis\u00e9mites ont \u00e9t\u00e9 recens\u00e9s en France, selon le minist\u00e8re de l\u2019Int\u00e9rieur, soit une baisse de 24\u00a0% sur un an mais un doublement par rapport \u00e0 la m\u00eame p\u00e9riode de 2013.<\/p>\n<p class=\"asset asset-text\"><strong>Plus d\u2019informations \u00e0 suivre\u2026<\/strong><\/p>\n","protected":false},"excerpt":{"rendered":"LUDOVIC MARIN \/ AFP Emmanuel Macron instaure une journ\u00e9e nationale pour comm\u00e9morer la m\u00e9moire d\u2019Alfred Dreyfus. (image d\u2019illustration)&hellip;\n","protected":false},"author":2,"featured_media":244857,"comment_status":"","ping_status":"","sticky":false,"template":"","format":"standard","meta":{"footnotes":""},"categories":[4],"tags":[11,38452,6155,1073,1011,27,12,316,25],"class_list":{"0":"post-244856","1":"post","2":"type-post","3":"status-publish","4":"format-standard","5":"has-post-thumbnail","7":"category-france","8":"tag-actualites","9":"tag-affaire-dreyfus","10":"tag-antisemitisme","11":"tag-emmanuel-macron","12":"tag-fr","13":"tag-france","14":"tag-news","15":"tag-politique","16":"tag-republique-francaise"},"share_on_mastodon":{"url":"https:\/\/pubeurope.com\/@fr\/114840144714163846","error":""},"_links":{"self":[{"href":"https:\/\/www.europesays.com\/fr\/wp-json\/wp\/v2\/posts\/244856","targetHints":{"allow":["GET"]}}],"collection":[{"href":"https:\/\/www.europesays.com\/fr\/wp-json\/wp\/v2\/posts"}],"about":[{"href":"https:\/\/www.europesays.com\/fr\/wp-json\/wp\/v2\/types\/post"}],"author":[{"embeddable":true,"href":"https:\/\/www.europesays.com\/fr\/wp-json\/wp\/v2\/users\/2"}],"replies":[{"embeddable":true,"href":"https:\/\/www.europesays.com\/fr\/wp-json\/wp\/v2\/comments?post=244856"}],"version-history":[{"count":0,"href":"https:\/\/www.europesays.com\/fr\/wp-json\/wp\/v2\/posts\/244856\/revisions"}],"wp:featuredmedia":[{"embeddable":true,"href":"https:\/\/www.europesays.com\/fr\/wp-json\/wp\/v2\/media\/244857"}],"wp:attachment":[{"href":"https:\/\/www.europesays.com\/fr\/wp-json\/wp\/v2\/media?parent=244856"}],"wp:term":[{"taxonomy":"category","embeddable":true,"href":"https:\/\/www.europesays.com\/fr\/wp-json\/wp\/v2\/categories?post=244856"},{"taxonomy":"post_tag","embeddable":true,"href":"https:\/\/www.europesays.com\/fr\/wp-json\/wp\/v2\/tags?post=244856"}],"curies":[{"name":"wp","href":"https:\/\/api.w.org\/{rel}","templated":true}]}}