{"id":244876,"date":"2025-07-12T12:15:09","date_gmt":"2025-07-12T12:15:09","guid":{"rendered":"https:\/\/www.europesays.com\/fr\/244876\/"},"modified":"2025-07-12T12:15:09","modified_gmt":"2025-07-12T12:15:09","slug":"un-choc-entre-trois-voitures-cree-un-bouchon","status":"publish","type":"post","link":"https:\/\/www.europesays.com\/fr\/244876\/","title":{"rendered":"un choc entre trois voitures cr\u00e9e un bouchon"},"content":{"rendered":"<p>            Par<br \/>\n        <strong><br \/>\n            <a href=\"https:\/\/actu.fr\/auteur\/leo-gautret-actu-fr\" title=\"Consulter tous les articles de L\u00e9o Gautret\" rel=\"nofollow noopener\" target=\"_blank\">L\u00e9o Gautret<\/a><br \/>\n        <\/strong><\/p>\n<p>        Publi\u00e9 le<\/p>\n<p>            12 juil. 2025 \u00e0 13h45        <\/p>\n<p>Un <b>accident impliquant trois voitures <\/b>a \u00e9t\u00e9 signal\u00e9 vers<b> 11\u2009h\u200930 <\/b>ce<b> samedi 12\u00a0juillet<\/b> 2025 par Bison Fut\u00e9, sur la<b> RN157<\/b>, \u00e0 hauteur de <b>Br\u00e9c\u00e9 <\/b>(Ille-et-Vilaine).<\/p>\n<p class=\" wall-content\">Les v\u00e9hicules circulaient en direction de Rennes lorsque le choc s\u2019est produit.<\/p>\n<p class=\" wall-content\">La voie de gauche a \u00e9t\u00e9 neutralis\u00e9e, le temps de l\u2019intervention des secours.<\/p>\n<p class=\" wall-content\">Contact\u00e9, le Centre op\u00e9rationnel d\u00e9partemental d\u2019incendie et de secours (Codis) indique que l\u2019accident n\u2019a pas caus\u00e9 de bless\u00e9.<\/p>\n<p>Un bouchon de 5,6\u00a0km<\/p>\n<p class=\" wall-content\">Un bouchon s\u2019est rapidement form\u00e9. Il a atteint jusqu\u2019\u00e0 <b>5,6\u00a0km, entre<\/b> C<b>h\u00e2teaubourg \u00e0 Br\u00e9c\u00e9.<\/b><\/p>\n<p>Vid\u00e9os : en ce moment sur Actu<\/p>\n<p class=\" wall-content\">La voie a pu \u00eatre d\u00e9gag\u00e9e vers 12\u2009h\u200930. La<b> fin du bouchon a \u00e9t\u00e9 signal\u00e9e peu avant 13\u2009h.<\/b><\/p>\n<p class=\" wall-content\">Suivez toute l\u2019actualit\u00e9 de vos villes et m\u00e9dias favoris en vous inscrivant \u00e0 <a href=\"https:\/\/moncompte.actu.fr\" title=\"D\u00e9couvez Mon Actu\" rel=\"nofollow noopener\" data-trk=\"{&quot;cta&quot;:{&quot;action&quot;:&quot;https:\\\/\\\/moncompte.actu.fr&quot;,&quot;category&quot;:&quot;mon compte&quot;,&quot;from&quot;:&quot;article footer&quot;,&quot;name&quot;:&quot;Mon actu&quot;,&quot;type&quot;:&quot;cta&quot;}}\" target=\"_blank\">Mon Actu<\/a>.<\/p>\n","protected":false},"excerpt":{"rendered":"Par L\u00e9o Gautret Publi\u00e9 le 12 juil. 2025 \u00e0 13h45 Un accident impliquant trois voitures a \u00e9t\u00e9 signal\u00e9&hellip;\n","protected":false},"author":2,"featured_media":244877,"comment_status":"","ping_status":"","sticky":false,"template":"","format":"standard","meta":{"footnotes":""},"categories":[2821],"tags":[119,1111,11,829,1777,674,118,1011,27,12,584,25],"class_list":{"0":"post-244876","1":"post","2":"type-post","3":"status-publish","4":"format-standard","5":"has-post-thumbnail","7":"category-rennes","8":"tag-accident","9":"tag-actu","10":"tag-actualites","11":"tag-bretagne","12":"tag-eu","13":"tag-europe","14":"tag-faits-divers","15":"tag-fr","16":"tag-france","17":"tag-news","18":"tag-rennes","19":"tag-republique-francaise"},"share_on_mastodon":{"url":"https:\/\/pubeurope.com\/@fr\/114840215491046577","error":""},"_links":{"self":[{"href":"https:\/\/www.europesays.com\/fr\/wp-json\/wp\/v2\/posts\/244876","targetHints":{"allow":["GET"]}}],"collection":[{"href":"https:\/\/www.europesays.com\/fr\/wp-json\/wp\/v2\/posts"}],"about":[{"href":"https:\/\/www.europesays.com\/fr\/wp-json\/wp\/v2\/types\/post"}],"author":[{"embeddable":true,"href":"https:\/\/www.europesays.com\/fr\/wp-json\/wp\/v2\/users\/2"}],"replies":[{"embeddable":true,"href":"https:\/\/www.europesays.com\/fr\/wp-json\/wp\/v2\/comments?post=244876"}],"version-history":[{"count":0,"href":"https:\/\/www.europesays.com\/fr\/wp-json\/wp\/v2\/posts\/244876\/revisions"}],"wp:featuredmedia":[{"embeddable":true,"href":"https:\/\/www.europesays.com\/fr\/wp-json\/wp\/v2\/media\/244877"}],"wp:attachment":[{"href":"https:\/\/www.europesays.com\/fr\/wp-json\/wp\/v2\/media?parent=244876"}],"wp:term":[{"taxonomy":"category","embeddable":true,"href":"https:\/\/www.europesays.com\/fr\/wp-json\/wp\/v2\/categories?post=244876"},{"taxonomy":"post_tag","embeddable":true,"href":"https:\/\/www.europesays.com\/fr\/wp-json\/wp\/v2\/tags?post=244876"}],"curies":[{"name":"wp","href":"https:\/\/api.w.org\/{rel}","templated":true}]}}