{"id":244878,"date":"2025-07-12T12:16:18","date_gmt":"2025-07-12T12:16:18","guid":{"rendered":"https:\/\/www.europesays.com\/fr\/244878\/"},"modified":"2025-07-12T12:16:18","modified_gmt":"2025-07-12T12:16:18","slug":"quiz-connaissez-vous-bien-lhistoire-du-tour-de-france-a-rennes-et-en-ille-et-vilaine","status":"publish","type":"post","link":"https:\/\/www.europesays.com\/fr\/244878\/","title":{"rendered":"QUIZ. Connaissez-vous bien l&rsquo;histoire du Tour de France \u00e0 Rennes et en Ille-et-Vilaine\u00a0?"},"content":{"rendered":"<p>            Par<br \/>\n        <strong><br \/>\n            <a href=\"https:\/\/actu.fr\/auteur\/clemence-pays02-actu-fr\" title=\"Consulter tous les articles de Cl\u00e9mence Pays\" target=\"_blank\" rel=\"noopener\">Cl\u00e9mence Pays<\/a><br \/>\n        <\/strong><\/p>\n<p>        Publi\u00e9 le<\/p>\n<p>            12 juil. 2025 \u00e0 11h10        <\/p>\n<p>Le <a href=\"https:\/\/actu.fr\/tag\/tour-de-france-2025\" target=\"_blank\" rel=\"noopener\">Tour de France 2025<\/a> s\u2019est \u00e9lanc\u00e9 \u00e0 Lille samedi 5\u00a0juillet. Depuis, les coureurs entament leur descente vers le Grand Ouest, en passant par la Normandie et la <strong>Bretagne.<\/strong> Vendredi 11\u00a0juillet, la Grande boucle a atteint l\u2019Ille-et-Vilaine pour la 7e \u00e9tape, entre Saint-Malo et M\u00fbr-de-Bretagne. Les cyclistes feront une nouvelle incursion dans le 35e d\u00e9partement fran\u00e7ais, ce samedi 12\u00a0juillet, lors de <a href=\"https:\/\/actu.fr\/bretagne\/rennes_35238\/carte-tour-de-france-decouvrez-le-trace-de-la-8e-etape-entre-saint-meen-le-grand-pres-de-rennes-et-laval_62860441.html\" target=\"_blank\" rel=\"noopener\">la 8e \u00e9tape, de Saint-M\u00e9en-le-Grand \u00e0 Laval<\/a>.<\/p>\n<p class=\" wall-content\">\u00c0 cette occasion, la r\u00e9daction d\u2019actu Rennes vous propose de <strong>tester vos connaissances<\/strong> sur l\u2019histoire du<strong> Tour de France en Ille-et-Vilaine<\/strong> et plus particuli\u00e8rement dans le bassin rennais.<\/p>\n<p>\u00c0 vous de jouer\u2009!<\/p>\n<p class=\" wall-content\">Pr\u00eats \u00e0 relever le d\u00e9fi\u2009? <strong>C\u2019est parti pour notre quiz\u2009:<\/strong><\/p>\n<p>    <a href=\"https:\/\/www.riddle.com\/embed\/a\/EqNVSSTc?lazyImages=false&amp;staticHeight=false\" title=\"Ouvrie le lien\" target=\"_blank\" rel=\"noopener\">Cliquez ici pour visualiser le contenu<\/a><\/p>\n<p class=\" wall-content\">Si le quiz ne s\u2019affiche pas, <a href=\"https:\/\/www.riddle.com\/view\/EqNVSSTc\" target=\"_blank\" rel=\"noopener\">cliquez ici<\/a>.<\/p>\n<p class=\" wall-content\">Cet exercice vous a plu\u2009? l\u2019\u00e9quipe d\u2019actu Rennes a \u00e9galement concoct\u00e9 un quiz d\u00e9di\u00e9 au cycliste bretillien Louison Bobet. <strong>Testez-le\u2009!<\/strong><\/p>\n<p>Vid\u00e9os : en ce moment sur ActuPour plus de jeux, n\u2019h\u00e9sitez pas \u00e0 vous rendre sur <a href=\"https:\/\/actu.fr\/tag\/quiz\" target=\"_blank\" rel=\"noopener\">la page d\u2019actu.fr d\u00e9di\u00e9e aux quiz<\/a>. Toutes les th\u00e9matiques y passent, des r\u00e8gles du Monopoly aux films Les Tuches\u2026 Il y en a pour tous les go\u00fbts\u2009!<\/p>\n<p class=\" wall-content\">Suivez toute l\u2019actualit\u00e9 de vos villes et m\u00e9dias favoris en vous inscrivant \u00e0 <a href=\"https:\/\/moncompte.actu.fr\" title=\"D\u00e9couvez Mon Actu\" rel=\"nofollow noopener\" data-trk=\"{&quot;cta&quot;:{&quot;action&quot;:&quot;https:\\\/\\\/moncompte.actu.fr&quot;,&quot;category&quot;:&quot;mon compte&quot;,&quot;from&quot;:&quot;article footer&quot;,&quot;name&quot;:&quot;Mon actu&quot;,&quot;type&quot;:&quot;cta&quot;}}\" target=\"_blank\">Mon Actu<\/a>.<\/p>\n","protected":false},"excerpt":{"rendered":"Par Cl\u00e9mence Pays Publi\u00e9 le 12 juil. 2025 \u00e0 11h10 Le Tour de France 2025 s\u2019est \u00e9lanc\u00e9 \u00e0&hellip;\n","protected":false},"author":2,"featured_media":163487,"comment_status":"","ping_status":"","sticky":false,"template":"","format":"standard","meta":{"footnotes":""},"categories":[2821],"tags":[1111,11,829,1777,674,1011,27,1652,12,7767,584,25,210,2116],"class_list":{"0":"post-244878","1":"post","2":"type-post","3":"status-publish","4":"format-standard","5":"has-post-thumbnail","7":"category-rennes","8":"tag-actu","9":"tag-actualites","10":"tag-bretagne","11":"tag-eu","12":"tag-europe","13":"tag-fr","14":"tag-france","15":"tag-loisirs-culture","16":"tag-news","17":"tag-quiz","18":"tag-rennes","19":"tag-republique-francaise","20":"tag-tour-de-france","21":"tag-tour-de-france-2025"},"share_on_mastodon":{"url":"https:\/\/pubeurope.com\/@fr\/114840219879478881","error":""},"_links":{"self":[{"href":"https:\/\/www.europesays.com\/fr\/wp-json\/wp\/v2\/posts\/244878","targetHints":{"allow":["GET"]}}],"collection":[{"href":"https:\/\/www.europesays.com\/fr\/wp-json\/wp\/v2\/posts"}],"about":[{"href":"https:\/\/www.europesays.com\/fr\/wp-json\/wp\/v2\/types\/post"}],"author":[{"embeddable":true,"href":"https:\/\/www.europesays.com\/fr\/wp-json\/wp\/v2\/users\/2"}],"replies":[{"embeddable":true,"href":"https:\/\/www.europesays.com\/fr\/wp-json\/wp\/v2\/comments?post=244878"}],"version-history":[{"count":0,"href":"https:\/\/www.europesays.com\/fr\/wp-json\/wp\/v2\/posts\/244878\/revisions"}],"wp:featuredmedia":[{"embeddable":true,"href":"https:\/\/www.europesays.com\/fr\/wp-json\/wp\/v2\/media\/163487"}],"wp:attachment":[{"href":"https:\/\/www.europesays.com\/fr\/wp-json\/wp\/v2\/media?parent=244878"}],"wp:term":[{"taxonomy":"category","embeddable":true,"href":"https:\/\/www.europesays.com\/fr\/wp-json\/wp\/v2\/categories?post=244878"},{"taxonomy":"post_tag","embeddable":true,"href":"https:\/\/www.europesays.com\/fr\/wp-json\/wp\/v2\/tags?post=244878"}],"curies":[{"name":"wp","href":"https:\/\/api.w.org\/{rel}","templated":true}]}}