{"id":244887,"date":"2025-07-12T12:21:30","date_gmt":"2025-07-12T12:21:30","guid":{"rendered":"https:\/\/www.europesays.com\/fr\/244887\/"},"modified":"2025-07-12T12:21:30","modified_gmt":"2025-07-12T12:21:30","slug":"cet-ete-presse-ocean-vous-emmene-a-la-plage","status":"publish","type":"post","link":"https:\/\/www.europesays.com\/fr\/244887\/","title":{"rendered":"Cet \u00e9t\u00e9, Presse Oc\u00e9an vous emm\u00e8ne \u00e0 la plage"},"content":{"rendered":"<p>Touristes ou pas, en vacances ou non\u00a0: Presse Oc\u00e9an propose \u00e0 tous ses lecteurs de s\u2019\u00e9vader avec lui sur le littoral ou dans ses environs. Du lundi 14\u00a0juillet au dimanche 24\u00a0ao\u00fbt 2025, la r\u00e9daction va publier quotidiennement, sur notre site internet et notre appli ainsi que dans le journal, des articles qui permettront au plus grand nombre d\u2019y piocher des id\u00e9es et des envies estivales. Conseils et informations pratiques, reportages et t\u00e9moignages, agenda et d\u00e9couvertes d\u2019activit\u00e9s ou de sites\u00a0: nous esp\u00e9rons vous accompagner pour profiter pleinement de cet \u00e9t\u00e9.<\/p>\n<p>\t<img decoding=\"async\" src=\"https:\/\/www.europesays.com\/fr\/wp-content\/uploads\/2025\/07\/P35351802D6897283G_px_640_.jpg\" alt=\"photo cet \u00e9t\u00e9, presse oc\u00e9an s\u2019installe sur la plage, les pieds dans l\u2019eau.  \u00a9  dessin frap\" width=\"640\" title=\" Cet \u00e9t\u00e9, Presse Oc\u00e9an s\u2019installe sur la plage, les pieds dans l\u2019eau.   Dessin Frap \"\/><\/p>\n<p class=\"elmt-legende\"> Cet \u00e9t\u00e9, Presse Oc\u00e9an s\u2019installe sur la plage, les pieds dans l\u2019eau.   Dessin Frap <\/p>\n<p>Les plages vues du ciel<\/p>\n<p>Petites criques, plages sauvages ou familiales, plages pour la mar\u00e9e haute ou plages pour les activit\u00e9s nautiques\u2026 Les photographes Nathalie Bourreau et Josselin Clair se sont promen\u00e9s sur le littoral de la Loire-Atlantique. Ils ont ramen\u00e9 de leurs balades des photos dont des vues a\u00e9riennes qui mettent en valeur la beaut\u00e9 de ces sites. \u00c0 lire chaque samedi.<\/p>\n<p>Les bons plans<\/p>\n<p>Activit\u00e9s \u00e0 petit budget, locations de derni\u00e8re minute, les meilleures guinguettes les pieds dans le sable\u2026 \u00c0 lire chaque lundi.<\/p>\n<p>? <a href=\"https:\/\/labaule.maville.com\/actu\/actudet_-tourisme.-les-bons-plans-pour-rejoindre-la-mer-en-train-dans-les-pays-de-la-loire-_8-6896487_actu.Htm\" target=\"_blank\" rel=\"noopener\">Les bons plans pour rejoindre la mer en train dans les Pays de la Loire<\/a>.<\/p>\n<p>On a test\u00e9 pour vous<\/p>\n<p>Des journalistes de la r\u00e9daction vous donneront peut-\u00eatre envie de pratiquer le longe-c\u00f4te ou le kayak de mer. Ils vous emm\u00e8neront aussi en promenade \u00e0 cheval ou \u00e0 bicyclette. \u00c0 lire chaque mardi.<\/p>\n<p>Dans les coulisses du Voyage \u00e0 Nantes<\/p>\n<p>\u00c0 la rencontre de chacune des \u0153uvres expos\u00e9es et \u00e0 l\u2019\u00e9coute des r\u00e9actions qu\u2019elles suscitent chez les passants ou les touristes. \u00c0 lire chaque mardi.<\/p>\n<p>Les conseils d\u2019une personne du coin<\/p>\n<p>Rien de tel qu\u2019un habitant ou qu\u2019un habitu\u00e9 des lieux pour d\u00e9livrer quelques bons conseils. \u00c0 lire chaque mercredi.<\/p>\n<p>Les rendez-vous de l\u2019\u00e9t\u00e9<\/p>\n<p>De nombreuses festivit\u00e9s sont attendues dans le d\u00e9partement en juillet et en ao\u00fbt. La r\u00e9daction vous en pr\u00e9sentera quelques-unes. \u00c0 lire chaque mercredi.<\/p>\n<p>Les fiert\u00e9s culinaires<\/p>\n<p>\u00c0 la d\u00e9couverte du Cur\u00e9 nantais, de la moule plainaise ou du P\u2019tit Flan bernerien\u2026 \u00c0 lire chaque jeudi.<\/p>\n<p>Des balades pour tous<\/p>\n<p>Une s\u00e9lection de randonn\u00e9es \u00e0 d\u00e9couvrir dans le d\u00e9partement avec des indications pratiques\u00a0: parcours, kilom\u00e9trage, dur\u00e9e estim\u00e9e, difficult\u00e9\u2026 \u00c0 lire chaque jeudi.<\/p>\n<p>Ce qu\u2019en pensent les touristes<\/p>\n<p>Camping-caristes ou cyclistes, en famille ou en solo, ils donneront leur avis sur la Loire-Atlantique. \u00c0 lire chaque vendredi.<\/p>\n<p>L\u2019agenda du littoral<\/p>\n<p>Que faire cette semaine, ce week-end ou ce dimanche\u00a0? Une s\u00e9lection d\u2019\u00e9v\u00e9nements et d\u2019animations. \u00c0 lire chaque lundi, vendredi et dimanche.<\/p>\n<p>Des r\u00e9ponses \u00e0 vos questions<\/p>\n<p>Que puis-je ramener de la plage\u00a0? O\u00f9 puis-je camper\u00a0? Comment dois-je pratiquer la p\u00eache\u00a0pied\u00a0? La r\u00e9daction de Presse Oc\u00e9an vous r\u00e9pond. \u00c0 lire chaque dimanche.<\/p>\n<p>\u00a0<\/p>\n","protected":false},"excerpt":{"rendered":"Touristes ou pas, en vacances ou non\u00a0: Presse Oc\u00e9an propose \u00e0 tous ses lecteurs de s\u2019\u00e9vader avec lui&hellip;\n","protected":false},"author":2,"featured_media":244888,"comment_status":"","ping_status":"","sticky":false,"template":"","format":"standard","meta":{"footnotes":""},"categories":[2818],"tags":[1111,11,38456,2883,1777,674,1011,27,766,12,12517,2636,15656,4048,25],"class_list":{"0":"post-244887","1":"post","2":"type-post","3":"status-publish","4":"format-standard","5":"has-post-thumbnail","7":"category-nantes","8":"tag-actu","9":"tag-actualites","10":"tag-emmene","11":"tag-ete","12":"tag-eu","13":"tag-europe","14":"tag-fr","15":"tag-france","16":"tag-nantes","17":"tag-news","18":"tag-ocean","19":"tag-pays-de-la-loire","20":"tag-plage","21":"tag-presse","22":"tag-republique-francaise"},"share_on_mastodon":{"url":"https:\/\/pubeurope.com\/@fr\/114840239006367418","error":""},"_links":{"self":[{"href":"https:\/\/www.europesays.com\/fr\/wp-json\/wp\/v2\/posts\/244887","targetHints":{"allow":["GET"]}}],"collection":[{"href":"https:\/\/www.europesays.com\/fr\/wp-json\/wp\/v2\/posts"}],"about":[{"href":"https:\/\/www.europesays.com\/fr\/wp-json\/wp\/v2\/types\/post"}],"author":[{"embeddable":true,"href":"https:\/\/www.europesays.com\/fr\/wp-json\/wp\/v2\/users\/2"}],"replies":[{"embeddable":true,"href":"https:\/\/www.europesays.com\/fr\/wp-json\/wp\/v2\/comments?post=244887"}],"version-history":[{"count":0,"href":"https:\/\/www.europesays.com\/fr\/wp-json\/wp\/v2\/posts\/244887\/revisions"}],"wp:featuredmedia":[{"embeddable":true,"href":"https:\/\/www.europesays.com\/fr\/wp-json\/wp\/v2\/media\/244888"}],"wp:attachment":[{"href":"https:\/\/www.europesays.com\/fr\/wp-json\/wp\/v2\/media?parent=244887"}],"wp:term":[{"taxonomy":"category","embeddable":true,"href":"https:\/\/www.europesays.com\/fr\/wp-json\/wp\/v2\/categories?post=244887"},{"taxonomy":"post_tag","embeddable":true,"href":"https:\/\/www.europesays.com\/fr\/wp-json\/wp\/v2\/tags?post=244887"}],"curies":[{"name":"wp","href":"https:\/\/api.w.org\/{rel}","templated":true}]}}