{"id":244895,"date":"2025-07-12T12:26:10","date_gmt":"2025-07-12T12:26:10","guid":{"rendered":"https:\/\/www.europesays.com\/fr\/244895\/"},"modified":"2025-07-12T12:26:10","modified_gmt":"2025-07-12T12:26:10","slug":"toulouse-ou-voir-le-plus-beau-coucher-de-soleil-les-meilleurs-spots-pour-ladmirer","status":"publish","type":"post","link":"https:\/\/www.europesays.com\/fr\/244895\/","title":{"rendered":"Toulouse. O\u00f9 voir le plus beau coucher de soleil ? Les meilleurs spots pour l&rsquo;admirer"},"content":{"rendered":"<p>            Par<br \/>\n        <strong><br \/>\n            <a href=\"https:\/\/actu.fr\/auteur\/lea-afonso\" title=\"Consulter tous les articles de L\u00e9a Afonso\" target=\"_blank\" rel=\"noopener\">L\u00e9a Afonso<\/a><br \/>\n        <\/strong><\/p>\n<p>        Publi\u00e9 le<\/p>\n<p>            12 juil. 2025 \u00e0 13h26        <\/p>\n<p><a href=\"https:\/\/actu.fr\/toulouse\/\" target=\"_blank\" rel=\"noopener\">Toulouse<\/a>, <strong>l\u2019\u00e9t\u00e9 et les couchers de soleil<\/strong>\u2026 C\u2019est un tableau qui fait r\u00eaver pour certains et qui est le quotidien pour quelques centaines de milliers de chanceux. Alors pour profiter de ces soir\u00e9es estivales qui se profilent, Actu Toulouse a r\u00e9alis\u00e9 une <strong>s\u00e9lection<\/strong> d\u2019adresses incontournables <strong>pour admirer le coucher de soleil<\/strong> et entamer une belle soir\u00e9e dans la Ville rose.<\/p>\n<p>#1. Le jardin de l\u2019observatoire de Jolimont<\/p>\n<p class=\" wall-content\">Avec ses trois hectares de verdure, le<strong> jardin de l\u2019Observatoire<\/strong> situ\u00e9 en haut de la bute de Jolimont est un des spots parfait pour observer un coucher de soleil sur la Ville. Rapprochez-vous de la colonne comm\u00e9morative de la bataille de Toulouse \u00e9rig\u00e9e dans le parc, pour avoir la meilleure vue. Ciel orang\u00e9 aux volutes ros\u00e9es\u2009: vous ne serez pas d\u00e9\u00e7us de votre soir\u00e9e.<\/p>\n<p>#2. Un coucher de soleil dans les airs<\/p>\n<p class=\" wall-content\"><a href=\"https:\/\/www.instagram.com\/p\/DBn01Gutyfg\/embed\" title=\"Ouvrir le lien sur Instagram\" target=\"_blank\" rel=\"noopener\">Visualiser le contenu sur Instagram<\/a><\/p>\n<p class=\" wall-content\">Et pourquoi ne pas prendre un peu de hauteur pour terminer sa soir\u00e9e\u2009? Rendez-vous dans le t\u00e9l\u00e9ph\u00e9rique urbain toulousain, <strong>T\u00e9l\u00e9o<\/strong>, pour observer le soleil descendre sur l\u2019Oncopole ou sur la Garonne. Vous pourriez m\u00eame faire des allers-retours pour observer un ciel diff\u00e9rent \u00e0 chaque passage. Mais pensez bien \u00e0 valider votre titre de transport \u00e0 chaque fois.<\/p>\n<p>#3. Pech David<br \/>\n    <img   decoding=\"async\" loading=\"lazy\" src=\"https:\/\/www.europesays.com\/fr\/wp-content\/uploads\/2025\/07\/pech-david-soir-2-960x640.jpeg\" alt=\"Pech David est un endroit id\u00e9al \u00e0 Toulouse pour voir les meilleurs couchers de soleil.\" width=\"960\" height=\"640\"\/><br \/>\n    Pech David est un endroit id\u00e9al \u00e0 Toulouse pour voir les meilleurs couchers de soleil. (\u00a9Mar\u00e9va Laville \/ Actu Toulouse)<\/p>\n<p class=\" wall-content\">Autre jardin-observatoire, bien connu des Toulousains\u2009: <strong>Pech David<\/strong>\u2009! Accessible gr\u00e2ce \u00e0 T\u00e9l\u00e9o, arr\u00eat H\u00f4pital Rangueil \u2013 Louis Lareng, ou via la route, cette grande \u00e9tendue de verdure offre une vue panoramique sur Toulouse, de l\u2019Oncopole aux pistes de l\u2019a\u00e9roport de Toulouse-Blagnac. En p\u00e9riode estivale, une guinguette est m\u00eame \u00e0 retrouver avec des soir\u00e9es organis\u00e9es.<\/p>\n<p>#4. Des sensations pour la soir\u00e9e<\/p>\n<p class=\" wall-content\"><a href=\"https:\/\/www.instagram.com\/p\/C_L1ftsq4lt\/embed\" title=\"Ouvrir le lien sur Instagram\" target=\"_blank\" rel=\"noopener\">Visualiser le contenu sur Instagram<\/a><\/p>\n<p class=\" wall-content\">Atteint de vertige\u2009? Abstenez-vous\u2009! La<strong> Grande roue<\/strong> install\u00e9e juste \u00e0 c\u00f4t\u00e9 de la guinguette Racines sur le port Viguerie \u00e0 Saint-Cyprien est pourtant un tr\u00e8s bon endroit pour regarder le soleil se coucher, la t\u00eate dans le vent.<\/p>\n<p>#5. Le parking des Carmes<\/p>\n<p class=\" wall-content\"><a href=\"https:\/\/www.instagram.com\/p\/C3sZ-K6MJRI\/embed\" title=\"Ouvrir le lien sur Instagram\" target=\"_blank\" rel=\"noopener\">Visualiser le contenu sur Instagram<\/a><\/p>\n<p class=\" wall-content\">Une adresse un peu plus atypique, \u00e0 laquelle on ne pense pas toujours\u2009: le <strong>parking des Carmes.<\/strong> Montez au dernier \u00e9tage, faufilez-vous entre les voitures et laissez-vous subjuguer par la tomb\u00e9e de la nuit sur les briques rouges en plein c\u0153ur du centre-ville.<\/p>\n<p>#6. Social hub<\/p>\n<p class=\" wall-content\"><a href=\"https:\/\/www.instagram.com\/p\/DK-JFDDt7i6\/embed\" title=\"Ouvrir le lien sur Instagram\" target=\"_blank\" rel=\"noopener\">Visualiser le contenu sur Instagram<\/a><\/p>\n<p class=\" wall-content\">Il fallait bien un rooftop dans cette s\u00e9lection\u2009! Encore peu connu des Toulousains qui favorisent d\u2019autres toits terrasses de la ville, le <strong>Social Hub<\/strong> dispose toutefois d\u2019un restaurant et m\u00eame d\u2019une piscine, le regard port\u00e9 sur la ville. De quoi profiter d\u2019un coucher de soleil avec m\u00eame la vue au loin sur les pistes de l\u2019a\u00e9roport Toulouse-Blagnac. Pensez \u00e0 r\u00e9server\u2026<\/p>\n<p>#7. Une promenade<\/p>\n<p class=\" wall-content\">Famili\u00e8re des coureurs ou des marcheurs du dimanche, la promenade en hauteur, qui longe la Garonne et les quartiers des Amidonniers et des Sept Deniers, s\u2019av\u00e8re \u00eatre un joli spot pour un coucher de soleil au calme. Asseyez-vous sur les bancs ou accoudez-vous \u00e0 la murette et admirez le paysage\u2009: ce soleil qui se couche presque sur la Garonne. Un endroit auquel on ne penserait pas\u2009!<\/p>\n<p>#8. Les quais<br \/>\n    <img   decoding=\"async\" loading=\"lazy\" src=\"https:\/\/www.europesays.com\/fr\/wp-content\/uploads\/2025\/07\/img-4011-960x640.jpg\" alt=\"Les quais : le dernier spot parfait pour admirer le coucher de soleil.\" width=\"960\" height=\"640\"\/><br \/>\n    Les quais\u2009: le dernier spot parfait pour admirer le coucher de soleil. (\u00a9L\u00e9a Afonso \/ Actu Toulouse)<\/p>\n<p class=\" wall-content\">Et pour finir notre s\u00e9lection, on ne pouvait pas passer \u00e0 c\u00f4t\u00e9 de ce lieu. C\u2019est sans doute le spot le plus classique de Toulouse, mais toujours aussi pris\u00e9 par petits et grands\u2009: <strong>les quais\u2009<\/strong>! Du jardin de la Daurade aux marches de Saint-Pierre en passant par les bords de Garonne assis \u00e0 m\u00eame le sol, la Ville rose offre un magnifique coucher de soleil sur la Garonne avec cette boule de feu qui dispara\u00eet derri\u00e8re le d\u00f4me de la Grave\u2009!<\/p>\n<p class=\" wall-content\">Suivez toute l\u2019actualit\u00e9 de vos villes et m\u00e9dias favoris en vous inscrivant \u00e0 <a href=\"https:\/\/moncompte.actu.fr\" title=\"D\u00e9couvez Mon Actu\" rel=\"nofollow noopener\" data-trk=\"{&quot;cta&quot;:{&quot;action&quot;:&quot;https:\\\/\\\/moncompte.actu.fr&quot;,&quot;category&quot;:&quot;mon compte&quot;,&quot;from&quot;:&quot;article footer&quot;,&quot;name&quot;:&quot;Mon actu&quot;,&quot;type&quot;:&quot;cta&quot;}}\" target=\"_blank\">Mon Actu<\/a>.<\/p>\n<ul class=\"ac-article-tag wall-content\">\n<li><a href=\"https:\/\/actu.fr\/tag\/garonne\" data-trk=\"{&quot;cta&quot;:{&quot;action&quot;:&quot;Garonne&quot;,&quot;category&quot;:&quot;tag&quot;,&quot;from&quot;:&quot;article footer&quot;,&quot;name&quot;:&quot;Garonne&quot;,&quot;type&quot;:&quot;cta&quot;}}\" target=\"_blank\" rel=\"noopener\">#Garonne<\/a><\/li>\n<li><a href=\"https:\/\/actu.fr\/tag\/sortir-a-toulouse\" data-trk=\"{&quot;cta&quot;:{&quot;action&quot;:&quot;Sortir \\u00e0 Toulouse&quot;,&quot;category&quot;:&quot;tag&quot;,&quot;from&quot;:&quot;article footer&quot;,&quot;name&quot;:&quot;Sortir \\u00e0 Toulouse&quot;,&quot;type&quot;:&quot;cta&quot;}}\" target=\"_blank\" rel=\"noopener\">#Sortir \u00e0 Toulouse<\/a><\/li>\n<\/ul>\n<p>                    <script async src=\"\/\/www.instagram.com\/embed.js\"><\/script><\/p>\n","protected":false},"excerpt":{"rendered":"Par L\u00e9a Afonso Publi\u00e9 le 12 juil. 2025 \u00e0 13h26 Toulouse, l\u2019\u00e9t\u00e9 et les couchers de soleil\u2026 C\u2019est&hellip;\n","protected":false},"author":2,"featured_media":244896,"comment_status":"","ping_status":"","sticky":false,"template":"","format":"standard","meta":{"footnotes":""},"categories":[2816],"tags":[1111,11,1777,674,1011,27,5601,1305,12,2680,25,1341,2312],"class_list":{"0":"post-244895","1":"post","2":"type-post","3":"status-publish","4":"format-standard","5":"has-post-thumbnail","7":"category-toulouse","8":"tag-actu","9":"tag-actualites","10":"tag-eu","11":"tag-europe","12":"tag-fr","13":"tag-france","14":"tag-garonne","15":"tag-lifestyle","16":"tag-news","17":"tag-occitanie","18":"tag-republique-francaise","19":"tag-sortir-a-toulouse","20":"tag-toulouse"},"share_on_mastodon":{"url":"https:\/\/pubeurope.com\/@fr\/114840258821901912","error":""},"_links":{"self":[{"href":"https:\/\/www.europesays.com\/fr\/wp-json\/wp\/v2\/posts\/244895","targetHints":{"allow":["GET"]}}],"collection":[{"href":"https:\/\/www.europesays.com\/fr\/wp-json\/wp\/v2\/posts"}],"about":[{"href":"https:\/\/www.europesays.com\/fr\/wp-json\/wp\/v2\/types\/post"}],"author":[{"embeddable":true,"href":"https:\/\/www.europesays.com\/fr\/wp-json\/wp\/v2\/users\/2"}],"replies":[{"embeddable":true,"href":"https:\/\/www.europesays.com\/fr\/wp-json\/wp\/v2\/comments?post=244895"}],"version-history":[{"count":0,"href":"https:\/\/www.europesays.com\/fr\/wp-json\/wp\/v2\/posts\/244895\/revisions"}],"wp:featuredmedia":[{"embeddable":true,"href":"https:\/\/www.europesays.com\/fr\/wp-json\/wp\/v2\/media\/244896"}],"wp:attachment":[{"href":"https:\/\/www.europesays.com\/fr\/wp-json\/wp\/v2\/media?parent=244895"}],"wp:term":[{"taxonomy":"category","embeddable":true,"href":"https:\/\/www.europesays.com\/fr\/wp-json\/wp\/v2\/categories?post=244895"},{"taxonomy":"post_tag","embeddable":true,"href":"https:\/\/www.europesays.com\/fr\/wp-json\/wp\/v2\/tags?post=244895"}],"curies":[{"name":"wp","href":"https:\/\/api.w.org\/{rel}","templated":true}]}}