{"id":244901,"date":"2025-07-12T12:30:14","date_gmt":"2025-07-12T12:30:14","guid":{"rendered":"https:\/\/www.europesays.com\/fr\/244901\/"},"modified":"2025-07-12T12:30:14","modified_gmt":"2025-07-12T12:30:14","slug":"ils-decouvrent-le-theatre-grace-a-culture-du-coeur","status":"publish","type":"post","link":"https:\/\/www.europesays.com\/fr\/244901\/","title":{"rendered":"Ils d\u00e9couvrent le th\u00e9\u00e2tre gr\u00e2ce \u00e0 Culture du c\u0153ur"},"content":{"rendered":"\n<p>Un bus, affr\u00e9t\u00e9 par l\u2019association Cultures du c\u0153ur\u00a013, est parti du 15e\u00a0arrondissement de Marseille, mardi 8 juillet, direction le Festival Off d\u2019Avignon. \u00c0 son bord\u00a0: des adolescents et enfants du centre social Del Rio (15e) et des familles, suivis par le Forum r\u00e9fugi\u00e9s de Sept\u00e8me-les-Vallons ou par la Maison d\u00e9partementale de la Solidarit\u00e9 (MDS) de La\u00a0Viste (15e). Pendant tout une journ\u00e9e, les 53\u00a0participants ont pu assister \u00e0 plusieurs repr\u00e9sentations et d\u00e9ambuler dans la cit\u00e9 des Papes.<\/p>\n<p> \u00ab Lever la barri\u00e8re psychologique \u00bb\n              <\/p>\n<p>\u00ab Dans une salle de th\u00e9\u00e2tre, on ne sait pas d\u2019o\u00f9 chacun vient. On voit et ressent les m\u00eames choses. On partage un moment ensemble. Et l\u2019inclusion, elle est l\u00e0\u00a0\u00bb, clame Karine Lac\u00f4me, directrice de l\u2019association. En amont, une m\u00e9diation dans chaque structure partenaire a permis \u00e0 tous d\u2019en savoir plus sur les rouages du festival. \u00ab\u00a0C\u2019est les mamans, avec les r\u00e9f\u00e9rentes sociales, qui ont d\u00e9cid\u00e9 les spectacles qu\u2019elles allaient voir, relate la directrice. Elles s\u2019impliquent aussi dans l\u2019organisation.\u00a0\u00bb<\/p>\n<p>Le partenariat nou\u00e9 avec le festival Off permet d\u2019obtenir des billets gratuits. \u00ab\u00a0On enl\u00e8ve la barri\u00e8re financi\u00e8re, mais il faut aussi lever la barri\u00e8re psychologique, car les participants consid\u00e8rent que le th\u00e9\u00e2tre n\u2019est pas pour eux, que c\u2019est r\u00e9serv\u00e9 \u00e0 ceux qui auraient des r\u00e9f\u00e9rences culturelles\u00a0\u00bb, expose Karine Lac\u00f4me. \u00c0 la suite du spectacle Yongoyely de la compagnie Circus Baobab, les enfants ont pu \u00e9changer avec les artistes. \u00ab\u00a0Ils \u00e9taient \u00e9merveill\u00e9s et ont pos\u00e9 des questions rigolotes comme\u00a0: \u00ab\u00a0Est-ce que vous \u00eates amoureux dans la vraie vie\u00a0?\u00a0\u00bb\u00a0\u00bb, livre la directrice, amus\u00e9e.<\/p>\n","protected":false},"excerpt":{"rendered":"Un bus, affr\u00e9t\u00e9 par l\u2019association Cultures du c\u0153ur\u00a013, est parti du 15e\u00a0arrondissement de Marseille, mardi 8 juillet, direction&hellip;\n","protected":false},"author":2,"featured_media":244902,"comment_status":"","ping_status":"","sticky":false,"template":"","format":"standard","meta":{"footnotes":""},"categories":[2814],"tags":[1111,11,1777,674,1011,27,37867,884,12,882,25],"class_list":{"0":"post-244901","1":"post","2":"type-post","3":"status-publish","4":"format-standard","5":"has-post-thumbnail","7":"category-marseille","8":"tag-actu","9":"tag-actualites","10":"tag-eu","11":"tag-europe","12":"tag-fr","13":"tag-france","14":"tag-lilia-fernandez","15":"tag-marseille","16":"tag-news","17":"tag-provence-alpes-cote-dazur","18":"tag-republique-francaise"},"share_on_mastodon":{"url":"https:\/\/pubeurope.com\/@fr\/114840274401712766","error":""},"_links":{"self":[{"href":"https:\/\/www.europesays.com\/fr\/wp-json\/wp\/v2\/posts\/244901","targetHints":{"allow":["GET"]}}],"collection":[{"href":"https:\/\/www.europesays.com\/fr\/wp-json\/wp\/v2\/posts"}],"about":[{"href":"https:\/\/www.europesays.com\/fr\/wp-json\/wp\/v2\/types\/post"}],"author":[{"embeddable":true,"href":"https:\/\/www.europesays.com\/fr\/wp-json\/wp\/v2\/users\/2"}],"replies":[{"embeddable":true,"href":"https:\/\/www.europesays.com\/fr\/wp-json\/wp\/v2\/comments?post=244901"}],"version-history":[{"count":0,"href":"https:\/\/www.europesays.com\/fr\/wp-json\/wp\/v2\/posts\/244901\/revisions"}],"wp:featuredmedia":[{"embeddable":true,"href":"https:\/\/www.europesays.com\/fr\/wp-json\/wp\/v2\/media\/244902"}],"wp:attachment":[{"href":"https:\/\/www.europesays.com\/fr\/wp-json\/wp\/v2\/media?parent=244901"}],"wp:term":[{"taxonomy":"category","embeddable":true,"href":"https:\/\/www.europesays.com\/fr\/wp-json\/wp\/v2\/categories?post=244901"},{"taxonomy":"post_tag","embeddable":true,"href":"https:\/\/www.europesays.com\/fr\/wp-json\/wp\/v2\/tags?post=244901"}],"curies":[{"name":"wp","href":"https:\/\/api.w.org\/{rel}","templated":true}]}}