{"id":244905,"date":"2025-07-12T12:32:16","date_gmt":"2025-07-12T12:32:16","guid":{"rendered":"https:\/\/www.europesays.com\/fr\/244905\/"},"modified":"2025-07-12T12:32:16","modified_gmt":"2025-07-12T12:32:16","slug":"levacuation-se-prepare-lfi-denonce-une-decision-inhumaine","status":"publish","type":"post","link":"https:\/\/www.europesays.com\/fr\/244905\/","title":{"rendered":"l\u2019\u00e9vacuation se pr\u00e9pare, LFI d\u00e9nonce une \u00ab\u00a0d\u00e9cision inhumaine\u00a0\u00bb"},"content":{"rendered":"<p>Sous les ponts des voies ferr\u00e9es, dans le 7e arrondissement de Lyon, les campements de sans-abri s&rsquo;\u00e9tendent d\u00e9sormais bien au-del\u00e0 du secteur de Jean Mac\u00e9. Boulevard Yves Farge, un second point de regroupement pr\u00e9caire s\u2019est form\u00e9, suscitant l\u2019inqui\u00e9tude des riverains et des autorit\u00e9s.\u00a0<\/p>\n<p>Le campement avait pris <a href=\"https:\/\/www.lyonmag.com\/article\/138778\/lyon-un-bidonville-dans-l-ombre-du-pont-de-la-gare-jean-mace\" target=\"_blank\" rel=\"noopener nofollow\">une telle ampleur<\/a> que des poubelles, des toilettes de chantier et un point d&rsquo;eau avaient \u00e9t\u00e9 install\u00e9s sous le pont de Jean Mac\u00e9.<\/p>\n<p>Selon la pr\u00e9fecture, ces zones pr\u00e9sentent des risques d\u2019incendie important et leur proximit\u00e9 avec les installations SNCF en font des lieux\u00a0particuli\u00e8rement sensibles du point de vue de la s\u00e9curit\u00e9.<\/p>\n<p>Les services de l&rsquo;\u00c9tat pointent aussi des \u00ab\u00a0probl\u00e9matiques de violence et de pratiques addictives\u00a0\u00bb, signal\u00e9es notamment par le CCAS. Plusieurs faits divers, dont des attaques \u00e0 l\u2019arme blanche, sont venus alourdir le tableau.<\/p>\n<p>Plus de quatre ans apr\u00e8s les premi\u00e8res alertes des riverains, notamment du CIL, la M\u00e9tropole de Lyon a enfin donn\u00e9 son accord \u00e0 une expulsion, rendue possible par une d\u00e9cision du tribunal administratif du 25 juin dernier. Si la date d\u2019intervention n\u2019a pas encore \u00e9t\u00e9 communiqu\u00e9e, l\u2019op\u00e9ration para\u00eet act\u00e9e.<\/p>\n<p><strong>\u00ab\u00a0D\u00e9cision inhumaine\u00a0\u00bb<\/strong><\/p>\n<p>Mais ce projet d\u2019\u00e9vacuation suscite une vive opposition de la part de La France insoumise du Rh\u00f4ne, qui d\u00e9nonce dans une \u00ab\u00a0d\u00e9cision inhumaine\u00a0\u00bb. Le mouvement politique demande \u00e0 la M\u00e9tropole de \u00ab\u00a0renoncer \u00e0 son intention d\u2019expulser sans solution d&rsquo;h\u00e9bergement ces campements\u00a0\u00bb et appelle la pr\u00e9fecture \u00e0 \u00ab\u00a0remplir son r\u00f4le en mati\u00e8re d\u2019h\u00e9bergement et de proposer une solution d\u2019h\u00e9bergement \u00e0 toutes les personnes sans-abri, en utilisant son pouvoir de r\u00e9quisition si n\u00e9cessaire.\u00a0\u00bb<\/p>\n<p>Le groupe affirme ne pas avoir re\u00e7u de r\u00e9ponse de la part des autorit\u00e9s, malgr\u00e9 une lettre adress\u00e9e \u00e0 la Mairie de Lyon, \u00e0 la M\u00e9tropole et \u00e0 la pr\u00e9fecture, cons\u00e9cutive aux annonces du maire Gr\u00e9gory Doucet lors de son bilan de mandat dans le 7e.<\/p>\n<p>Pour les insoumis, cette op\u00e9ration repr\u00e9senterait un danger suppl\u00e9mentaire pour les occupants. \u00ab\u00a0Contrairement \u00e0 une id\u00e9e re\u00e7ue, l\u2019\u00e9t\u00e9 est plus meurtrier que l\u2019hiver pour les personnes vivant \u00e0 la rue\u00a0\u00bb, \u00e9crivent-ils, rappelant que \u00ab\u00a0deux personnes meurent chaque jour dans la rue en France\u00a0\u00bb et que \u00ab\u00a0Lyon n\u2019\u00e9chappe pas \u00e0 cette hausse\u00a0\u00bb.<\/p>\n<p>Dans cette p\u00e9riode estivale marqu\u00e9e par de fortes chaleurs, LFI alerte : \u00ab\u00a0Chasser les occupants de ces deux camps les priverait d\u2019un acc\u00e8s vital \u00e0 une source d\u2019eau potable.\u00a0\u00bb Le mouvement appelle \u00e0 \u00ab\u00a0une coordination des pouvoirs publics\u00a0\u00bb pour que \u00ab\u00a0toute personne sans-abri ait acc\u00e8s \u00e0 un h\u00e9bergement d\u2019urgence\u00a0\u00bb.<\/p>\n","protected":false},"excerpt":{"rendered":"Sous les ponts des voies ferr\u00e9es, dans le 7e arrondissement de Lyon, les campements de sans-abri s&rsquo;\u00e9tendent d\u00e9sormais&hellip;\n","protected":false},"author":2,"featured_media":244906,"comment_status":"","ping_status":"","sticky":false,"template":"","format":"standard","meta":{"footnotes":""},"categories":[1889],"tags":[1111,11,2813,2190,2430,1109,251,1112,2811,1777,674,118,1011,27,1922,1110,1114,2428,2810,12,241,316,25,2812,517,800],"class_list":{"0":"post-244905","1":"post","2":"type-post","3":"status-publish","4":"format-standard","5":"has-post-thumbnail","7":"category-lyon","8":"tag-actu","9":"tag-actualites","10":"tag-article","11":"tag-asvel","12":"tag-auvergne-rhone-alpes","13":"tag-breves","14":"tag-culture","15":"tag-depeches","16":"tag-economique","17":"tag-eu","18":"tag-europe","19":"tag-faits-divers","20":"tag-fr","21":"tag-france","22":"tag-info","23":"tag-informations","24":"tag-infos","25":"tag-lyon","26":"tag-lyonmag","27":"tag-news","28":"tag-ol","29":"tag-politique","30":"tag-republique-francaise","31":"tag-sociale","32":"tag-sport","33":"tag-transports"},"share_on_mastodon":{"url":"https:\/\/pubeurope.com\/@fr\/114840282277773686","error":""},"_links":{"self":[{"href":"https:\/\/www.europesays.com\/fr\/wp-json\/wp\/v2\/posts\/244905","targetHints":{"allow":["GET"]}}],"collection":[{"href":"https:\/\/www.europesays.com\/fr\/wp-json\/wp\/v2\/posts"}],"about":[{"href":"https:\/\/www.europesays.com\/fr\/wp-json\/wp\/v2\/types\/post"}],"author":[{"embeddable":true,"href":"https:\/\/www.europesays.com\/fr\/wp-json\/wp\/v2\/users\/2"}],"replies":[{"embeddable":true,"href":"https:\/\/www.europesays.com\/fr\/wp-json\/wp\/v2\/comments?post=244905"}],"version-history":[{"count":0,"href":"https:\/\/www.europesays.com\/fr\/wp-json\/wp\/v2\/posts\/244905\/revisions"}],"wp:featuredmedia":[{"embeddable":true,"href":"https:\/\/www.europesays.com\/fr\/wp-json\/wp\/v2\/media\/244906"}],"wp:attachment":[{"href":"https:\/\/www.europesays.com\/fr\/wp-json\/wp\/v2\/media?parent=244905"}],"wp:term":[{"taxonomy":"category","embeddable":true,"href":"https:\/\/www.europesays.com\/fr\/wp-json\/wp\/v2\/categories?post=244905"},{"taxonomy":"post_tag","embeddable":true,"href":"https:\/\/www.europesays.com\/fr\/wp-json\/wp\/v2\/tags?post=244905"}],"curies":[{"name":"wp","href":"https:\/\/api.w.org\/{rel}","templated":true}]}}