{"id":244907,"date":"2025-07-12T12:33:11","date_gmt":"2025-07-12T12:33:11","guid":{"rendered":"https:\/\/www.europesays.com\/fr\/244907\/"},"modified":"2025-07-12T12:33:11","modified_gmt":"2025-07-12T12:33:11","slug":"noyade-a-lyon-le-corps-dun-homme-retrouve-dans-la-saone","status":"publish","type":"post","link":"https:\/\/www.europesays.com\/fr\/244907\/","title":{"rendered":"Noyade \u00e0 Lyon : le corps d&rsquo;un homme retrouv\u00e9 dans la Sa\u00f4ne"},"content":{"rendered":"<p>Dans la nuit de vendredi \u00e0 samedi, un homme de 31 est d\u00e9c\u00e9d\u00e9 dans la Sa\u00f4ne, \u00e0 Lyon. La victime s&rsquo;est noy\u00e9e.<\/p>\n<p>Terrible drame \u00e0 Lyon. Ce samedi 12 juillet, les pompiers du Rh\u00f4ne ont \u00e9t\u00e9 alert\u00e9s pour la disparition d&rsquo;un homme dans les eaux de <b>la Sa\u00f4ne<\/b>.<\/p>\n<p>La victime, \u00e2g\u00e9e de <b>31 ans<\/b>, a \u00e9t\u00e9 aper\u00e7ue par des t\u00e9moins dans le 4e arrondissement en train d&rsquo;entrer dans la rivi\u00e8re.<\/p>\n<p>Un homme de 31 meurt par noyade dans la Sa\u00f4ne<\/p>\n<p>Selon <a class=\"url\" href=\"https:\/\/www.leprogres.fr\/faits-divers-justice\/2025\/07\/12\/un-homme-de-31-ans-meurt-noye-dans-la-saone-a-lyon\" target=\"_blank\" rel=\"nofollow noopener\">Le Progr\u00e8s<\/a>, les pompiers et des plongeurs sont partis \u00e0 la recherche du trentenaire. Ils ont finalement d\u00e9couvert son corps dans la Sa\u00f4ne. L&rsquo;homme se serait noy\u00e9.<\/p>\n<p>Un drame qui intervient dans un contexte de hausse des d\u00e9c\u00e8s par noyade en France depuis le d\u00e9but du mois de juin.<\/p>\n<p>L&rsquo;agence Sant\u00e9 publique France a relev\u00e9 <b>109 noyades entre le 1er juin et le 2 juillet 2025<\/b>, une augmentation de moiti\u00e9 par rapport \u00e0 2024.<\/p>\n<p><img loading=\"lazy\" decoding=\"async\" src=\"https:\/\/www.europesays.com\/fr\/wp-content\/uploads\/2025\/07\/1752323591_461_img\" width=\"350\" height=\"200\" border=\"0\" title=\"Trois hommes ont \u00c3\u00a9t\u00c3\u00a9 arr\u00c3\u00aat\u00c3\u00a9s \u00c3\u00a0 Meyzieu, ils sont suspect\u00c3\u00a9s de tentative d'enl\u00c3\u00a8vement\"\/><\/p>\n<p>\u25baFaits divers<\/p>\n<p style=\"font-size: 22px;\"><b>Pr\u00e8s de Lyon : ils pr\u00e9paraient un enl\u00e8vement, trois hommes arr\u00eat\u00e9s<\/b><\/p>\n<p>Dans la soir\u00e9e du jeudi 10 juillet, trois hommes&#8230;<\/p>\n<p><\/p>\n","protected":false},"excerpt":{"rendered":"Dans la nuit de vendredi \u00e0 samedi, un homme de 31 est d\u00e9c\u00e9d\u00e9 dans la Sa\u00f4ne, \u00e0 Lyon.&hellip;\n","protected":false},"author":2,"featured_media":244908,"comment_status":"","ping_status":"","sticky":false,"template":"","format":"standard","meta":{"footnotes":""},"categories":[1889],"tags":[1111,11,2430,1777,674,1011,27,2428,18,12,7781,1311,25,35091],"class_list":{"0":"post-244907","1":"post","2":"type-post","3":"status-publish","4":"format-standard","5":"has-post-thumbnail","7":"category-lyon","8":"tag-actu","9":"tag-actualites","10":"tag-auvergne-rhone-alpes","11":"tag-eu","12":"tag-europe","13":"tag-fr","14":"tag-france","15":"tag-lyon","16":"tag-mort","17":"tag-news","18":"tag-noyade","19":"tag-pompiers","20":"tag-republique-francaise","21":"tag-sane"},"share_on_mastodon":{"url":"https:\/\/pubeurope.com\/@fr\/114840286322384268","error":""},"_links":{"self":[{"href":"https:\/\/www.europesays.com\/fr\/wp-json\/wp\/v2\/posts\/244907","targetHints":{"allow":["GET"]}}],"collection":[{"href":"https:\/\/www.europesays.com\/fr\/wp-json\/wp\/v2\/posts"}],"about":[{"href":"https:\/\/www.europesays.com\/fr\/wp-json\/wp\/v2\/types\/post"}],"author":[{"embeddable":true,"href":"https:\/\/www.europesays.com\/fr\/wp-json\/wp\/v2\/users\/2"}],"replies":[{"embeddable":true,"href":"https:\/\/www.europesays.com\/fr\/wp-json\/wp\/v2\/comments?post=244907"}],"version-history":[{"count":0,"href":"https:\/\/www.europesays.com\/fr\/wp-json\/wp\/v2\/posts\/244907\/revisions"}],"wp:featuredmedia":[{"embeddable":true,"href":"https:\/\/www.europesays.com\/fr\/wp-json\/wp\/v2\/media\/244908"}],"wp:attachment":[{"href":"https:\/\/www.europesays.com\/fr\/wp-json\/wp\/v2\/media?parent=244907"}],"wp:term":[{"taxonomy":"category","embeddable":true,"href":"https:\/\/www.europesays.com\/fr\/wp-json\/wp\/v2\/categories?post=244907"},{"taxonomy":"post_tag","embeddable":true,"href":"https:\/\/www.europesays.com\/fr\/wp-json\/wp\/v2\/tags?post=244907"}],"curies":[{"name":"wp","href":"https:\/\/api.w.org\/{rel}","templated":true}]}}