{"id":244925,"date":"2025-07-12T12:43:10","date_gmt":"2025-07-12T12:43:10","guid":{"rendered":"https:\/\/www.europesays.com\/fr\/244925\/"},"modified":"2025-07-12T12:43:10","modified_gmt":"2025-07-12T12:43:10","slug":"pres-de-60-deputes-appellent-a-reconnaitre-un-etat-palestinien","status":"publish","type":"post","link":"https:\/\/www.europesays.com\/fr\/244925\/","title":{"rendered":"pr\u00e8s de 60 d\u00e9put\u00e9s appellent \u00e0 reconna\u00eetre un \u00c9tat palestinien"},"content":{"rendered":"<p>Des d\u00e9put\u00e9s travaillistes ont \u00e9crit une lettre au ministre des Affaires \u00e9trang\u00e8res pour agir apr\u00e8s l\u2019annonce d\u2019Isra\u00ebl de vouloir construire une \u00abville humanitaire\u00bb pour l\u2019enti\u00e8ret\u00e9 de la population gazaouie.<\/p>\n<p class=\"fig-paragraph\">Pr\u00e8s de 60 d\u00e9put\u00e9s travaillistes souhaitent que le Royaume-Uni reconnaisse urgemment un \u00c9tat palestinien. Une demande qui fait suite \u00e0\u00a0<a href=\"http:\/\/www.lefigaro.fr\/international\/israel-veut-construire-une-ville-humanitaire-au-sud-de-la-bande-de-gaza-20250709\" data-fig-type=\"NewsFlash\" data-gtm-custom-categorie=\"navigation\" data-gtm-custom-action=\"crossclick\" data-gtm-custom-label=\"Contextuel\" data-gtm-event=\"customEventSPE\" data-fig-domain=\"LEFIGARO\" rel=\"nofollow noopener\" target=\"_blank\">l\u2019annonce d\u2019Isra\u00ebl de vouloir construire une \u00abville humanitaire\u00bb\u00a0<\/a>sur les ruines de Rafah (sud de l\u2019exclave palestinienne). Selon le journal britannique\u00a0<a href=\"https:\/\/www.theguardian.com\/politics\/2025\/jul\/12\/labour-mps-call-uk-immediately-recognise-palestinian-state\" target=\"_blank\" rel=\"sponsored noopener nofollow\" data-gtm-custom-categorie=\"navigation\" data-gtm-custom-action=\"crossclick\" data-gtm-custom-label=\"Contextuel\" data-gtm-event=\"customEventSPE\">The Guardian<\/a>, les d\u00e9put\u00e9s ont \u00e9crit ce jeudi \u00e0 David Lammy, secr\u00e9taire d\u2019\u00c9tat aux Affaires \u00e9trang\u00e8res, du Commonwealth et du D\u00e9veloppement du Royaume-Uni, pour lui indiquer que Gaza serait en train d\u2019\u00eatre \u00abnettoy\u00e9e ethniquement\u00bb.<\/p>\n<p class=\"fig-paragraph\">Ils lui r\u00e9clament alors de prendre des mesures pour emp\u00eacher Isra\u00ebl de mettre en \u0153uvre son plan \u00e0 Rafah, et de reconna\u00eetre le plus vite possible la Palestine comme \u00e9tant un \u00c9tat. \u00abC\u2019est avec une grande urgence et une grande inqui\u00e9tude que nous vous \u00e9crivons au sujet de l\u2019annonce faite lundi par le ministre isra\u00e9lien de la D\u00e9fense de son projet de transf\u00e9rer de force tous les civils palestiniens de Gaza vers un camp dans la ville en ruines de Rafah, sans leur permettre de partir\u00bb, ont \u00e9crit les d\u00e9put\u00e9s.<\/p>\n<p>                                    <a class=\"fig-a11y-skip a11y-hidden\" href=\"#fig-a11y-skip-main-inarticle\"><br \/>\n        Passer la publicit\u00e9<br \/>\n    <\/a><\/p>\n<p class=\"fig-paragraph\">Avant de poursuivre\u00a0: \u00abEn ne reconnaissant pas [la Palestine] comme un \u00c9tat, nous sapons notre propre politique de solution \u00e0 deux \u00c9tats et cr\u00e9ons l\u2019espoir que le statu quo puisse se poursuivre, et risquons de voir l\u2019effacement et l\u2019annexion effectifs du territoire palestinien.\u00bb<\/p>\n<p>\u00abNous sommes d\u00e9termin\u00e9s \u00e0 reconna\u00eetre un \u00c9tat palestinien\u00bb<\/p>\n<p class=\"fig-paragraph\">Un courrier qui fait \u00e9cho \u00e0 l\u2019appel d\u2019<a href=\"http:\/\/www.lefigaro.fr\/international\/gaza-pour-macron-la-reconnaissance-d-un-etat-palestinien-est-un-devoir-moral-et-une-exigence-politique-20250530\" data-fig-type=\"NewsFlash\" data-gtm-custom-categorie=\"navigation\" data-gtm-custom-action=\"crossclick\" data-gtm-custom-label=\"Contextuel\" data-gtm-event=\"customEventSPE\" data-fig-domain=\"LEFIGARO\" rel=\"nofollow noopener\" target=\"_blank\">Emmanuel Macron<\/a>\u00a0\u00e0 une reconnaissance commune de l\u2019\u00c9tat de Palestine par la France et le Royaume-Uni lors de son d\u00e9placement \u00e0 Londres ce jeudi 10 juillet, aux c\u00f4t\u00e9s du premier ministre britannique,\u00a0<a href=\"http:\/\/www.lefigaro.fr\/international\/royaume-uni-pour-keir-starmer-une-premiere-annee-de-pouvoir-en-eaux-agitees-20250703\" data-fig-type=\"Article\" data-gtm-custom-categorie=\"navigation\" data-gtm-custom-action=\"crossclick\" data-gtm-custom-label=\"Contextuel\" data-gtm-event=\"customEventSPE\" data-fig-domain=\"LEFIGARO\" rel=\"nofollow noopener\" target=\"_blank\">Keir Starmer<\/a>. D\u2019apr\u00e8s The Guardian, un porte-parole du minist\u00e8re des Affaires \u00e9trang\u00e8res a affirm\u00e9\u00a0: \u00abNous sommes d\u00e9termin\u00e9s \u00e0 reconna\u00eetre un \u00c9tat palestinien et \u00e0 le faire au moment o\u00f9 cela aura le plus d\u2019impact en faveur d\u2019un processus de paix.\u00bb<\/p>\n<p class=\"fig-paragraph\">C\u2019est la deuxi\u00e8me fois ces derni\u00e8res semaines que des d\u00e9put\u00e9s\u00a0<a href=\"https:\/\/www.theguardian.com\/politics\/labour\" target=\"_blank\" rel=\"sponsored noopener nofollow\" data-gtm-custom-categorie=\"navigation\" data-gtm-custom-action=\"crossclick\" data-gtm-custom-label=\"Contextuel\" data-gtm-event=\"customEventSPE\">travaillistes<\/a>\u00a0\u00e9crivent au gouvernement pour demander \u00e0 reconna\u00eetre l\u2019\u00c9tat de la Palestine. Une pr\u00e9c\u00e9dente lettre avait \u00e9t\u00e9 r\u00e9dig\u00e9e par des d\u00e9put\u00e9s, assistants parlementaires et ministres d\u00e9l\u00e9gu\u00e9s, mais tous avaient sign\u00e9 anonymement.<\/p>\n","protected":false},"excerpt":{"rendered":"Des d\u00e9put\u00e9s travaillistes ont \u00e9crit une lettre au ministre des Affaires \u00e9trang\u00e8res pour agir apr\u00e8s l\u2019annonce d\u2019Isra\u00ebl de&hellip;\n","protected":false},"author":2,"featured_media":244926,"comment_status":"","ping_status":"","sticky":false,"template":"","format":"standard","meta":{"footnotes":""},"categories":[1588],"tags":[11,3259,1777,674,12,3518,473,1853,1851,1850,1852],"class_list":{"0":"post-244925","1":"post","2":"type-post","3":"status-publish","4":"format-standard","5":"has-post-thumbnail","7":"category-royaume-uni","8":"tag-actualites","9":"tag-conflit-israelo-palestinien","10":"tag-eu","11":"tag-europe","12":"tag-news","13":"tag-palestine","14":"tag-royaume-uni","15":"tag-royaume-uni-de-grande-bretagne-et-dirlande-du-nord","16":"tag-uk","17":"tag-united-kingdom","18":"tag-united-kingdom-of-great-britain-and-northern-ireland"},"share_on_mastodon":{"url":"https:\/\/pubeurope.com\/@fr\/114840325686185969","error":""},"_links":{"self":[{"href":"https:\/\/www.europesays.com\/fr\/wp-json\/wp\/v2\/posts\/244925","targetHints":{"allow":["GET"]}}],"collection":[{"href":"https:\/\/www.europesays.com\/fr\/wp-json\/wp\/v2\/posts"}],"about":[{"href":"https:\/\/www.europesays.com\/fr\/wp-json\/wp\/v2\/types\/post"}],"author":[{"embeddable":true,"href":"https:\/\/www.europesays.com\/fr\/wp-json\/wp\/v2\/users\/2"}],"replies":[{"embeddable":true,"href":"https:\/\/www.europesays.com\/fr\/wp-json\/wp\/v2\/comments?post=244925"}],"version-history":[{"count":0,"href":"https:\/\/www.europesays.com\/fr\/wp-json\/wp\/v2\/posts\/244925\/revisions"}],"wp:featuredmedia":[{"embeddable":true,"href":"https:\/\/www.europesays.com\/fr\/wp-json\/wp\/v2\/media\/244926"}],"wp:attachment":[{"href":"https:\/\/www.europesays.com\/fr\/wp-json\/wp\/v2\/media?parent=244925"}],"wp:term":[{"taxonomy":"category","embeddable":true,"href":"https:\/\/www.europesays.com\/fr\/wp-json\/wp\/v2\/categories?post=244925"},{"taxonomy":"post_tag","embeddable":true,"href":"https:\/\/www.europesays.com\/fr\/wp-json\/wp\/v2\/tags?post=244925"}],"curies":[{"name":"wp","href":"https:\/\/api.w.org\/{rel}","templated":true}]}}