{"id":244927,"date":"2025-07-12T12:44:13","date_gmt":"2025-07-12T12:44:13","guid":{"rendered":"https:\/\/www.europesays.com\/fr\/244927\/"},"modified":"2025-07-12T12:44:13","modified_gmt":"2025-07-12T12:44:13","slug":"moto2-allemagne-qualifications-jake-dixon-et-barry-baltus-au-sommet-de-leur-art","status":"publish","type":"post","link":"https:\/\/www.europesays.com\/fr\/244927\/","title":{"rendered":"Moto2 Allemagne Qualifications : Jake Dixon et Barry Baltus au sommet de leur art"},"content":{"rendered":"<p><strong>Apr\u00e8s une courte pause, le Moto2 est de retour en piste<br \/>\npour d\u00e9buter la premi\u00e8re manche d\u2019un nouveau \u2018double header\u2019 en<br \/>\nAllemagne. Sur le circuit du Sachsenring, l\u2019\u00e9quipe allemande,<br \/>\nIntact GP, du leader du championnat, Manuel Gonzalez, tentera de<br \/>\nd\u00e9fendre ses int\u00e9r\u00eats sur ses terres. Pour \u00eatre satisfait, il<br \/>\nfaudrait que le team local conserve la t\u00eate du championnat pilote<br \/>\nau terme du week-end, ce qui ne sera pas une mince affaire, Aron<br \/>\nCanet pointant \u00e0 cinq points seulement de son<br \/>\ncompatriote.<\/strong><\/p>\n<tr valign=\"top\">\n<td style=\"color: #ff6600;\" width=\"30%\">\n<p style=\"background-color: #283555;\" align=\"center\"><strong>Moto2\u2122 Allemagne,<br \/>\nSachsenring<\/strong><\/p>\n<\/td>\n<td style=\"color: #ff6600;\" width=\"30%\">\n<p style=\"background-color: #283555;\" align=\"center\"><strong>2024<\/strong><\/p>\n<\/td>\n<td style=\"color: #ff6600;\" width=\"30%\">\n<p style=\"background-color: #283555;\" align=\"center\"><strong>2025<\/strong><\/p>\n<\/td>\n<\/tr>\n<tr valign=\"top\">\n<td style=\"text-align: center;\" width=\"30%\">FP<\/td>\n<td style=\"text-align: center;\" width=\"30%\">1\u201923.347 Marcos<br \/>\nRamirez<\/td>\n<td style=\"text-align: center;\" width=\"30%\">1\u201923.072 Joe<br \/>\nRoberts<\/td>\n<\/tr>\n<tr valign=\"top\">\n<td style=\"text-align: center;\" width=\"30%\">P1<\/td>\n<td style=\"text-align: center;\" width=\"30%\">1\u201922.698 Somkiat<br \/>\nChantra<\/td>\n<td style=\"text-align: center;\" width=\"30%\">1\u201922.329 Celestino<br \/>\nVietti<\/td>\n<\/tr>\n<tr valign=\"top\">\n<td style=\"text-align: center;\" width=\"30%\">P2<\/td>\n<td style=\"text-align: center;\" width=\"30%\">1\u201922.744 Aron<br \/>\nCanet<\/td>\n<td style=\"text-align: center;\" width=\"30%\">1\u201931.613 Tony<br \/>\nArbolino<\/td>\n<\/tr>\n<tr valign=\"top\">\n<td style=\"text-align: center;\" width=\"30%\">Q1<\/td>\n<td style=\"text-align: center;\" width=\"30%\">1\u201923.111 Celestino<br \/>\nVietti<\/td>\n<td style=\"text-align: center;\" width=\"30%\">1\u201933.931 Barry<br \/>\nBaltus<\/td>\n<\/tr>\n<tr valign=\"top\">\n<td style=\"text-align: center;\" width=\"30%\">Q2<\/td>\n<td style=\"text-align: center;\" width=\"30%\">1\u201922.778 Celestino<br \/>\nVietti<\/td>\n<td style=\"text-align: center;\" width=\"30%\">1\u201933.487 Jake<br \/>\nDixon<\/td>\n<\/tr>\n<tr valign=\"top\">\n<td style=\"text-align: center;\" width=\"30%\">Course<\/td>\n<td style=\"text-align: center;\" width=\"30%\">Aldeguer, Dixon, Ogura<br \/>\n(<a href=\"https:\/\/www.paddock-gp.com\/moto2-allemagne-course-aldeguer-ne-trouve-pas-de-resistance\/\" target=\"_blank\" rel=\"noopener nofollow\"><strong style=\"font-family: inherit; font-size: inherit;\">Voir<br \/>\nici<\/strong><\/a>)<\/td>\n<td style=\"text-align: center;\" width=\"30%\"\/>\n<\/tr>\n<tr valign=\"top\">\n<td style=\"text-align: center;\" width=\"30%\">Record<\/td>\n<td style=\"text-align: center;\" width=\"30%\">1\u201922.698 Somkiat<br \/>\nChantra 2024<\/td>\n<td style=\"text-align: center;\" width=\"30%\"\/>\n<\/tr>\n<p><strong>Qualification 1 :<\/strong><\/p>\n<p>Sous des conditions difficiles, les pilotes de Moto2 s\u2019appr\u00eatent<br \/>\n\u00e0 prendre la piste pour la deuxi\u00e8me fois ce samedi.\u00a0La Q1 du<br \/>\nGrand Prix d\u2019Allemagne de Moto2 d\u00e9bute, en effet, sous la pluie, et<br \/>\naccueille de s\u00e9rieux concurrents. Hier apr\u00e8s-midi, Diogo Moreira et<br \/>\nBarry Baltus ne sont pas parvenus \u00e0 se qualifier dans le top-14.<br \/>\nApr\u00e8s un bon r\u00e9sultat dans la matin\u00e9e, ils apparaissent malgr\u00e9 tout<br \/>\ncomme les favoris pour d\u00e9crocher l\u2019une des quatre places encore<br \/>\ndisponibles en Q2.<\/p>\n<p>C\u2019est aussi le cas de Jake Dixon et d\u2019Albert Arenas, ce n\u2019est<br \/>\ndonc pas une surprise si ces quatre hommes se placent rapidement<br \/>\naux quatre premi\u00e8res positions dans cette s\u00e9ance. Le Belge m\u00e8ne<br \/>\nalors la danse, avec un temps en 1:35.717.<\/p>\n<p>Les temps au tour tombent peu \u00e0 peu au fil de la s\u00e9ance, et le<br \/>\nBelge conclut avec une marque en 1:33.931, pour se propulser<br \/>\ndirectement en Q2. Il est suivi par Jake Dixon, Izan Guevara et<br \/>\nAlbert Arenas.<\/p>\n<p>De son c\u00f4t\u00e9, Diogo Moreira passe \u00e0 c\u00f4t\u00e9 de sa s\u00e9ance, et termine<br \/>\nonzi\u00e8me au classement g\u00e9n\u00e9ral. Il devra prendre le d\u00e9part sur<br \/>\nl\u2019avant-derni\u00e8re ligne de la grille de d\u00e9part ce dimanche.<\/p>\n<p><a href=\"https:\/\/www.paddock-gp.com\/wp-content\/uploads\/2025\/07\/Capture-decran-2025-07-12-a-14.12.13.png\" rel=\"nofollow noopener\" target=\"_blank\"><br \/>\n<img loading=\"lazy\" decoding=\"async\" class=\"aligncenter wp-image-1308946 size-large\" src=\"https:\/\/www.europesays.com\/fr\/wp-content\/uploads\/2025\/07\/Capture-decran-2025-07-12-a-14.12.13-512x400.png\" alt=\"\" width=\"512\" height=\"400\"  \/><\/a><\/p>\n<p><strong>Qualification 2 :<\/strong><\/p>\n<p>La Q2 du Grand Prix d\u2019Allemagne de Moto2 d\u00e9bute dans les m\u00eames<br \/>\nconditions que la s\u00e9ance pr\u00e9c\u00e9dente, et les pilotes qui sont pass\u00e9s<br \/>\npar la Q1 ont d\u00e9j\u00e0 une bonne connaissance de la piste. Barry Baltus<br \/>\net Jake Dixon enchainent ainsi les chronos rapides. Le Belge se<br \/>\npla\u00e7ant en t\u00eate de la hi\u00e9rarchie avec un temps en 1:33.714, devant<br \/>\nle Britannique, qu\u2019il rel\u00e8gue \u00e0 six dixi\u00e8mes.<\/p>\n<p>Derri\u00e8re, les leaders du championnat gal\u00e8rent. Avant les toutes<br \/>\nderni\u00e8res tentatives, Aron Canet se classe 7e, tandis que Manuel<br \/>\nGonzalez occupe le 16e rang provisoire. Les choses vont d\u2019autant<br \/>\nplus se corser pour le pilote Fantic Racing qu\u2019il va perdre le<br \/>\ncontr\u00f4le de sa moto dans le secteur 2. Il chute et met fin \u00e0 ses<br \/>\nespoirs de pole position.<\/p>\n<p>\u00c0 une minute de la fin du temps imparti, Senna Agius prend la<br \/>\nt\u00eate des op\u00e9ration, battant le chrono de Barry Baltus de 76<br \/>\nmilli\u00e8mes. Il part \u00e0 la faute juste apr\u00e8s cette tentative, laissant<br \/>\nson sort entre les mains de ses rivaux. Jake Dixon am\u00e9liore, et<br \/>\nprend les commandes de l\u2019\u00e9preuve.<\/p>\n<p>Lors de leur ultime tentative, Tony Arbolino et Barry Baltus se<br \/>\nsuivent et encha\u00eenent les meilleurs secteurs. Alors que l\u2019Italien<br \/>\nl\u00e2che dans le dernier secteur, le Belge poursuit son effort, mais<br \/>\n\u00e9choue \u00e0 70 milli\u00e8mes de la pole. Une pole que Jake Dixon d\u00e9fendra<br \/>\ndonc demain en course.<\/p>\n<p><strong>Moto2 Allemagne \u2013 Le classement de la Q2 :<\/strong><\/p>\n<p><a href=\"https:\/\/www.paddock-gp.com\/wp-content\/uploads\/2025\/07\/Capture-decran-2025-07-12-a-14.38.13.png\" rel=\"nofollow noopener\" target=\"_blank\"><br \/>\n<img loading=\"lazy\" decoding=\"async\" class=\"aligncenter wp-image-1308948\" src=\"https:\/\/www.europesays.com\/fr\/wp-content\/uploads\/2025\/07\/Capture-decran-2025-07-12-a-14.38.13-381x400.png\" alt=\"\" width=\"400\" height=\"420\"  \/><\/a><\/p>\n<p><strong>Classement : <a href=\"https:\/\/mototiming.live\/stats\" rel=\"nofollow noopener\" target=\"_blank\">MotoGP.com<\/a><\/strong><\/p>\n","protected":false},"excerpt":{"rendered":"Apr\u00e8s une courte pause, le Moto2 est de retour en piste pour d\u00e9buter la premi\u00e8re manche d\u2019un nouveau&hellip;\n","protected":false},"author":2,"featured_media":244928,"comment_status":"","ping_status":"","sticky":false,"template":"","format":"standard","meta":{"footnotes":""},"categories":[1587],"tags":[11,672,1804,1805,1803,1777,674,1801,12,1802],"class_list":{"0":"post-244927","1":"post","2":"type-post","3":"status-publish","4":"format-standard","5":"has-post-thumbnail","7":"category-allemagne","8":"tag-actualites","9":"tag-allemagne","10":"tag-bundesrepublik-deutschland","11":"tag-de","12":"tag-deutschland","13":"tag-eu","14":"tag-europe","15":"tag-germany","16":"tag-news","17":"tag-republique-federale-dallemagne"},"share_on_mastodon":{"url":"https:\/\/pubeurope.com\/@fr\/114840329604260013","error":""},"_links":{"self":[{"href":"https:\/\/www.europesays.com\/fr\/wp-json\/wp\/v2\/posts\/244927","targetHints":{"allow":["GET"]}}],"collection":[{"href":"https:\/\/www.europesays.com\/fr\/wp-json\/wp\/v2\/posts"}],"about":[{"href":"https:\/\/www.europesays.com\/fr\/wp-json\/wp\/v2\/types\/post"}],"author":[{"embeddable":true,"href":"https:\/\/www.europesays.com\/fr\/wp-json\/wp\/v2\/users\/2"}],"replies":[{"embeddable":true,"href":"https:\/\/www.europesays.com\/fr\/wp-json\/wp\/v2\/comments?post=244927"}],"version-history":[{"count":0,"href":"https:\/\/www.europesays.com\/fr\/wp-json\/wp\/v2\/posts\/244927\/revisions"}],"wp:featuredmedia":[{"embeddable":true,"href":"https:\/\/www.europesays.com\/fr\/wp-json\/wp\/v2\/media\/244928"}],"wp:attachment":[{"href":"https:\/\/www.europesays.com\/fr\/wp-json\/wp\/v2\/media?parent=244927"}],"wp:term":[{"taxonomy":"category","embeddable":true,"href":"https:\/\/www.europesays.com\/fr\/wp-json\/wp\/v2\/categories?post=244927"},{"taxonomy":"post_tag","embeddable":true,"href":"https:\/\/www.europesays.com\/fr\/wp-json\/wp\/v2\/tags?post=244927"}],"curies":[{"name":"wp","href":"https:\/\/api.w.org\/{rel}","templated":true}]}}