{"id":244938,"date":"2025-07-12T12:50:15","date_gmt":"2025-07-12T12:50:15","guid":{"rendered":"https:\/\/www.europesays.com\/fr\/244938\/"},"modified":"2025-07-12T12:50:15","modified_gmt":"2025-07-12T12:50:15","slug":"lamateur-paul-franquet-meilleur-francais-a-las-castillas","status":"publish","type":"post","link":"https:\/\/www.europesays.com\/fr\/244938\/","title":{"rendered":"L&rsquo;amateur Paul Franquet meilleur Fran\u00e7ais \u00e0 Las Castillas"},"content":{"rendered":"<p>\t\t\t\t\t\t<img width=\"770\" height=\"556\" src=\"https:\/\/www.europesays.com\/fr\/wp-content\/uploads\/2025\/07\/54567392686_c956b686f3_4k-770x556.jpg\" class=\"img-responsive wp-post-image\" alt=\"\" decoding=\"async\" fetchpriority=\"high\"  \/>\t\t\t\t\t<\/p>\n<p>\t\t\t\t\t\t Partager cet article <\/p>\n<p class=\"screen-reader-text juiz_sps_maybe_hidden_text\">Partager la publication \u00ab\u00a0L\u2019amateur Paul Franquet meilleur Fran\u00e7ais \u00e0 Las Castillas\u00a0\u00bb<\/p>\n<p><strong>\u00c0 trois coups du vainqueur Antonio Hortal, Paul Franquet a sign\u00e9 sa meilleure performance de la saison avec une solide septi\u00e8me place.<\/strong><\/p>\n<p>\u00a0<\/p>\n<p>Cet <strong>Alps de Las Castillas<\/strong> s\u2019est jou\u00e9 dans les derniers instants. Leader apr\u00e8s 53 trous, <strong>Javier Barcos<\/strong> a tr\u00e9buch\u00e9 sur l\u2019ultime obstacle avec un bogey. Il a finalement vu son compatriote espagnol<strong> Antonio Hortal<\/strong> l\u2019emporter d\u2019un petit coup gr\u00e2ce \u00e0 trois birdies sur les trois derniers trous. L\u2019Italien <strong>Filippo Bergamaschi<\/strong> et l\u2019amateur <strong>Esteban Vazquez Martin<\/strong> ont, eux aussi, termin\u00e9 \u00e0 la deuxi\u00e8me place.<\/p>\n<p><a href=\"https:\/\/alpstourgolf.com\/reports?url=https%3A%2F%2Falps.ocs-ffg.com%2Ftic%2Ftmresult.cgi%3Ftourn%3DESP2~season%3D2025result%3DPF~%26&amp;id=2025&amp;code=ESP2&amp;title=Final%20Result\" target=\"_blank\" rel=\"noopener nofollow\">Le classement complet<\/a>.<\/p>\n<p>C\u00f4t\u00e9 tricolore, seul <strong>Paul Franquet<\/strong> a r\u00e9ussi \u00e0 se hisser dans le top 10. <a href=\"https:\/\/www.golfplanete.com\/actualites\/12-ans-apres-saint-nom-la-breteche-a-nouveau-titre\/\" rel=\"nofollow noopener\" target=\"_blank\">Le r\u00e9cent vainqueur de la Gounouilhou avec <strong>Saint-Nom-la-Bret\u00e8che<\/strong><\/a> a sign\u00e9 un excellent 66 (-6) pour remonter \u00e0 la septi\u00e8me place, \u00e0 trois unit\u00e9s du vainqueur. Le jeune homme de 20 ans a ainsi enregistr\u00e9 sa meilleure performance de la saison.<\/p>\n<p>\t\t\t\t\t<a id=\"178042\" href=\"https:\/\/leclub-golf.com\/fr\/actualites\/team-sud-ouest-vs-team-sud-est-le-duel-de-lete?utm_source=golf+planete&amp;utm_medium=referral&amp;utm_campaign=team+sud&amp;utm_id=team+sud_golf+planete_referral_banner\" target=\"_blank\" rel=\"sponsorised nofollow noopener\"><img decoding=\"async\" src=\"data:image\/svg+xml,%3Csvg%20xmlns=\" http:=\"\" class=\"img-responsive\" alt=\"\" data-lazy-src=\"https:\/\/www.europesays.com\/fr\/wp-content\/uploads\/2025\/07\/leclubgolf-e08-duel-teams-1170x275-1.png\"\/><\/a><\/p>\n<p><strong>Quentin Debove<\/strong> a, quant \u00e0 lui, pris la 14e place de l\u2019\u00e9preuve jou\u00e9e au sud-est de l\u2019Espagne, sur le parcours du <strong>Club de Golf Las Pinaillas<\/strong>, apr\u00e8s trois cartes sous les 70. Il a ainsi r\u00e9int\u00e9gr\u00e9 le top 5 du g\u00e9n\u00e9ral.<\/p>\n<p>\u00a0<\/p>\n<p>\u00a0<\/p>\n<p>Le leaderboard<\/p>\n<p><img loading=\"lazy\" decoding=\"async\" class=\"alignnone size-image-largeur-770 wp-image-179190\" src=\"data:image\/svg+xml,%3Csvg%20xmlns=\" http:=\"\" alt=\"\" width=\"770\" height=\"328\" data-lazy- data-lazy- data-lazy-src=\"https:\/\/www.europesays.com\/fr\/wp-content\/uploads\/2025\/07\/capture-decran-2025-07-12-a-01.28.05-770x328.png\"\/><\/p>\n<p>\u00a0<\/p>\n<p>\u00a9Alps Tour Golf \/ Raffaele Canepa<\/p>\n<p>\u00a0<\/p>\n","protected":false},"excerpt":{"rendered":"Partager cet article Partager la publication \u00ab\u00a0L\u2019amateur Paul Franquet meilleur Fran\u00e7ais \u00e0 Las Castillas\u00a0\u00bb \u00c0 trois coups du&hellip;\n","protected":false},"author":2,"featured_media":244939,"comment_status":"","ping_status":"","sticky":false,"template":"","format":"standard","meta":{"footnotes":""},"categories":[1418],"tags":[1011,27,1472,60],"class_list":{"0":"post-244938","1":"post","2":"type-post","3":"status-publish","4":"format-standard","5":"has-post-thumbnail","7":"category-golf","8":"tag-fr","9":"tag-france","10":"tag-golf","11":"tag-sports"},"share_on_mastodon":{"url":"https:\/\/pubeurope.com\/@fr\/114840353114361489","error":""},"_links":{"self":[{"href":"https:\/\/www.europesays.com\/fr\/wp-json\/wp\/v2\/posts\/244938","targetHints":{"allow":["GET"]}}],"collection":[{"href":"https:\/\/www.europesays.com\/fr\/wp-json\/wp\/v2\/posts"}],"about":[{"href":"https:\/\/www.europesays.com\/fr\/wp-json\/wp\/v2\/types\/post"}],"author":[{"embeddable":true,"href":"https:\/\/www.europesays.com\/fr\/wp-json\/wp\/v2\/users\/2"}],"replies":[{"embeddable":true,"href":"https:\/\/www.europesays.com\/fr\/wp-json\/wp\/v2\/comments?post=244938"}],"version-history":[{"count":0,"href":"https:\/\/www.europesays.com\/fr\/wp-json\/wp\/v2\/posts\/244938\/revisions"}],"wp:featuredmedia":[{"embeddable":true,"href":"https:\/\/www.europesays.com\/fr\/wp-json\/wp\/v2\/media\/244939"}],"wp:attachment":[{"href":"https:\/\/www.europesays.com\/fr\/wp-json\/wp\/v2\/media?parent=244938"}],"wp:term":[{"taxonomy":"category","embeddable":true,"href":"https:\/\/www.europesays.com\/fr\/wp-json\/wp\/v2\/categories?post=244938"},{"taxonomy":"post_tag","embeddable":true,"href":"https:\/\/www.europesays.com\/fr\/wp-json\/wp\/v2\/tags?post=244938"}],"curies":[{"name":"wp","href":"https:\/\/api.w.org\/{rel}","templated":true}]}}