{"id":244940,"date":"2025-07-12T12:52:11","date_gmt":"2025-07-12T12:52:11","guid":{"rendered":"https:\/\/www.europesays.com\/fr\/244940\/"},"modified":"2025-07-12T12:52:11","modified_gmt":"2025-07-12T12:52:11","slug":"hari-et-iulian-dumitras-deux-generations-deux-reconversions-jamais-loin-du-rugby","status":"publish","type":"post","link":"https:\/\/www.europesays.com\/fr\/244940\/","title":{"rendered":"Hari et Iulian Dumitras, deux g\u00e9n\u00e9rations, deux reconversions jamais loin du rugby"},"content":{"rendered":"<p>Les chiens ne font pas des chats comme disaient nos grands-m\u00e8res. Quand Hari Dumitras, 65\u00a0ans, salue son fils Iulian, 43\u00a0ans, le visiteur se sent un peu comme le Lilliputien qui d\u00e9barquerait chez les Gulliver. Les deux sommets des Carpates culminent \u00e0 1\u00a0m 92 et pr\u00e9sentent un paysage musculeux comparable. \u00c0 une g\u00e9n\u00e9ration d\u2019intervalle, ces deux B\u00e9arnais d\u2019adoption ont fait le bonheur de la Section Paloise (1990-1994\u00a0; 2005-2009) et de la s\u00e9lection Roumaine de rugby (47 et 50 s\u00e9lections).<\/p>\n<p>Le p\u00e8re a arr\u00eat\u00e9 sa carri\u00e8re pro en 1994 quelques ann\u00e9es avant que son fils ne prenne la rel\u00e8ve. Iulian a tir\u00e9 sa r\u00e9v\u00e9rence en 2010 apr\u00e8s une blessure au genou. \u00ab\u00a0J\u2019ai compris la r\u00e9alit\u00e9 du march\u00e9 du travail de mani\u00e8re abrupte\u00a0\u00bb, explique l\u2019arri\u00e8re qui est aussi pass\u00e9 par Dax, le Stadoceste Tarbais ou Albi. \u00ab\u00a0Tu te dis mince, je n\u2019ai qu\u2019un BEP \u00e9lectrotechnique, qu\u2019est-ce que je fais\u00a0? Tu essaies de demander des petits coups de main et en g\u00e9n\u00e9ral, c\u2019est l\u00e0 o\u00f9 tu tombes de haut. Toutes ces personnes qui venaient te taper sur l\u2019\u00e9paule en te disant \u00ab\u00a0N\u2019h\u00e9site pas \u00e0 m\u2019appeler\u00a0\u00bb te tournent bien souvent le dos le jour o\u00f9 tu en as besoin.\u00a0\u00bb<\/p>\n<p>\u00ab\u00a0Pour la g\u00e9n\u00e9ration de Iulian, c\u2019est plus compliqu\u00e9 parce qu\u2019ils \u00e9taient professionnels et ne vivaient que pour le rugby, abonde Haralambie, alias Hari. Moi, sur mon CV j\u2019ai pu inscrire des exp\u00e9riences, j\u2019avais travaill\u00e9 au garage Renault de la route de Tarbes \u00e0 Pau, \u00e0 la Cave de Juran\u00e7on. J\u2019ai aussi pu me former et obtenir un dipl\u00f4me d\u2019\u00e9tat de management sportif de haut niveau \u00e0 Toulouse.\u00a0\u00bb<\/p>\n<p>La g\u00e9n\u00e9ration Hari dans le public<\/p>\n<p>Pour Hari et ses acolytes, la porte de sortie menait souvent aux collectivit\u00e9s locales. Les municipalit\u00e9s et conseils g\u00e9n\u00e9raux soutenaient les clubs fanions qui ne manquaient pas d\u2019y placer leurs ouailles. \u00ab\u00a0Beaucoup de copains de ma g\u00e9n\u00e9ration ont fait toute leur carri\u00e8re \u00e0 la Ville, reprend Dumitras l\u2019ancien. Une fois lanc\u00e9, tu ne cherches pas forc\u00e9ment \u00e0 partir ailleurs.\u00a0\u00bb<\/p>\n<p>Lui a pris l\u2019autre voie g\u00e9n\u00e9rale, qui consistait \u00e0 convertir un statut de rugbyman international en emploi f\u00e9d\u00e9ral. Son dipl\u00f4me d\u2019\u00e9tat a permis \u00e0 Hari de candidater \u00e0 des postes de conseiller technique. Le poste qu\u2019il occupe toujours aujourd\u2019hui en Bigorre. Le g\u00e9ant a aussi donn\u00e9 de son temps pour son pays comme directeur technique national, s\u00e9lectionneur et pr\u00e9sident de la f\u00e9d\u00e9 roumaine.<\/p>\n<p>\u00ab\u00a0On a mis en place des projets, fait avancer les choses gr\u00e2ce aux partenaires fran\u00e7ais notamment. J\u2019ai pu entrer \u00e0 World rugby gr\u00e2ce \u00e0 mon ami Bernard Lapasset. Mais tout n\u2019a pas march\u00e9. Les relations avec les dirigeants de la f\u00e9d\u00e9ration et les minist\u00e8res sont difficiles. La Roumanie vit beaucoup avec le pass\u00e9, si tu arrives avec une vision nouvelle, tu n\u2019es pas forc\u00e9ment accueilli \u00e0 bras ouverts.\u00a0\u00bb<\/p>\n<blockquote><p>\u00ab\u00a0J\u2019ai commenc\u00e9 par faire un \u00e9tat des lieux de moi-m\u00eame et ce dont je suis capable. J\u2019ai compris qu\u2019avec mon caract\u00e8re, je ne pourrais pas \u00eatre command\u00e9 par quelqu\u2019un\u00a0\u00bb<\/p><\/blockquote>\n<p>Quinze ans plus tard, Iulian ne s\u2019y est pas aventur\u00e9, trop occup\u00e9 par sa vie professionnelle en France. \u00ab\u00a0\u00c7a ne m\u2019emp\u00eache pas de discuter avec les anciens internationaux, surtout quand on voit l\u2019\u00e9tat de la f\u00e9d\u00e9ration roumaine aujourd\u2019hui, souffle le fiston. Tant que les mentalit\u00e9s ne changeront pas, que les jeunes joueurs se contenteront de jouer en Roumanie et ne viendront pas s\u2019aguerrir en France comme les G\u00e9orgiens, par exemple, \u00e7a n\u2019\u00e9voluera pas. J\u2019ai essay\u00e9 d\u2019en faire venir mais \u00e7a n\u2019a pas march\u00e9.\u00a0\u00bb<\/p>\n<p>Iulian et les copains dans le priv\u00e9<\/p>\n<p>Et puis, Iulian a bien trop \u00e0 penser. Dumitras le jeune a rapidement bascul\u00e9 dans son apr\u00e8s-carri\u00e8re, moyennant une p\u00e9riode de profonde remise en question. \u00ab\u00a0J\u2019ai commenc\u00e9 par faire un \u00e9tat des lieux de moi-m\u00eame et ce dont je suis capable. J\u2019ai compris qu\u2019avec mon caract\u00e8re, je ne pourrais pas \u00eatre command\u00e9 par quelqu\u2019un. Il fallait que je monte ma propre bo\u00eete. C\u2019est le cas de beaucoup de copains, Abder Agueb dans l\u2019assurance, Jean-Charles Cistacq dans le commerce, Jean-Marc Souverbie dans la compta\u2026\u00a0\u00bb<\/p>\n<p>La majorit\u00e9 de cette g\u00e9n\u00e9ration est aujourd\u2019hui dans le priv\u00e9. \u00ab\u00a0J\u2019ai eu plusieurs pistes et j\u2019ai choisi le domaine de l\u2019\u00e9quipement sportif. En 2011, j\u2019ai convaincu les dirigeants de la marque irlandaise O\u2019Neills de l\u2019importer en France.\u00a0\u00bb L\u2019ellipse narrative ne saurait raconter comment l\u2019ex capitaine de la s\u00e9lection roumaine a convaincu le patron.<\/p>\n<p>\u00ab\u00a0O\u2019Neills \u00e9tait l\u2019\u00e9quipementier de la Roumanie et en 2007, il m\u2019avait laiss\u00e9 une carte pendant un apr\u00e8s-match de la Coupe du monde. Quand je me suis retrouv\u00e9 dans la panade, je l\u2019ai appel\u00e9 et j\u2019ai pu lui pr\u00e9senter mon projet.\u00a0Lui, il a r\u00e9pondu.\u00a0\u00bb Si O\u2019neills et ses pr\u00e8s de 2000 salari\u00e9s irriguent le march\u00e9 britannique, Iulian Dumitras pensait que la marque pouvait voir plus loin. \u00ab\u00a0Il y avait la place de d\u00e9velopper quelque chose ici parce que le sport fran\u00e7ais a davantage de moyens.\u00a0\u00bb<\/p>\n<p>L\u2019aventure O\u2019Neills<\/p>\n<p>        <img decoding=\"async\" id=\"25074000\" src=\"https:\/\/www.europesays.com\/fr\/wp-content\/uploads\/2025\/07\/oneills-maillots.jpg\" alt=\"Une partie des maillots de clubs r\u00e9alis\u00e9s par O\u2019Neills en France.\" itemprop=\"contentURL\"\/><\/p>\n<p>    Une partie des maillots de clubs r\u00e9alis\u00e9s par O\u2019Neills en France.<\/p>\n<p>Romain Bely<\/p>\n<p>L\u2019\u00e9quipementier, qui r\u00e9alise l\u2019ensemble de ses productions en Europe, est aussi l\u2019un des rares \u00e0 discuter en direct avec les clubs pros ou semi-pros. \u00ab\u00a0Notre march\u00e9, c\u2019est vraiment les clubs amateurs. On travaille chaque ann\u00e9e avec \u00e0 peu pr\u00e8s de 200 clubs de rugby (90\u00a0%), foot et hand, explique le directeur France. On est les seuls \u00e0 faire de la personnalisation de v\u00eatements avec des quantit\u00e9s et des d\u00e9lais de traitement aussi courts.\u00a0\u00bb De Bizanos \u00e0 Lourdes, en passant par Tarbes, beaucoup de ces clubs sont \u00e9tablis dans les environs mais on voit la marque sur des maillots en Gironde, en r\u00e9gion parisienne et dans le Grand Est.<\/p>\n<p>\u00ab\u00a0Habiller la Section un jour, c\u2019est une de mes priorit\u00e9s, poursuit Iulian. C\u2019est mon club de c\u0153ur, celui qui m\u2019a fait grandir. Apr\u00e8s, il faut tout calculer. Si on prend la Section, l\u2019investissement peut-il nous permettre de conqu\u00e9rir de nouvelles parts de march\u00e9\u00a0?\u00a0\u00bb Le c\u0153ur, seul, n\u2019est pas bon conseiller. L\u2019ancien joueur l\u2019a bien compris en quinze ans d\u2019entrepreneuriat o\u00f9 il a embauch\u00e9 une quinzaine de salari\u00e9s et d\u00e9m\u00e9nag\u00e9 ses locaux de l\u2019exigu\u00eft\u00e9 du centre de Pau vers le confort de la p\u00e9riph\u00e9rie.<\/p>\n<p>L\u2019histoire de l\u2019\u00e9quipementier est cont\u00e9e dans l\u2019escalier qui m\u00e8ne de la boutique du rez-de-chauss\u00e9e aux bureaux de l\u2019\u00e9tage. Le boss re\u00e7oit dans le plus grand de tous, o\u00f9 sont soigneusement encadr\u00e9s des maillots \u00e9chang\u00e9s avec des joueurs de l\u2019\u00e9quipe de France, de l\u2019Angleterre, des All Blacks\u2026 Plus tout \u00e0 fait rugbyman mais pas compl\u00e8tement rang\u00e9 des voitures.<\/p>\n","protected":false},"excerpt":{"rendered":"Les chiens ne font pas des chats comme disaient nos grands-m\u00e8res. Quand Hari Dumitras, 65\u00a0ans, salue son fils&hellip;\n","protected":false},"author":2,"featured_media":244941,"comment_status":"","ping_status":"","sticky":false,"template":"","format":"standard","meta":{"footnotes":""},"categories":[1416],"tags":[1011,27,479,1468,60],"class_list":{"0":"post-244940","1":"post","2":"type-post","3":"status-publish","4":"format-standard","5":"has-post-thumbnail","7":"category-rugby","8":"tag-fr","9":"tag-france","10":"tag-rugby","11":"tag-rugby-football","12":"tag-sports"},"share_on_mastodon":{"url":"https:\/\/pubeurope.com\/@fr\/114840361022935749","error":""},"_links":{"self":[{"href":"https:\/\/www.europesays.com\/fr\/wp-json\/wp\/v2\/posts\/244940","targetHints":{"allow":["GET"]}}],"collection":[{"href":"https:\/\/www.europesays.com\/fr\/wp-json\/wp\/v2\/posts"}],"about":[{"href":"https:\/\/www.europesays.com\/fr\/wp-json\/wp\/v2\/types\/post"}],"author":[{"embeddable":true,"href":"https:\/\/www.europesays.com\/fr\/wp-json\/wp\/v2\/users\/2"}],"replies":[{"embeddable":true,"href":"https:\/\/www.europesays.com\/fr\/wp-json\/wp\/v2\/comments?post=244940"}],"version-history":[{"count":0,"href":"https:\/\/www.europesays.com\/fr\/wp-json\/wp\/v2\/posts\/244940\/revisions"}],"wp:featuredmedia":[{"embeddable":true,"href":"https:\/\/www.europesays.com\/fr\/wp-json\/wp\/v2\/media\/244941"}],"wp:attachment":[{"href":"https:\/\/www.europesays.com\/fr\/wp-json\/wp\/v2\/media?parent=244940"}],"wp:term":[{"taxonomy":"category","embeddable":true,"href":"https:\/\/www.europesays.com\/fr\/wp-json\/wp\/v2\/categories?post=244940"},{"taxonomy":"post_tag","embeddable":true,"href":"https:\/\/www.europesays.com\/fr\/wp-json\/wp\/v2\/tags?post=244940"}],"curies":[{"name":"wp","href":"https:\/\/api.w.org\/{rel}","templated":true}]}}