{"id":244942,"date":"2025-07-12T12:53:11","date_gmt":"2025-07-12T12:53:11","guid":{"rendered":"https:\/\/www.europesays.com\/fr\/244942\/"},"modified":"2025-07-12T12:53:11","modified_gmt":"2025-07-12T12:53:11","slug":"wimbledon-si-alcaraz-et-sinner-netaient-pas-la-et-que-djokovic-devait-affronter-tsitsipas-zverev-ou-medvedev-il-continuerait-sans-doute-a-remporter-des-tournois-du-grand-chelem-affirme-jose-mo","status":"publish","type":"post","link":"https:\/\/www.europesays.com\/fr\/244942\/","title":{"rendered":"Wimbledon > \u00ab\u00a0Si Alcaraz et Sinner n&rsquo;\u00e9taient pas l\u00e0 et que Djokovic devait affronter Tsitsipas, Zverev ou Medvedev, il continuerait sans doute \u00e0 remporter des tournois du Grand Chelem\u00a0\u00bb, affirme Jos\u00e9 Moron"},"content":{"rendered":"<p>Sur les six derniers Grands Chelems auxquels il a parti\u00adcip\u00e9, Novak Djokovic a \u00e9t\u00e9 stopp\u00e9 quatre fois par Jannik Sinner ou Carlos Alcaraz. C\u2019est ce qui a pouss\u00e9 le jour\u00adna\u00adliste espa\u00adgnol Jos\u00e9 Moron, r\u00e9dac\u00adteur en chef de Punto de Break, \u00e0 partage une r\u00e9flexion apr\u00e8s la d\u00e9faite de l\u2019homme aux 24 titres du Grand Chelem face au num\u00e9ro 1 mondial en demi\u2010finales de Wimbledon.\u00a0<\/p>\n<blockquote class=\"twitter-tweet\">\n<p lang=\"es\" dir=\"ltr\">M\u00e1s all\u00e1 de lo que dice Djokovic de que su cuerpo ya no aguanta, tambi\u00e9n\u2026<\/p>\n<p>Se ha encon\u00adtrado con dos j\u00f3venes como Alcaraz y Sinner. De otra pasta.<\/p>\n<p>Si no estu\u00advieran ellos y luchase con los Tsitsipas, Zverev o Medvedev, seguir\u00eda ganando Slams sin duda. <a href=\"https:\/\/t.co\/UNhBpONryJ\" data-wpel-link=\"external\" target=\"_blank\" rel=\"nofollow external noopener\">pic.twitter.com\/UNhBpONryJ<\/a><\/p>\n<p>\u2014 Jos\u00e9 Mor\u00f3n (@jmgmoron) <a href=\"https:\/\/twitter.com\/jmgmoron\/status\/1943807496411377928?ref_src=twsrc%5Etfw\" data-wpel-link=\"external\" target=\"_blank\" rel=\"nofollow external noopener\">July 11,\u00a02025<\/a><\/p><\/blockquote>\n<p><strong>\u00ab\u202fAu\u2010del\u00e0 de ce que dit Djokovic, <a href=\"https:\/\/www.welovetennis.fr\/wimbledon\/djokovic-et-le-poids-de-ses-38-ans-jai-atteint-les-demi-finales-de-tous-les-grands-chelems-cette-annee-je-dois-jouer-contre-sinner-ou-alcaraz-ces-gars-la-sont-en-forme-jeunes-affutes-jai\" data-wpel-link=\"internal\" target=\"_blank\" rel=\"noopener\">\u00e0 savoir que son corps ne tient plus le coup\u2026<\/a> Il a a rencontr\u00e9 deux jeunes joueurs comme Alcaraz et Sinner. Ils sont d\u2019une autre trempe. S\u2019ils n\u2019\u00e9taient pas l\u00e0 et qu\u2019il devait affronter Tsitsipas, Zverev ou Medvedev, il conti\u00adnue\u00adrait sans aucun doute \u00e0 remporter des tour\u00adnois du Grand Chelem.\u202f\u00bb<\/strong><\/p>\n<p class=\"post-published-date\" style=\"color: silver; font-size: 75%; text-align: left;\">Publi\u00e9 le samedi 12 juillet 2025 \u00e0 14:11<\/p>\n<p><script async src=\"https:\/\/platform.twitter.com\/widgets.js\" charset=\"utf-8\"><\/script><\/p>\n","protected":false},"excerpt":{"rendered":"Sur les six derniers Grands Chelems auxquels il a parti\u00adcip\u00e9, Novak Djokovic a \u00e9t\u00e9 stopp\u00e9 quatre fois par&hellip;\n","protected":false},"author":2,"featured_media":244943,"comment_status":"","ping_status":"","sticky":false,"template":"","format":"standard","meta":{"footnotes":""},"categories":[1415],"tags":[1744,3252,105,1011,27,2127,60,1467,5443,4542],"class_list":{"0":"post-244942","1":"post","2":"type-post","3":"status-publish","4":"format-standard","5":"has-post-thumbnail","7":"category-tennis","8":"tag-alcaraz","9":"tag-daniil-medvedev","10":"tag-djokovic","11":"tag-fr","12":"tag-france","13":"tag-sinner","14":"tag-sports","15":"tag-tennis","16":"tag-tsitsipas","17":"tag-zverev"},"share_on_mastodon":{"url":"https:\/\/pubeurope.com\/@fr\/114840364792703950","error":""},"_links":{"self":[{"href":"https:\/\/www.europesays.com\/fr\/wp-json\/wp\/v2\/posts\/244942","targetHints":{"allow":["GET"]}}],"collection":[{"href":"https:\/\/www.europesays.com\/fr\/wp-json\/wp\/v2\/posts"}],"about":[{"href":"https:\/\/www.europesays.com\/fr\/wp-json\/wp\/v2\/types\/post"}],"author":[{"embeddable":true,"href":"https:\/\/www.europesays.com\/fr\/wp-json\/wp\/v2\/users\/2"}],"replies":[{"embeddable":true,"href":"https:\/\/www.europesays.com\/fr\/wp-json\/wp\/v2\/comments?post=244942"}],"version-history":[{"count":0,"href":"https:\/\/www.europesays.com\/fr\/wp-json\/wp\/v2\/posts\/244942\/revisions"}],"wp:featuredmedia":[{"embeddable":true,"href":"https:\/\/www.europesays.com\/fr\/wp-json\/wp\/v2\/media\/244943"}],"wp:attachment":[{"href":"https:\/\/www.europesays.com\/fr\/wp-json\/wp\/v2\/media?parent=244942"}],"wp:term":[{"taxonomy":"category","embeddable":true,"href":"https:\/\/www.europesays.com\/fr\/wp-json\/wp\/v2\/categories?post=244942"},{"taxonomy":"post_tag","embeddable":true,"href":"https:\/\/www.europesays.com\/fr\/wp-json\/wp\/v2\/tags?post=244942"}],"curies":[{"name":"wp","href":"https:\/\/api.w.org\/{rel}","templated":true}]}}