{"id":244944,"date":"2025-07-12T12:55:10","date_gmt":"2025-07-12T12:55:10","guid":{"rendered":"https:\/\/www.europesays.com\/fr\/244944\/"},"modified":"2025-07-12T12:55:10","modified_gmt":"2025-07-12T12:55:10","slug":"marquez-raih-pole-sur-une-piste-humide","status":"publish","type":"post","link":"https:\/\/www.europesays.com\/fr\/244944\/","title":{"rendered":"Marquez Raih Pole sur une piste humide"},"content":{"rendered":"<p>AKARTA &#8211; Marc Marquez a r\u00e9ussi \u00e0 obtenir la position de pointe apr\u00e8s \u00eatre devenu le plus rapide lors de la s\u00e9ance de qualification MotoGP allemand 2025 sur le circuit de Sachsenring, samedi 12 juillet 2025, apr\u00e8s-midi WIB.<\/p>\n<p>Le cours de qualification est assez difficile parce que les pistes humides apr\u00e8s la pluie ont \u00e9t\u00e9 abondantes. Dans la qualification 1 (Q1), orko est devenu le plus rapide suivi par Maverick Vinales qui les a emmen\u00e9s se qualifier pour la qualification 2 (Q2).<\/p>\n<p>Juste au d\u00e9but du Q2, certains coureurs sont tomb\u00e9s. Apr\u00e8s Vinales, c\u2019\u00e9tait au tour de Jack Potter glissant.<\/p>\n<p>lorsque les concurrents ont des difficult\u00e9s, Marc Marquez peut lentement appara\u00eetre rapidement en Q2. Il continue d\u2019am\u00e9liorer son temps record lors de la s\u00e9ance de qualification et de se hisser en cinqui\u00e8me position.<\/p>\n<p>Francesco Bagnaia vit une situation diff\u00e9rente. Pecco a encore du mal \u00e0 obtenir le meilleur historique.<\/p>\n<p>Marc Marquez est m\u00eame toujours coinc\u00e9 en 11e position. Cela lui rend difficile de rivaliser pour la premi\u00e8re fois.<\/p>\n<p>castique : une concurrence \u00e9troite implique Marc Marquez et riko approchent de la fin du Q2. Obco peut para\u00eetre rapidement pour occuper la deuxi\u00e8me plus rapide position.<\/p>\n<p>Cependant, les efforts d\u2019Arco pour dissiper Marquez n\u2019ont pas port\u00e9 leurs fruits. Jusqu\u2019\u00e0 la fin de la qualification, The Baby Alien est ferme en tant que cavalier le plus rapide pour s\u00e9curiser le premier grilleur de la course MotoGP allemand 2025 le dimanche 13 juillet 2025.<\/p>\n<p>ra au MotoGP allemand 2022<\/p>\n<p>The English, Chinese, Japanese, Arabic, and French versions are automatically generated by the AI. So there may still be inaccuracies in translating, please always see Indonesian as our main language.<br \/>\n                                    (system supported by DigitalSiber.id)<\/p>\n","protected":false},"excerpt":{"rendered":"AKARTA &#8211; Marc Marquez a r\u00e9ussi \u00e0 obtenir la position de pointe apr\u00e8s \u00eatre devenu le plus rapide&hellip;\n","protected":false},"author":2,"featured_media":244945,"comment_status":"","ping_status":"","sticky":false,"template":"","format":"standard","meta":{"footnotes":""},"categories":[1413],"tags":[1011,27,1461,1457,1456,1458,19713,38457,38458,38459,60],"class_list":{"0":"post-244944","1":"post","2":"type-post","3":"status-publish","4":"format-standard","5":"has-post-thumbnail","7":"category-moto","8":"tag-fr","9":"tag-france","10":"tag-marc-marquez","11":"tag-moto","12":"tag-motocycle","13":"tag-motogp","14":"tag-motogp-2025","15":"tag-qualification-motogp","16":"tag-qualification-motogp-2025","17":"tag-resultats-de-la-qualification-motogp","18":"tag-sports"},"share_on_mastodon":{"url":"https:\/\/pubeurope.com\/@fr\/114840372785183694","error":""},"_links":{"self":[{"href":"https:\/\/www.europesays.com\/fr\/wp-json\/wp\/v2\/posts\/244944","targetHints":{"allow":["GET"]}}],"collection":[{"href":"https:\/\/www.europesays.com\/fr\/wp-json\/wp\/v2\/posts"}],"about":[{"href":"https:\/\/www.europesays.com\/fr\/wp-json\/wp\/v2\/types\/post"}],"author":[{"embeddable":true,"href":"https:\/\/www.europesays.com\/fr\/wp-json\/wp\/v2\/users\/2"}],"replies":[{"embeddable":true,"href":"https:\/\/www.europesays.com\/fr\/wp-json\/wp\/v2\/comments?post=244944"}],"version-history":[{"count":0,"href":"https:\/\/www.europesays.com\/fr\/wp-json\/wp\/v2\/posts\/244944\/revisions"}],"wp:featuredmedia":[{"embeddable":true,"href":"https:\/\/www.europesays.com\/fr\/wp-json\/wp\/v2\/media\/244945"}],"wp:attachment":[{"href":"https:\/\/www.europesays.com\/fr\/wp-json\/wp\/v2\/media?parent=244944"}],"wp:term":[{"taxonomy":"category","embeddable":true,"href":"https:\/\/www.europesays.com\/fr\/wp-json\/wp\/v2\/categories?post=244944"},{"taxonomy":"post_tag","embeddable":true,"href":"https:\/\/www.europesays.com\/fr\/wp-json\/wp\/v2\/tags?post=244944"}],"curies":[{"name":"wp","href":"https:\/\/api.w.org\/{rel}","templated":true}]}}