{"id":244946,"date":"2025-07-12T12:56:11","date_gmt":"2025-07-12T12:56:11","guid":{"rendered":"https:\/\/www.europesays.com\/fr\/244946\/"},"modified":"2025-07-12T12:56:11","modified_gmt":"2025-07-12T12:56:11","slug":"vinales-forfait-au-gp-dallemagne-aucune-tech3-sur-la-grille","status":"publish","type":"post","link":"https:\/\/www.europesays.com\/fr\/244946\/","title":{"rendered":"Vinales forfait au GP d&rsquo;Allemagne, aucune Tech3 sur la grille"},"content":{"rendered":"<p>C&rsquo;est un coup dur de plus pour l&rsquo;\u00e9quipe Tech3. <a href=\"https:\/\/fr.motorsport.com\/driver\/maverick-vinales\/96553\/\" target=\"_blank\" rel=\"noopener\">Maverick Vi\u00f1ales<\/a> s&rsquo;est bless\u00e9 \u00e0 l&rsquo;\u00e9paule gauche dans une chute survenue pendant les qualifications du Grand Prix d&rsquo;Allemagne, samedi. Le pilote espagnol s&rsquo;\u00e9tait extrait avec brio de la Q1, mais il a lourdement chut\u00e9 d\u00e8s le d\u00e9but de la Q2.<\/p>\n<p>L&rsquo;accident est survenu dans le virage 4, o\u00f9 <a href=\"https:\/\/fr.motorsport.com\/driver\/jack-miller\/96423\/\" target=\"_blank\" rel=\"noopener\">Jack Miller<\/a> est \u00e9galement tomb\u00e9 quelques instants plus tard, pi\u00e9g\u00e9 par la pluie. Contrairement \u00e0 l&rsquo;Australien, Vi\u00f1ales n&rsquo;a pas \u00e9t\u00e9 en mesure par la suite de reprendre la piste, ni de poster le moindre chrono.<\/p>\n<p>\u00a0<\/p>\n<p>S&rsquo;il est donc qualifi\u00e9 12e, l&rsquo;Espagnol a imm\u00e9diatement \u00e9t\u00e9 jug\u00e9 incertain pour la suite du week-end. Son passage au centre m\u00e9dical du Sachsenring a permis de traiter le plus urgent, \u00e0 savoir remettre en place une \u00e9paule gauche lux\u00e9e, sous anesth\u00e9sie. N\u00e9anmoins, une suspicion de fracture lui a valu d&rsquo;\u00eatre ensuite transf\u00e9r\u00e9 \u00e0 l&rsquo;h\u00f4pital afin de passer des examens compl\u00e9mentaires, et les r\u00e9sultats ne sont pas bons.<\/p>\n<p>Tech3 a donn\u00e9 \u00e0 l&rsquo;instant les derni\u00e8res nouvelles de son pilote et confirm\u00e9 son forfait\u00a0:\u00a0\u00ab\u00a0\u00c0 la suite de sa chute en Q2, ce matin, Maverick Vi\u00f1ales a \u00e9t\u00e9 transport\u00e9 au centre m\u00e9dical. Il souffrait d&rsquo;une luxation de l&rsquo;\u00e9paule gauche, qui a \u00e9t\u00e9 imm\u00e9diatement remise en place au circuit. N\u00e9anmoins, les m\u00e9decins suspectaient une petite fracture. Celle-ci a \u00e9t\u00e9 confirm\u00e9e \u00e0 l&rsquo;h\u00f4pital local.\u00a0\u00bb<\/p>\n<p>\u00ab\u00a0Maverick sera inapte pour le reste du GP d&rsquo;Allemagne et nous attendons des informations compl\u00e9mentaires quant \u00e0 son processus de gu\u00e9rison. Ce n&rsquo;est qu&rsquo;alors que nous comprendrons s&rsquo;il pourra ou non \u00eatre avec nous lors du prochain Grand Prix, \u00e0 Brno.\u00a0\u00bb<\/p>\n<p>C&rsquo;est une grosse d\u00e9ception chez Tech3, <a href=\"https:\/\/fr.motorsport.com\/motogp\/news\/tech3-objectif-podium-sachsenring\/10740684\/\" target=\"_self\" rel=\"noopener\">o\u00f9 l&rsquo;on esp\u00e9rait pouvoir viser le podium ce week-end<\/a>. L&rsquo;\u00e9quipe fran\u00e7aise d\u00e9plorait d\u00e9j\u00e0 l&rsquo;absence d&rsquo;<a href=\"https:\/\/fr.motorsport.com\/driver\/enea-bastianini\/109398\/\" target=\"_blank\" rel=\"noopener\">Enea Bastianini<\/a>, frapp\u00e9 par une crise d&rsquo;appendicite. Le pilote italien a \u00e9t\u00e9 hospitalis\u00e9 et r\u00e9pond bien aux traitements qu&rsquo;il re\u00e7oit, mais il a \u00e9t\u00e9 d\u00e9cid\u00e9 qu&rsquo;il ne tenterait pas de rejoindre le Sachsenring pour disputer ce Grand Prix compte tenu des sympt\u00f4mes qui l&rsquo;ont affaibli tout au long de la semaine.<\/p>\n<p>Vi\u00f1ales et Bastianini ont rejoint sur la liste des forfaits Jorge Mart\u00edn, dont le retour est enfin programm\u00e9 pour la semaine prochaine, et <a href=\"https:\/\/fr.motorsport.com\/driver\/somkiat-chantra\/823104\/\" target=\"_blank\" rel=\"noopener\">Somkiat Chantra<\/a>, qui vient d&rsquo;\u00eatre op\u00e9r\u00e9 du genou et sera indisponible pendant encore au moins un mois.<\/p>\n<p>Lire aussi :<\/p>\n<\/p>\n<\/p>\n<p>Dans cet article<\/p>\n<p>Soyez le premier inform\u00e9 et souscrivez aux alertes mails pour recevoir les infos en temps r\u00e9el<\/p>\n<p>    S&rsquo;abonner aux alertes de news<\/p>\n","protected":false},"excerpt":{"rendered":"C&rsquo;est un coup dur de plus pour l&rsquo;\u00e9quipe Tech3. Maverick Vi\u00f1ales s&rsquo;est bless\u00e9 \u00e0 l&rsquo;\u00e9paule gauche dans une&hellip;\n","protected":false},"author":2,"featured_media":244947,"comment_status":"","ping_status":"","sticky":false,"template":"","format":"standard","meta":{"footnotes":""},"categories":[1412],"tags":[1451,1452,1453,1454,1455,1011,27,36254,5712,1458,36255,60,3374],"class_list":{"0":"post-244946","1":"post","2":"type-post","3":"status-publish","4":"format-standard","5":"has-post-thumbnail","7":"category-f1","8":"tag-f1","9":"tag-formula-1","10":"tag-formula1","11":"tag-formule-1","12":"tag-formule1","13":"tag-fr","14":"tag-france","15":"tag-gp-dallemagne","16":"tag-maverick-viu00f1ales","17":"tag-motogp","18":"tag-sachsenring","19":"tag-sports","20":"tag-tech-3"},"share_on_mastodon":{"url":"https:\/\/pubeurope.com\/@fr\/114840376793305323","error":""},"_links":{"self":[{"href":"https:\/\/www.europesays.com\/fr\/wp-json\/wp\/v2\/posts\/244946","targetHints":{"allow":["GET"]}}],"collection":[{"href":"https:\/\/www.europesays.com\/fr\/wp-json\/wp\/v2\/posts"}],"about":[{"href":"https:\/\/www.europesays.com\/fr\/wp-json\/wp\/v2\/types\/post"}],"author":[{"embeddable":true,"href":"https:\/\/www.europesays.com\/fr\/wp-json\/wp\/v2\/users\/2"}],"replies":[{"embeddable":true,"href":"https:\/\/www.europesays.com\/fr\/wp-json\/wp\/v2\/comments?post=244946"}],"version-history":[{"count":0,"href":"https:\/\/www.europesays.com\/fr\/wp-json\/wp\/v2\/posts\/244946\/revisions"}],"wp:featuredmedia":[{"embeddable":true,"href":"https:\/\/www.europesays.com\/fr\/wp-json\/wp\/v2\/media\/244947"}],"wp:attachment":[{"href":"https:\/\/www.europesays.com\/fr\/wp-json\/wp\/v2\/media?parent=244946"}],"wp:term":[{"taxonomy":"category","embeddable":true,"href":"https:\/\/www.europesays.com\/fr\/wp-json\/wp\/v2\/categories?post=244946"},{"taxonomy":"post_tag","embeddable":true,"href":"https:\/\/www.europesays.com\/fr\/wp-json\/wp\/v2\/tags?post=244946"}],"curies":[{"name":"wp","href":"https:\/\/api.w.org\/{rel}","templated":true}]}}