{"id":244954,"date":"2025-07-12T13:00:19","date_gmt":"2025-07-12T13:00:19","guid":{"rendered":"https:\/\/www.europesays.com\/fr\/244954\/"},"modified":"2025-07-12T13:00:19","modified_gmt":"2025-07-12T13:00:19","slug":"zeus-sculpture-vivante-des-jo-de-paris-2024-rayonne-pour-2-mois-en-labbaye-du-mont-saint-michel","status":"publish","type":"post","link":"https:\/\/www.europesays.com\/fr\/244954\/","title":{"rendered":"Zeus, sculpture vivante des JO de Paris\u202f2024, rayonne pour 2 mois en l\u2019abbaye du Mont Saint-Michel"},"content":{"rendered":"<p>L\u2019installation r\u00e9alis\u00e9e le 9 juillet par h\u00e9litreuillage, offre un spectacle visuel saisissant, face \u00e0 la baie.\u00a0Le <strong>Mont-Saint-Michel<\/strong> est cet \u00eelot rocheux situ\u00e9 en Normandie, dans le d\u00e9partement de la Manche, \u00e0 environ un kilom\u00e8tre des c\u00f4tes,connu mondialement connu pour son abbaye m\u00e9di\u00e9vale perch\u00e9e au sommet et son apparence f\u00e9\u00e9rique, notamment \u00e0 mar\u00e9e haute lorsqu\u2019il devient une \u00eele isol\u00e9e.<\/p>\n<p>Un symbole entre art, science et h\u00e9ritage olympique<\/p>\n<p>Le mont est d\u00e9di\u00e9 \u00e0 <strong>l\u2019archange saint Michel<\/strong>, chef des arm\u00e9es c\u00e9lestes, \u00e0 qui l\u2019\u00e9v\u00eaque Aubert d\u2019Avranches aurait fait construire un sanctuaire en 708, apr\u00e8s une apparition miraculeuse. Pendant des si\u00e8cles, des p\u00e8lerins sont venus de toute l\u2019Europe pour gravir le mont dans un acte de foi.<\/p>\n<p><strong>Zeus<\/strong>, cr\u00e9\u00e9 \u00e0 Nantes, symbolise le mariage entre art et technologie, il incarne un pont entre cr\u00e9ation contemporaine et patrimoine class\u00e9 UNESCO. \u00c0 1,80\u202fm au garrot, d\u2019environ 287\u202fkg et rev\u00eatu de feuilles d\u2019argent, ce cheval m\u00e9canique saura capter l\u2019attention du public par son mouvement fluide et ses reflets m\u00e9talliques.<\/p>\n<p style=\"text-align: center;\"><img loading=\"lazy\" decoding=\"async\" src=\"https:\/\/www.europesays.com\/fr\/wp-content\/uploads\/2025\/07\/Mont-Saint-Michel-Zeus_Sanofi__ZEUS_Photo_Houyvet_M8A0157.webp.webp\" alt=\"\" width=\"710\" height=\"474\" style=\"display: block; margin-left: auto; margin-right: auto;\" data-alt=\"Mont Saint Michel Zeus Sanofi ZEUS Photo Houyvet M8A0157\"\/>Mont-Saint-Michel-Zeus_Sanofi_ ZEUS_\u00a9 Photo_Houyvet<\/p>\n<p>Sanofi, partenaire premium des Jeux Olympiques et Paralympiques de Paris\u202f2024 et propri\u00e9taire de l\u2019\u0153uvre, poursuit la tourn\u00e9e de Zeus apr\u00e8s son premier galop \u00e0 Paris lors des Jeux Olympiques 2024 et des escales dans des villes comme Montpellier, Lyon, Marseille, Bordeaux, Rouen, Strasbourg et Milan.<\/p>\n<p><strong>Haut lieu spirituel<\/strong>, cet il\u00f4t<strong>\u00a0<\/strong>mesure environ 960 m\u00e8tres de circonf\u00e9rence et sa fl\u00e8che de l\u2019abbaye, surmont\u00e9e d\u2019une statue de l\u2019archange Saint-Michel\u00a0culmine \u00e0 92 m\u00e8tres.<\/p>\n<\/p>\n<p>Voir aussi le reportage en photos de Zeux en tourn\u00e9e \u00e0 Bordeaux :<\/p>\n<p style=\"text-align: center;\"><img decoding=\"async\" src=\"https:\/\/www.europesays.com\/fr\/wp-content\/uploads\/2025\/07\/Mont-Saint-Michel-Zeus_Sanofi_Zeus_credit_jeffry_maboundou-1240.webp.webp\" alt=\"\" width=\"710\" height=\"474\" style=\"display: block; margin-left: auto; margin-right: auto;\" data-alt=\"Mont Saint Michel Zeus Sanofi Zeus credit jeffry maboundou 1240\" loading=\"lazy\"\/>Mont-Saint-Michel Sanofi_Zeus \u00a9 jeffry_maboundou<\/p>\n<blockquote><p>&#13;<\/p>\n<p>Nous sommes extr\u00eamement fiers de contribuer \u00e0 perp\u00e9tuer l\u2019h\u00e9ritage de Paris\u202f2024. Zeus repr\u00e9sente bien plus qu\u2019une simple \u0153uvre\u202f: il incarne des valeurs fortes que les \u00e9quipes de Sanofi, en France comme \u00e0 l\u2019international,\u2026 portent au quotidien, la r\u00e9silience, l\u2019excellence, la solidarit\u00e9 et la paix. \u00a0\u00bb\u00a0souligne\u202fAudrey Duval, pr\u00e9sidente de Sanofi France.<\/p>\n<p>&#13;\n<\/p><\/blockquote>\n<p>Le <strong>Mont-Saint-Michel<\/strong> et sa baie sont class\u00e9s au <strong>patrimoine mondial de l\u2019UNESCO<\/strong> depuis 1979. Il est \u00e9galement l\u2019un des premiers sites fran\u00e7ais \u00e0 avoir \u00e9t\u00e9 prot\u00e9g\u00e9 au titre des monuments historiques d\u00e8s 1874. L\u2019un des sites les plus visit\u00e9s de France aujourd&rsquo;hui , il accueille 2,5\u202fmillions de visiteurs par an. Cette \u00e9tape constitue un moment fort de l\u2019\u00e9t\u00e9 2025 offrant une exp\u00e9rience visuelle exceptionnelle sans suppl\u00e9ment sur le droit d\u2019entr\u00e9e du monument.<\/p>\n<blockquote><p>&#13;<\/p>\n<p>Apr\u00e8s l\u2019accueil enthousiaste de la Flamme Olympique l\u2019an dernier, le Centre des monuments nationaux est tr\u00e8s heureux d\u2019accueillir aujourd\u2019hui Zeus, le cheval m\u00e9canique, sur la terrasse de l&rsquo;Ouest de l\u2019abbaye du Mont-Saint-Michel et faire perdurer l&rsquo;h\u00e9ritage des Jeux Olympiques. \u00a0\u00bb\u00a0Marie Lavandier, pr\u00e9sidente du Centre des monuments nationaux, pr\u00e9cise aussi que le cheval m\u00e9canique inscrit un dialogue entre patrimoine, cr\u00e9ation contemporaine et technologie de pointe et invite \u00e0 renouveler le regard port\u00e9 sur le Mont\u2011Saint\u2011Michel.<\/p>\n<p>&#13;\n<\/p><\/blockquote>\n<p style=\"text-align: center;\"><img decoding=\"async\" src=\"https:\/\/www.europesays.com\/fr\/wp-content\/uploads\/2025\/07\/Mont-Saint-Michel-Zeus_Sanofi__zeus_credit__jeffry_maboundou-1377.webp.webp\" alt=\"\" width=\"710\" height=\"474\" style=\"display: block; margin-left: auto; margin-right: auto;\" data-alt=\"Mont Saint Michel Zeus Sanofi zeus credit jeffry maboundou\" loading=\"lazy\"\/>Mont-Saint-Michel Sanofi_Zeus \u00a9 jeffry_maboundou<\/p>\n<p>En contexte, Zeus y repose dans un d\u00e9cor naturel remarquable, en dialogue permanent avec l\u2019architecture historique du site.<\/p>\n<blockquote><p>&#13;<\/p>\n<p>Voir\u00a0Voir Zeus s\u2019\u00e9lever face \u00e0 l\u2019Abbaye du Mont-Saint-Michel est une \u00e9motion particuli\u00e8re. Nous avons imagin\u00e9 ce cheval comme une cr\u00e9ature onirique, capable de dialoguer avec les lieux qu\u2019il traverse. L\u2019installer ici, c\u2019est cr\u00e9er une rencontre entre deux monuments \u2014 l\u2019un mill\u00e9naire, l\u2019autre contemporain \u2014 qui tous deux racontent une histoire de d\u00e9passement, de vision et de collectif. \u00a0\u00bb ajoute Aur\u00e9lien Meyer, fondateur de l\u2019Atelier Blam.<\/p>\n<p>&#13;\n<\/p><\/blockquote>\n<p>Par ailleurs, jusqu\u2019au 31\u202fao\u00fbt, Zeus peut \u00eatre admir\u00e9 chaque soir dans le parcours nocturne \u00ab\u202fR\u00eave de Lune\u202f\u00bb. Les horaires nocturnes vont de 19h30 \u00e0 minuit (derni\u00e8re entr\u00e9e \u00e0 23\u202fh) dans le cadre des nocturnes de l\u2019abbaye.<\/p>\n<p>La pr\u00e9sence de Zeus au Mont\u2011Saint\u2011Michel fait dialoguer deux formes de monument\u202f: l\u2019un, inscrit au patrimoine mondial, l\u2019autre, une cr\u00e9ation contemporaine et mobile. L\u2019alliance entre savoir\u2011faire artisanal \u2014 impression 3D, martelage, argenture \u2014 et technologie offre une exp\u00e9rience innovante, \u00e0 la convergence de l\u2019art, de la science et du patrimoine <br \/>.Cette programmation culturelle, relay\u00e9e par Sanofi et l\u2019\u00c9tablissement public du Mont\u2011Saint\u2011Michel, illustre une volont\u00e9 de faire vivre les monuments en y int\u00e9grant des \u0153uvres contemporaines capables de s\u00e9duire un large public.<\/p>\n<p>\u00c0 quelques kilom\u00e8tres de l\u00e0, le peloton du Tour de France a pris le d\u00e9part de Saint-Malo le 11 juillet, contribuant \u00e0 faire de cette semaine un v\u00e9ritable moment de convergence entre art, sport et tourisme en Normandie.<\/p>\n<p>L&rsquo;Atelier Blam<\/p>\n<p>Op\u00e9rant \u00e0 la crois\u00e9e de l\u2019architecture et du design, l\u2019Atelier blam est sp\u00e9cialis\u00e9 dans la conception et la fabrication de dispositifs techniques et artistiques sophistiqu\u00e9s. Son champ de comp\u00e9tences m\u00eale plusieurs \u00e9chelles et m\u00e9tiers ; de l\u2019architecture \u00e0 l\u2019ing\u00e9nierie en passant par les interventions artistiques et les installations in situ. Assurant le d\u00e9veloppement et l\u2019ex\u00e9cution de projets complexes, l\u2019Atelier blam provoque l\u2019id\u00e9e pour la transformer en objet technique, fonctionnel et esth\u00e9tique. Son approche d\u00e9finit un terrain d\u2019exp\u00e9rimentation o\u00f9 sont affin\u00e9es m\u00e9thodes de production et mat\u00e9rialit\u00e9.<\/p>\n<p>\u00c0 propos de Sanofi<\/p>\n<p>Sanofi est une entreprise biopharmaceutique qui innove en R&amp;D et exploite l&rsquo;IA \u00e0 grande \u00e9chelle pour am\u00e9liorer la vie des gens et cr\u00e9er de la croissance \u00e0 long terme.<\/p>\n<blockquote><p>&#13;<\/p>\n<p>Gr\u00e2ce \u00e0 notre compr\u00e9hension approfondie du syst\u00e8me immunitaire, nous concevons des m\u00e9dicaments et des vaccins qui\u202ftraitent\u202fet prot\u00e8gent des millions de personnes dans le monde \u2014 et\u202fd\u00e9veloppons un portefeuille d\u2019innovations th\u00e9rapeutiques\u202fqui pourrait en aider des millions d\u2019autres. Anim\u00e9es par une\u202fmission\u202fcommune \u2014 poursuivre les miracles de la science pour am\u00e9liorer la vie des gens \u2014 nos \u00e9quipes \u0153uvrent chaque jour \u00e0 faire progresser la recherche, avoir un impact positif sur nos collaborateurs et les communaut\u00e9s que nous servons, et r\u00e9pondre aux grands d\u00e9fis de sant\u00e9, d\u2019environnement et de soci\u00e9t\u00e9 de notre \u00e9poque. \u00ab\u00a0<\/p>\n<p>&#13;\n<\/p><\/blockquote>\n<p><img decoding=\"async\" src=\"https:\/\/www.europesays.com\/fr\/wp-content\/uploads\/2025\/04\/favicon.png\" alt=\"\" width=\"60\" height=\"60\" data-alt=\"FAVICO\" loading=\"lazy\"\/>Sources de l&rsquo;article<\/p>\n<ul>&#13;<\/p>\n<li>Communiqu\u00e9 Sanofi &#8211; France\u00ab\u202fZeus, le cheval m\u00e9canique\u2026 s\u2019installe au Mont\u2011Saint\u2011Michel\u202f\u00bb<\/li>\n<p>&#13;<\/p>\n<li>Site officiel de l\u2019abbaye du Mont\u2011Saint\u2011Michel et Centre des Monument nationaux (France)<\/li>\n<p>&#13;\n<\/ul>\n","protected":false},"excerpt":{"rendered":"L\u2019installation r\u00e9alis\u00e9e le 9 juillet par h\u00e9litreuillage, offre un spectacle visuel saisissant, face \u00e0 la baie.\u00a0Le Mont-Saint-Michel est&hellip;\n","protected":false},"author":2,"featured_media":244955,"comment_status":"","ping_status":"","sticky":false,"template":"","format":"standard","meta":{"footnotes":""},"categories":[1358],"tags":[1348,1384,1385,1386,58,59,1011,27],"class_list":{"0":"post-244954","1":"post","2":"type-post","3":"status-publish","4":"format-standard","5":"has-post-thumbnail","7":"category-arts-et-design","8":"tag-arts","9":"tag-arts-and-design","10":"tag-arts-et-design","11":"tag-design","12":"tag-divertissement","13":"tag-entertainment","14":"tag-fr","15":"tag-france"},"share_on_mastodon":{"url":"https:\/\/pubeurope.com\/@fr\/114840392573307729","error":""},"_links":{"self":[{"href":"https:\/\/www.europesays.com\/fr\/wp-json\/wp\/v2\/posts\/244954","targetHints":{"allow":["GET"]}}],"collection":[{"href":"https:\/\/www.europesays.com\/fr\/wp-json\/wp\/v2\/posts"}],"about":[{"href":"https:\/\/www.europesays.com\/fr\/wp-json\/wp\/v2\/types\/post"}],"author":[{"embeddable":true,"href":"https:\/\/www.europesays.com\/fr\/wp-json\/wp\/v2\/users\/2"}],"replies":[{"embeddable":true,"href":"https:\/\/www.europesays.com\/fr\/wp-json\/wp\/v2\/comments?post=244954"}],"version-history":[{"count":0,"href":"https:\/\/www.europesays.com\/fr\/wp-json\/wp\/v2\/posts\/244954\/revisions"}],"wp:featuredmedia":[{"embeddable":true,"href":"https:\/\/www.europesays.com\/fr\/wp-json\/wp\/v2\/media\/244955"}],"wp:attachment":[{"href":"https:\/\/www.europesays.com\/fr\/wp-json\/wp\/v2\/media?parent=244954"}],"wp:term":[{"taxonomy":"category","embeddable":true,"href":"https:\/\/www.europesays.com\/fr\/wp-json\/wp\/v2\/categories?post=244954"},{"taxonomy":"post_tag","embeddable":true,"href":"https:\/\/www.europesays.com\/fr\/wp-json\/wp\/v2\/tags?post=244954"}],"curies":[{"name":"wp","href":"https:\/\/api.w.org\/{rel}","templated":true}]}}