{"id":244956,"date":"2025-07-12T13:02:07","date_gmt":"2025-07-12T13:02:07","guid":{"rendered":"https:\/\/www.europesays.com\/fr\/244956\/"},"modified":"2025-07-12T13:02:07","modified_gmt":"2025-07-12T13:02:07","slug":"la-librairie-du-boulevard-a-geneve-fete-ses-50-ans-retour-sur-un-parcours-militant-tres-lettre","status":"publish","type":"post","link":"https:\/\/www.europesays.com\/fr\/244956\/","title":{"rendered":"La Librairie du Boulevard \u00e0 Gen\u00e8ve f\u00eate ses 50\u00a0ans: retour sur un parcours militant tr\u00e8s lettr\u00e9"},"content":{"rendered":"<p>C\u2019est une vieille dame qui a ses habitudes. Lire au moins deux livres par semaine. Jadis, elle se rendait elle-m\u00eame \u00e0 la Librairie du Boulevard rue de Carouge \u00e0 Gen\u00e8ve, non loin de chez elle. Une sortie qui faisait du bien. D\u00e9nicher un ouvrage, converser avec un vendeur, parler de litt\u00e9rature mais aussi de choses ordinaires. La vieille dame ne se d\u00e9place plus beaucoup. Alors Carlos Fernandez, l\u2019un des libraires, lui d\u00e9pose ses commandes dans la bo\u00eete aux lettres. Ce jour-l\u00e0, c\u2019\u00e9tait le livre L\u00e9on XIV. La paix soit avec vous tous. De quoi surprendre Carlos car la fid\u00e8le cliente, qui a derri\u00e8re elle une longue carri\u00e8re d\u2019institutrice, n\u2019a jamais cach\u00e9 un engagement anticl\u00e9rical. Ainsi va la vie au Boulevard, douce le plus souvent en d\u00e9pit des tracas, du temps de lecture qui globalement a chut\u00e9, des ventes qui \u00e9videmment s\u2019en ressentent.<\/p>\n<p>Au-dehors, la rue est un chantier. Pelleteuses et marteaux-piqueurs assurent un fond sonore \u00e9lev\u00e9. On pi\u00e9tonnise, ce qui r\u00e9jouit les libraires \u00abcar c\u2019est bon pour le commerce en g\u00e9n\u00e9ral.\u00bb Bient\u00f4t ne passeront plus que les trams, les bicyclettes et des gens \u00e0 pied. Cette affiche qui date un peu dans la librairie: \u00abF\u00eatons! Samedi 23\u00a0mars d\u00e8s 18h le Boulevard a 50\u00a0ans\u00bb. Le Boulevard c\u00e9l\u00e8bre cette ann\u00e9e son demi-si\u00e8cle d\u2019existence. \u00abEt 50\u00a0ans\u00a0d\u2019autogestion!\u00bb insiste Damien Malfait, le plus ancien des six libraires. Voil\u00e0 le marque-page du lieu: une soci\u00e9t\u00e9 coop\u00e9rative dont les employ\u00e9s ont le m\u00eame statut, le m\u00eame salaire et les m\u00eames responsabilit\u00e9s. Et cette r\u00e9union incontournable du lundi matin o\u00f9 le collectif d\u00e9bat aussi bien des nouveaux titres que des comptes.<\/p>\n","protected":false},"excerpt":{"rendered":"C\u2019est une vieille dame qui a ses habitudes. Lire au moins deux livres par semaine. Jadis, elle se&hellip;\n","protected":false},"author":2,"featured_media":244957,"comment_status":"","ping_status":"","sticky":false,"template":"","format":"standard","meta":{"footnotes":""},"categories":[1357],"tags":[1379,58,59,3297,1011,27,1351,1380,301],"class_list":{"0":"post-244956","1":"post","2":"type-post","3":"status-publish","4":"format-standard","5":"has-post-thumbnail","7":"category-livres","8":"tag-books","9":"tag-divertissement","10":"tag-entertainment","11":"tag-entre-temps","12":"tag-fr","13":"tag-france","14":"tag-litterature","15":"tag-livres","16":"tag-premium"},"share_on_mastodon":{"url":"https:\/\/pubeurope.com\/@fr\/114840400299398478","error":""},"_links":{"self":[{"href":"https:\/\/www.europesays.com\/fr\/wp-json\/wp\/v2\/posts\/244956","targetHints":{"allow":["GET"]}}],"collection":[{"href":"https:\/\/www.europesays.com\/fr\/wp-json\/wp\/v2\/posts"}],"about":[{"href":"https:\/\/www.europesays.com\/fr\/wp-json\/wp\/v2\/types\/post"}],"author":[{"embeddable":true,"href":"https:\/\/www.europesays.com\/fr\/wp-json\/wp\/v2\/users\/2"}],"replies":[{"embeddable":true,"href":"https:\/\/www.europesays.com\/fr\/wp-json\/wp\/v2\/comments?post=244956"}],"version-history":[{"count":0,"href":"https:\/\/www.europesays.com\/fr\/wp-json\/wp\/v2\/posts\/244956\/revisions"}],"wp:featuredmedia":[{"embeddable":true,"href":"https:\/\/www.europesays.com\/fr\/wp-json\/wp\/v2\/media\/244957"}],"wp:attachment":[{"href":"https:\/\/www.europesays.com\/fr\/wp-json\/wp\/v2\/media?parent=244956"}],"wp:term":[{"taxonomy":"category","embeddable":true,"href":"https:\/\/www.europesays.com\/fr\/wp-json\/wp\/v2\/categories?post=244956"},{"taxonomy":"post_tag","embeddable":true,"href":"https:\/\/www.europesays.com\/fr\/wp-json\/wp\/v2\/tags?post=244956"}],"curies":[{"name":"wp","href":"https:\/\/api.w.org\/{rel}","templated":true}]}}