{"id":244958,"date":"2025-07-12T13:03:11","date_gmt":"2025-07-12T13:03:11","guid":{"rendered":"https:\/\/www.europesays.com\/fr\/244958\/"},"modified":"2025-07-12T13:03:11","modified_gmt":"2025-07-12T13:03:11","slug":"isabelle-morini-bosc-68-ans-cash-sur-letat-de-sante-de-son-ex-collegue-matthieu-delormeau","status":"publish","type":"post","link":"https:\/\/www.europesays.com\/fr\/244958\/","title":{"rendered":"Isabelle Morini-Bosc (68 ans) cash sur l&rsquo;\u00e9tat de sant\u00e9 de son ex-coll\u00e8gue Matthieu Delormeau"},"content":{"rendered":"<p>Invit\u00e9e \u00e0 se confier sur Matthieu Delormeau, Isabelle Morini-Bosc n\u2019a pas m\u00e2ch\u00e9 ses mots. Tr\u00e8s directe, la journaliste de 68 ans a donn\u00e9 des nouvelles de son ancien camarade de TPMP, \u00e9voquant sans d\u00e9tour sa sant\u00e9.<\/p>\n<p>Entre Isabelle <strong>Morini-Bosc et Matthieu Delormeau<\/strong>, la complicit\u00e9 a souvent \u00e9t\u00e9 marqu\u00e9e par des \u00e9changes hauts en couleur sur le plateau de Touche pas \u00e0 mon poste. Si les deux anciens chroniqueurs ont pris des chemins diff\u00e9rents, la journaliste de 68 ans n\u2019a rien perdu de son franc-parler l\u00e9gendaire. Invit\u00e9e \u00e0 \u00e9voquer son ancien coll\u00e8gue, elle n\u2019a pas fait dans la langue de bois. Sans d\u00e9tour, elle a pris la parole pour donner des nouvelles de Matthieu Delormeau, notamment sur son \u00e9tat de sant\u00e9, un sujet qui suscite beaucoup de curiosit\u00e9 aupr\u00e8s des t\u00e9l\u00e9spectateurs. Tr\u00e8s honn\u00eate, elle a livr\u00e9 une d\u00e9claration \u00e0 la fois directe et surprenante, qui n\u2019a pas manqu\u00e9 de faire r\u00e9agir.<\/p>\n<p> \t\t\t  Isabelle Morini-Bosc cash sur la sant\u00e9 de Matthieu Delormeau : \u00ab\u00a0Il est hypersensible et courageux\u00a0\u00bb   Une pol\u00e9mique de plus pour Matthieu Delormeau  <\/p>\n<p>Matthieu Delormeau fait de nouveau parler de lui sur les r\u00e9seaux sociaux. Cette fois, c\u2019est une vid\u00e9o intime publi\u00e9e en story Instagram qui a provoqu\u00e9 un toll\u00e9. L\u2019animateur s\u2019y affiche <strong>enti\u00e8rement nu<\/strong>, dans une mise en sc\u00e8ne jug\u00e9e provocante par certains. Entre critiques, inqui\u00e9tudes et interrogations, cette s\u00e9quence a sem\u00e9 le trouble. Ce <strong>nouveau d\u00e9rapage<\/strong> survient dans un contexte tr\u00e8s compliqu\u00e9 pour lui, m\u00ealant pol\u00e9miques, solitude m\u00e9diatique et tourments personnels, pr\u00e9cise <a href=\"https:\/\/www.public.fr\/il-est-torture-et-complique-isabelle-morini-bosc-cash-sur-matthieu-delormeau\" target=\"_blank\" rel=\"noopener nofollow\">Public<\/a>.<\/p>\n<p>    Un geste qui soul\u00e8ve de nombreuses questions  <\/p>\n<p>La publication, largement relay\u00e9e, a <strong>choqu\u00e9 de nombreux internautes.<\/strong> Certains y voient un coup de provocation, d\u2019autres un appel \u00e0 l\u2019aide d\u00e9guis\u00e9. Dans un monde o\u00f9 la visibilit\u00e9 m\u00e9diatique est un combat quotidien, ce geste surprenant interroge. Matthieu Delormeau, autrefois habitu\u00e9 aux plateaux, semble d\u00e9sormais pr\u00eat \u00e0 tout pour ne pas <strong>tomber dans l\u2019oubli<\/strong>. Reste \u00e0 savoir s\u2019il s\u2019agit d\u2019un acte volontaire, d\u2019un accident ou d\u2019un signe d\u2019un mal-\u00eatre plus profond.<\/p>\n<p>  Une spirale m\u00e9diatique inqui\u00e9tante  <\/p>\n<p>Depuis son d\u00e9part de Touche pas \u00e0 mon poste, Matthieu Delormeau vit une <strong>v\u00e9ritable descente aux enfers m\u00e9diatique<\/strong>. Isol\u00e9, sans \u00e9mission, sans projet solide, il multiplie les pol\u00e9miques. \u00c0 cela s\u2019ajoutent des rumeurs insistantes autour de ses finances et de sa sant\u00e9 mentale. Plusieurs projets ont avort\u00e9, laissant l\u2019ancien animateur dans une impasse professionnelle. Sa r\u00e9putation, d\u00e9j\u00e0 fragile, est encore plus mise \u00e0 mal par les derniers scandales.<\/p>\n<p>     \u00c0 68 ans, la chroniqueuse de TPMP livre une d\u00e9claration touchante et sans d\u00e9tour sur l\u2019\u00e9tat de son ancien coll\u00e8gue, aujourd\u2019hui en pleine tourmente m\u00e9diatique   Un pass\u00e9 r\u00e9cent entach\u00e9 d\u2019affaires sensibles  <\/p>\n<p>La situation de Matthieu Delormeau s\u2019est encore compliqu\u00e9e r\u00e9cemment, avec une affaire <strong>judiciaire discr\u00e8te<\/strong> mais embarrassante. L\u2019animateur a \u00e9t\u00e9 interpell\u00e9 pour <strong>achat de substances illicite<\/strong>s, une information peu relay\u00e9e dans les m\u00e9dias. Cette <a href=\"https:\/\/www.pleinevie.fr\/loisirs\/tele-radio\/pas-evident-en-larmes-benoit-dubois-seffondre-apres-larrestation-de-son-ami-matthieu-delormeau-164904.html\" target=\"_blank\" rel=\"noopener nofollow\">affaire<\/a> a renforc\u00e9 l\u2019id\u00e9e qu\u2019il traverse une p\u00e9riode sombre. Entre pol\u00e9miques et faits divers, il semble pris dans une spirale n\u00e9gative, sans perspective claire de rebond. L\u2019inqui\u00e9tude grandit autour de son avenir personnel et professionnel.<\/p>\n<p>  Isabelle Morini-Bosc sort du silence  <\/p>\n<p>Face \u00e0 cette tourmente, Isabelle Morini-Bosc a pris la parole. Interrog\u00e9e par Jordan de Luxe, elle a \u00e9voqu\u00e9 son ancien coll\u00e8gue avec \u00e9motion et franchise. Selon elle, Matthieu Delormeau est un homme <a href=\"https:\/\/www.pleinevie.fr\/loisirs\/celebrites\/cest-un-malade-benoit-dubois-donne-des-nouvelles-de-matthieu-delormeau-son-meilleur-ami-164887.html\" target=\"_blank\" rel=\"noopener nofollow\">hypersensible<\/a>, <strong>complexe et tourment\u00e9<\/strong>, mais dot\u00e9 d\u2019un grand talent. Elle se rem\u00e9more les fous rires partag\u00e9s sur TPMP, et souligne son courage malgr\u00e9 les \u00e9preuves. Ses propos ont touch\u00e9 de nombreux fans, ravis de voir une voix bienveillante s\u2019exprimer.<\/p>\n<p>     Un portrait entre talent et fragilit\u00e9  <\/p>\n<p>Isabelle Morini-Bosc insiste sur les qualit\u00e9s humaines et professionnelles de Matthieu Delormeau. Elle le d\u00e9crit comme un bon producteur, courageux et brillant, mais aussi profond\u00e9ment fragile. Elle confie regretter de le voir traverser une telle <strong>zone de turbulences<\/strong>. Son t\u00e9moignage rappelle que derri\u00e8re les pol\u00e9miques se cache un homme en souffrance. Cette <strong>d\u00e9claration, sinc\u00e8re et touchante<\/strong>, met en lumi\u00e8re une facette plus humaine de l\u2019animateur, souvent incomprise du grand public.<\/p>\n","protected":false},"excerpt":{"rendered":"Invit\u00e9e \u00e0 se confier sur Matthieu Delormeau, Isabelle Morini-Bosc n\u2019a pas m\u00e2ch\u00e9 ses mots. Tr\u00e8s directe, la journaliste&hellip;\n","protected":false},"author":2,"featured_media":244959,"comment_status":"","ping_status":"","sticky":false,"template":"","format":"standard","meta":{"footnotes":""},"categories":[1356],"tags":[1102,10281,58,59,1011,27,252,1364],"class_list":{"0":"post-244958","1":"post","2":"type-post","3":"status-publish","4":"format-standard","5":"has-post-thumbnail","7":"category-television","8":"tag-breakingnews","9":"tag-buzz-nonli","10":"tag-divertissement","11":"tag-entertainment","12":"tag-fr","13":"tag-france","14":"tag-television","15":"tag-tv"},"share_on_mastodon":{"url":"https:\/\/pubeurope.com\/@fr\/114840404345015741","error":""},"_links":{"self":[{"href":"https:\/\/www.europesays.com\/fr\/wp-json\/wp\/v2\/posts\/244958","targetHints":{"allow":["GET"]}}],"collection":[{"href":"https:\/\/www.europesays.com\/fr\/wp-json\/wp\/v2\/posts"}],"about":[{"href":"https:\/\/www.europesays.com\/fr\/wp-json\/wp\/v2\/types\/post"}],"author":[{"embeddable":true,"href":"https:\/\/www.europesays.com\/fr\/wp-json\/wp\/v2\/users\/2"}],"replies":[{"embeddable":true,"href":"https:\/\/www.europesays.com\/fr\/wp-json\/wp\/v2\/comments?post=244958"}],"version-history":[{"count":0,"href":"https:\/\/www.europesays.com\/fr\/wp-json\/wp\/v2\/posts\/244958\/revisions"}],"wp:featuredmedia":[{"embeddable":true,"href":"https:\/\/www.europesays.com\/fr\/wp-json\/wp\/v2\/media\/244959"}],"wp:attachment":[{"href":"https:\/\/www.europesays.com\/fr\/wp-json\/wp\/v2\/media?parent=244958"}],"wp:term":[{"taxonomy":"category","embeddable":true,"href":"https:\/\/www.europesays.com\/fr\/wp-json\/wp\/v2\/categories?post=244958"},{"taxonomy":"post_tag","embeddable":true,"href":"https:\/\/www.europesays.com\/fr\/wp-json\/wp\/v2\/tags?post=244958"}],"curies":[{"name":"wp","href":"https:\/\/api.w.org\/{rel}","templated":true}]}}