{"id":244960,"date":"2025-07-12T13:04:10","date_gmt":"2025-07-12T13:04:10","guid":{"rendered":"https:\/\/www.europesays.com\/fr\/244960\/"},"modified":"2025-07-12T13:04:10","modified_gmt":"2025-07-12T13:04:10","slug":"radio-scoop-en-direct-du-scoop-music-tour-dimanche-13-juillet-2025-de-15h-a-20h-a-feurs","status":"publish","type":"post","link":"https:\/\/www.europesays.com\/fr\/244960\/","title":{"rendered":"Radio SCOOP en direct du SCOOP Music Tour, dimanche 13 juillet 2025 de 15h \u00e0 20h \u00e0 Feurs !"},"content":{"rendered":"<p>&#13;<br \/>\n                    Dimanche 13 Juillet &#8211; 15:00<br \/>&#13;\n                <\/p>\n<p>Alexy et Antonin accueillent les artistes du SCOOP Music Tour, pour une \u00e9mission en direct sur Radio SCOOP, dimanche 13 juillet 2025 de 15h \u00e0 20h, \u00e0 l&rsquo;Hippodrome de Feurs !<\/p>\n<p><\/p>\n<p>\u00c9mission en direct sur Radio SCOOP, dimanche 13 juillet 2025 de 15h \u00e0 20h, \u00e0 l&rsquo;Hippodrome de Feurs !<\/p>\n<p><b>Et pour encore plus de plaisir&#8230; \u00e9coutez aussi la 1\u00e8re \u00e9mission du SCOOP Music Tour :<\/b><\/p>\n<p><img loading=\"lazy\" decoding=\"async\" src=\"https:\/\/www.europesays.com\/fr\/wp-content\/uploads\/2025\/07\/1752325450_541_img\" width=\"350\" height=\"200\" border=\"0\" title=\"Radio SCOOP en direct du SCOOP Music Tour, samedi 12 juillet 2025 de 15h \u00c3\u00a0 20h place Carnot \u00c3\u00a0 Valserh\u00c3\u00b4ne\"\/><\/p>\n<p>\u25ba\u00c9v\u00e8nement<\/p>\n<p style=\"font-size: 22px;\"><b>Radio SCOOP en direct du SCOOP Music Tour, samedi 12 juillet 2025 de 15h \u00e0 20h \u00e0 Valserh\u00f4ne !<\/b><\/p>\n<p>Alexy et Antonin accueillent les artistes du SCOOP&#8230;<\/p>\n<p><b>Suivez-nous aussi sur les r\u00e9seaux sociaux : , <a class=\"url\" href=\"https:\/\/www.instagram.com\/radioscoop\/\" target=\"_blank\" rel=\"nofollow noopener\">Instagram radioscoop<\/a>, <a class=\"url\" href=\"https:\/\/www.tiktok.com\/@radioscoop\" target=\"_blank\" rel=\"nofollow noopener\">TikTok @radioscoop<\/a>, <a class=\"url\" href=\"https:\/\/x.com\/RadioSCOOPOff\" target=\"_blank\" rel=\"nofollow\">X @RadioSCOOPOff<\/a>, <a class=\"url\" href=\"https:\/\/www.youtube.com\/user\/RadioSCOOP\" target=\"_blank\" rel=\"nofollow noopener\">YouTube RadioSCOOP<\/a> et <a class=\"url\" href=\"https:\/\/www.linkedin.com\/company\/radio-scoop\/\" target=\"_blank\" rel=\"nofollow noopener\">LinkedIn Radio SCOOP<\/a>.<\/b><\/p>\n<p><b>T\u00e9l\u00e9chargez gratuitement l&rsquo;application Radio SCOOP sur <a class=\"url\" href=\"https:\/\/apps.apple.com\/fr\/app\/radio-scoop\/id575262036\" target=\"_blank\" rel=\"nofollow noopener\">App Store<\/a> ou <a class=\"url\" href=\"https:\/\/play.google.com\/store\/apps\/details?id=com.radioscoop.app&amp;hl=fr\" target=\"_blank\" rel=\"nofollow noopener\">Google Play<\/a>.<\/b><\/p>\n<p><script async src=\"\/\/www.instagram.com\/embed.js\"><\/script><script async src=\"\/\/www.tiktok.com\/embed.js\"><\/script><\/p>\n","protected":false},"excerpt":{"rendered":"&#13; Dimanche 13 Juillet &#8211; 15:00&#13; Alexy et Antonin accueillent les artistes du SCOOP Music Tour, pour une&hellip;\n","protected":false},"author":2,"featured_media":244961,"comment_status":"","ping_status":"","sticky":false,"template":"","format":"standard","meta":{"footnotes":""},"categories":[1355],"tags":[38465,20546,38466,38463,22007,1697,58,12180,59,24711,1011,27,326,38468,13162,17349,38462,38464,38469,1361,873,38460,38461,38467],"class_list":{"0":"post-244960","1":"post","2":"type-post","3":"status-publish","4":"format-standard","5":"has-post-thumbnail","7":"category-musique","8":"tag-adryano","9":"tag-amel-bent","10":"tag-charles-dor","11":"tag-chiloo","12":"tag-clara-luciani","13":"tag-concert","14":"tag-divertissement","15":"tag-ebony","16":"tag-entertainment","17":"tag-feurs","18":"tag-fr","19":"tag-france","20":"tag-gratuit","21":"tag-henri-pfr","22":"tag-hippodrome","23":"tag-julien-lieb","24":"tag-la-zelia-et-adryano","25":"tag-lyana","26":"tag-magic-system","27":"tag-music","28":"tag-musique","29":"tag-scoop-music-tour","30":"tag-smt","31":"tag-vernis-rouges"},"share_on_mastodon":{"url":"https:\/\/pubeurope.com\/@fr\/114840408499080922","error":""},"_links":{"self":[{"href":"https:\/\/www.europesays.com\/fr\/wp-json\/wp\/v2\/posts\/244960","targetHints":{"allow":["GET"]}}],"collection":[{"href":"https:\/\/www.europesays.com\/fr\/wp-json\/wp\/v2\/posts"}],"about":[{"href":"https:\/\/www.europesays.com\/fr\/wp-json\/wp\/v2\/types\/post"}],"author":[{"embeddable":true,"href":"https:\/\/www.europesays.com\/fr\/wp-json\/wp\/v2\/users\/2"}],"replies":[{"embeddable":true,"href":"https:\/\/www.europesays.com\/fr\/wp-json\/wp\/v2\/comments?post=244960"}],"version-history":[{"count":0,"href":"https:\/\/www.europesays.com\/fr\/wp-json\/wp\/v2\/posts\/244960\/revisions"}],"wp:featuredmedia":[{"embeddable":true,"href":"https:\/\/www.europesays.com\/fr\/wp-json\/wp\/v2\/media\/244961"}],"wp:attachment":[{"href":"https:\/\/www.europesays.com\/fr\/wp-json\/wp\/v2\/media?parent=244960"}],"wp:term":[{"taxonomy":"category","embeddable":true,"href":"https:\/\/www.europesays.com\/fr\/wp-json\/wp\/v2\/categories?post=244960"},{"taxonomy":"post_tag","embeddable":true,"href":"https:\/\/www.europesays.com\/fr\/wp-json\/wp\/v2\/tags?post=244960"}],"curies":[{"name":"wp","href":"https:\/\/api.w.org\/{rel}","templated":true}]}}