{"id":244964,"date":"2025-07-12T13:06:11","date_gmt":"2025-07-12T13:06:11","guid":{"rendered":"https:\/\/www.europesays.com\/fr\/244964\/"},"modified":"2025-07-12T13:06:11","modified_gmt":"2025-07-12T13:06:11","slug":"en-bretagne-des-operations-prevention-contre-le-cancer-de-la-peau","status":"publish","type":"post","link":"https:\/\/www.europesays.com\/fr\/244964\/","title":{"rendered":"en Bretagne, des op\u00e9rations pr\u00e9vention contre le cancer de la peau"},"content":{"rendered":"<p><strong>REPORTAGE <\/strong>&#8211; Les Bretons ont trois fois plus de cancers de la peau diagnostiqu\u00e9s chaque ann\u00e9e que le reste de la France. En ce d\u00e9but d\u2019\u00e9t\u00e9, la Ligue contre le cancer multiplie les actions pour sensibiliser ses habitants aux dangers du soleil.<\/p>\n<p class=\"fig-paragraph\">Ambiance studieuse mais d\u00e9tendue dans le petit local de l\u2019aire d\u2019accueil des Gens du voyage de Lamballe (C\u00f4tes-d\u2019Armor). En ce mardi ensoleill\u00e9 de juillet, une petite dizaine de Voyageurs s\u2019y est rassembl\u00e9e pour un atelier sur les dangers du soleil, organis\u00e9 par la Ligue contre le cancer des C\u00f4tes-d\u2019Armor. Crayon en main, Marie Berhault, infirmi\u00e8re, dessine sur le tableau blanc de la pi\u00e8ce les trois types de rayons du soleil et explique\u00a0<a href=\"http:\/\/sante.lefigaro.fr\/les-rayons-uv-a-l-origine-de-80-des-melanomes-dans-le-monde-20250527\" data-fig-type=\"NewsFlash\" data-gtm-custom-categorie=\"navigation\" data-gtm-custom-action=\"crossclick\" data-gtm-custom-label=\"Contextuel\" data-gtm-event=\"customEventSPE\" data-fig-domain=\"SANTE\" rel=\"nofollow noopener\" target=\"_blank\">comment se prot\u00e9ger des UV<\/a>, les plus dangereux pour la peau. Lorsque la charg\u00e9e de pr\u00e9vention de l\u2019association insiste sur le fait qu\u2019il est possible de prendre des coups de soleil m\u00eame \u00e0 l\u2019ombre, les cinq femmes de l\u2019assistance s\u2019\u00e9tonnent. \u00abJe ne le savais pas\u00bb, avouent La\u00ebtitia et Henriette, qui se pensaient prot\u00e9g\u00e9es sous l\u2019auvent de leur caravane. Marie Berhault insiste aussi sur les bonnes fa\u00e7ons d\u2019appliquer de la cr\u00e8me solaire, avant de conclure son intervention par une distribution de casquettes, de cr\u00e8mes solaires, de bracelets qui se colorent au contact des UV et de goodies pour les enfants. \u00abLe message est pass\u00e9, mais il faudra le r\u00e9p\u00e9ter pour que se prot\u00e9ger du soleil devienne un r\u00e9flexe pour eux\u00bb, sourit l\u2019infirmi\u00e8re, qui intervient pour la deuxi\u00e8me ann\u00e9e cons\u00e9cutive sur l\u2019aire.<\/p>\n<p class=\"fig-paragraph\">Cette ann\u00e9e, la Ligue contre le cancer a organis\u00e9 plusieurs actions de ce type dans plusieurs d\u00e9partements fran\u00e7ais, dans le cadre de sa campagne\u00a0<a href=\"https:\/\/www.ligue-cancer.net\/semaine-protection-solaire\" target=\"_blank\" rel=\"sponsored noopener nofollow\" data-gtm-custom-categorie=\"navigation\" data-gtm-custom-action=\"crossclick\" data-gtm-custom-label=\"Contextuel\" data-gtm-event=\"customEventSPE\">\u00abOn n\u2019est pas des saucisses\u00bb<\/a>. En Bretagne, l\u2019antenne costarmoricaine a encadr\u00e9 plusieurs ateliers et animations en juin et juillet, en partenariat avec les Restos du C\u0153ur, mais aussi dans les Associations d\u00e9partementales des parents et d\u2019amis des personnes handicap\u00e9es mentales (Adapei), et sur les aires d\u2019accueil des Gens du voyage. L\u2019objectif\u00a0: cibler diff\u00e9rents types de publics, souvent peu sensibilis\u00e9s aux dangers du soleil. Des actions ont aussi \u00e9t\u00e9 men\u00e9es en partenariat avec la F\u00e9d\u00e9ration fran\u00e7aise de football lors de tournois de jeunes, dans le Finist\u00e8re.<\/p>\n<p>                                    <a class=\"fig-a11y-skip a11y-hidden\" href=\"#fig-a11y-skip-main-inarticle\"><br \/>\n        Passer la publicit\u00e9<br \/>\n    <\/a><\/p>\n<p>Un millier de m\u00e9lanomes diagnostiqu\u00e9s chaque ann\u00e9e<\/p>\n<p class=\"fig-paragraph\">Il faut dire que la Bretagne d\u00e9tient un triste record\u00a0: on y d\u00e9nombre trois fois plus de cancers de la peau que dans le reste du pays et chaque ann\u00e9e, un millier de m\u00e9lanomes est diagnostiqu\u00e9 dans la r\u00e9gion. Les C\u00f4tes-d\u2019Armor, le Morbihan et le Finist\u00e8re affichent une surmortalit\u00e9 respectivement de 20 %, 25 % et 34 % par rapport \u00e0 la moyenne nationale chez les hommes et de 28 % chez les femmes, selon les chiffres de la Ligue contre le cancer. \u00abIl y a un manque d\u2019\u00e9ducation sur les dangers du soleil en Bretagne et notamment dans les milieux ruraux. C\u2019est culturel. Petits, on ne nous a jamais appris \u00e0 se prot\u00e9ger du soleil, il faut donc faire beaucoup de pr\u00e9vention, sans toutefois faire peur\u00bb, explique J\u00e9r\u00f4me Robert, directeur de la Ligue contre le cancer des C\u00f4tes-d\u2019Armor.<\/p>\n<p>    Marie Berhault explique lors de l\u2019atelier qu\u2019elle anime les dangers de l\u2019exposition au soleil mais \u00e9voque aussi les bienfaits du soleil.<br \/>\n                Manuella Binet\/ Le Figaro<\/p>\n<p class=\"fig-paragraph\">Parmi les possibles raisons avanc\u00e9es pour expliquer ces mauvais chiffres, l\u2019absence d\u2019application de protection solaire sur la peau, m\u00eame en cas de beau temps. Pourtant, ce n\u2019est pas la chaleur, mais bien les UV qui sont responsables des cancers de la peau, et \u00ab ils sont en Bretagne aussi pr\u00e9sents qu\u2019ailleurs, m\u00eame par temps nuageux. Aujourd\u2019hui par exemple, il fait 21\u00b0, mais l\u2019indice UV est de 7, et il faut prot\u00e9ger sa peau d\u00e8s que l\u2019indice UV est au-dessus de 3\u00a0\u00bb, rappelle Marie Berhault. Les Bretons sont aussi nombreux \u00e0 avoir la peau, les yeux, la carnation et les cheveux clairs, le phototype le plus \u00e0 risque de d\u00e9velopper un cancer de la peau.<\/p>\n<p class=\"fig-paragraph\">Si la Ligue contre le cancer tente de sensibiliser les Bretons les moins inform\u00e9s sur les dangers du soleil, elle le fait de mani\u00e8re compl\u00e9mentaire avec les campagnes de pr\u00e9vention que m\u00e8nent aussi depuis plusieurs ann\u00e9es l\u2019Assurance Maladie des C\u00f4tes-d\u2019Armor et la Mutualit\u00e9 Sociale Agricole. \u00abMets ta marini\u00e8re plut\u00f4t que de griller comme une saucisse\u00bb, \u00ab Mets toi \u00e0 l\u2019ombre d\u2019un menhir pour ne pas griller comme un homard\u00bb ou encore \u00abMets plus de cr\u00e8me solaire sur ta t\u00eate que de beurre sur ta cr\u00eape\u00bb\u2026 Il y a quatre ans, les slogans humoristiques de la campagne\u00a0<a href=\"https:\/\/www.alerte-breizh.fr\/\" target=\"_blank\" rel=\"sponsored noopener nofollow\" data-gtm-custom-categorie=\"navigation\" data-gtm-custom-action=\"crossclick\" data-gtm-custom-label=\"Contextuel\" data-gtm-event=\"customEventSPE\">Alerte-Breizh<\/a>\u00a0des Caisses d\u2019assurance maladie ont permis de toucher plus de 1.850.000 Bretons (soit presque la moiti\u00e9 de la population) sur les r\u00e9seaux sociaux. Sans compter les diff\u00e9rentes actions men\u00e9es sur le terrain chaque \u00e9t\u00e9, comme la mise en place de stands de pr\u00e9vention \u00e0 destination des enfants lors d\u2019\u00e9v\u00e9nements estivaux dans le d\u00e9partement\u2026<\/p>\n<p class=\"fig-paragraph\">Cette ann\u00e9e, une campagne de mailing, ciblant les parents de jeunes enfants, a aussi \u00e9t\u00e9 lanc\u00e9e par la CPAM des C\u00f4tes-d\u2019Armor d\u00e9but juillet, pour les sensibiliser aux dangers du soleil breton. En France, 8 cancers de la peau sur 10 sont dus \u00e0 une surexposition aux rayons UV, rappelle encore la Ligue contre le cancer.<\/p>\n","protected":false},"excerpt":{"rendered":"REPORTAGE &#8211; Les Bretons ont trois fois plus de cancers de la peau diagnostiqu\u00e9s chaque ann\u00e9e que le&hellip;\n","protected":false},"author":2,"featured_media":244965,"comment_status":"","ping_status":"","sticky":false,"template":"","format":"standard","meta":{"footnotes":""},"categories":[10],"tags":[37457,37456,1011,27,72,37455,71],"class_list":{"0":"post-244964","1":"post","2":"type-post","3":"status-publish","4":"format-standard","5":"has-post-thumbnail","7":"category-sante","8":"tag-cancer-peau","9":"tag-dermatologie","10":"tag-fr","11":"tag-france","12":"tag-health","13":"tag-peau-et-soleil","14":"tag-sante"},"share_on_mastodon":{"url":"https:\/\/pubeurope.com\/@fr\/114840415988170673","error":""},"_links":{"self":[{"href":"https:\/\/www.europesays.com\/fr\/wp-json\/wp\/v2\/posts\/244964","targetHints":{"allow":["GET"]}}],"collection":[{"href":"https:\/\/www.europesays.com\/fr\/wp-json\/wp\/v2\/posts"}],"about":[{"href":"https:\/\/www.europesays.com\/fr\/wp-json\/wp\/v2\/types\/post"}],"author":[{"embeddable":true,"href":"https:\/\/www.europesays.com\/fr\/wp-json\/wp\/v2\/users\/2"}],"replies":[{"embeddable":true,"href":"https:\/\/www.europesays.com\/fr\/wp-json\/wp\/v2\/comments?post=244964"}],"version-history":[{"count":0,"href":"https:\/\/www.europesays.com\/fr\/wp-json\/wp\/v2\/posts\/244964\/revisions"}],"wp:featuredmedia":[{"embeddable":true,"href":"https:\/\/www.europesays.com\/fr\/wp-json\/wp\/v2\/media\/244965"}],"wp:attachment":[{"href":"https:\/\/www.europesays.com\/fr\/wp-json\/wp\/v2\/media?parent=244964"}],"wp:term":[{"taxonomy":"category","embeddable":true,"href":"https:\/\/www.europesays.com\/fr\/wp-json\/wp\/v2\/categories?post=244964"},{"taxonomy":"post_tag","embeddable":true,"href":"https:\/\/www.europesays.com\/fr\/wp-json\/wp\/v2\/tags?post=244964"}],"curies":[{"name":"wp","href":"https:\/\/api.w.org\/{rel}","templated":true}]}}