{"id":244968,"date":"2025-07-12T13:08:11","date_gmt":"2025-07-12T13:08:11","guid":{"rendered":"https:\/\/www.europesays.com\/fr\/244968\/"},"modified":"2025-07-12T13:08:11","modified_gmt":"2025-07-12T13:08:11","slug":"rares-confidences-sur-son-mysterieux-mari-mauricien-2","status":"publish","type":"post","link":"https:\/\/www.europesays.com\/fr\/244968\/","title":{"rendered":"rares confidences sur son myst\u00e9rieux mari mauricien"},"content":{"rendered":"<p>Rares sont les confidences de Zaz sur sa vie de couple. Alors qu\u2019elle assure la promotion de son nouvel album \u00ab Sains et saufs \u00bb (qui sortira le 19 septembre), la chanteuse a tout de m\u00eame \u00e9voqu\u00e9 son myst\u00e9rieux mari lors d\u2019un entretien accord\u00e9 au \u00ab<a data-i13n=\"cpos:1;pos:1\" href=\"https:\/\/www.leparisien.fr\/culture-loisirs\/musique\/je-ne-fuis-plus-mes-emotions-je-les-affronte-zaz-se-confie-avant-la-sortie-de-son-formidable-album-11-07-2025-5RTMMCZXWZHR5EADMX5WLCV5U4.php\" rel=\"nofollow noopener\" target=\"_blank\" data-ylk=\"slk:Parisien;cpos:1;pos:1;elm:context_link;itc:0;sec:content-canvas\" class=\"link \"> Parisien<\/a> \u00bb, et d\u00e9voil\u00e9 ce 11 juillet. Un \u00e9poux d\u2019origine mauricienne, \u00e0 qui elle a dit \u00ab oui \u00bb il y maintenant quatre ans.<\/p>\n<p>A d\u00e9faut de conna\u00eetre son nom et son visage, on apprend \u00e0 propos du mari de Zaz qu\u2019il est \u00ab doux, gentil, bienveillant, qu&rsquo;il donne sans rien attendre en retour \u00bb. \u00ab Dans sa famille, ce sont des Mauriciens, ils sont tous comme \u00e7a, dans le don, ils rendent les choses plus belles \u00bb, explique l\u2019interpr\u00e8te de 45 ans, qui pr\u00e9cise que sa moiti\u00e9 \u00e9tait son professeur de kung-fu et de boxe au moment de leur rencontre. Une bonne influence arriv\u00e9e au moment-m\u00eame o\u00f9 Zaz surmontait ses addictions, pendant la crise du Covid-19. \u00ab Quand j\u2019ai arr\u00eat\u00e9 de boire, on s\u2019est accompagn\u00e9s. On grandit ensemble, on s\u2019apprend des choses. \u00bb<\/p>\n<p>Zaz, une belle-m\u00e8re investie pour la fille de son mari<\/p>\n<p>En \u00e9pousant son discret Mauricien en 2021, Zaz est devenue la <a data-i13n=\"cpos:2;pos:1\" href=\"https:\/\/www.parismatch.com\/People\/zaz-entre-musique-et-famille-ce-que-lon-sait-de-sa-nouvelle-vie-250000\" rel=\"nofollow noopener\" target=\"_blank\" data-ylk=\"slk:belle-m\u00e8re d\u2019une jeune fille pr\u00e9nomm\u00e9e Jayna;cpos:2;pos:1;elm:context_link;itc:0;sec:content-canvas\" class=\"link \">belle-m\u00e8re d\u2019une jeune fille pr\u00e9nomm\u00e9e Jayna<\/a>. Un nouveau r\u00f4le qu\u2019elle avait \u00e9voqu\u00e9 en avril dernier : \u00ab On a appris \u00e0 se conna\u00eetre, \u00e0 exprimer les choses et \u00e0 \u00e9voluer ensemble. [\u2026] C\u2019est une place particuli\u00e8re qu\u2019on prend, c\u2019est propre \u00e0 chacun. \u00bb Cette relation avec sa belle-fille, la chanteuse en a m\u00eame fait une chanson dans son nouvel album. \u00ab \u00c0 partir du moment o\u00f9 elle est entr\u00e9e&#8230;<\/p>\n<p><a data-i13n=\"cpos:3;pos:1\" href=\"https:\/\/www.parismatch.com\/People\/zaz-mariee-depuis-quatre-ans-rares-confidences-sur-son-mysterieux-mari-mauricien-254184?at_medium=affiliate&amp;at_campaign=Yahoo\" rel=\"nofollow noopener\" target=\"_blank\" data-ylk=\"slk:Lire la suite sur ParisMatch;cpos:3;pos:1;elm:context_link;itc:0;sec:content-canvas\" class=\"link \">Lire la suite sur ParisMatch<\/a><\/p>\n","protected":false},"excerpt":{"rendered":"Rares sont les confidences de Zaz sur sa vie de couple. Alors qu\u2019elle assure la promotion de son&hellip;\n","protected":false},"author":2,"featured_media":244969,"comment_status":"","ping_status":"","sticky":false,"template":"","format":"standard","meta":{"footnotes":""},"categories":[8],"tags":[58,59,1011,27,9005,38470,7206,6706],"class_list":{"0":"post-244968","1":"post","2":"type-post","3":"status-publish","4":"format-standard","5":"has-post-thumbnail","7":"category-divertissement","8":"tag-divertissement","9":"tag-entertainment","10":"tag-fr","11":"tag-france","12":"tag-la-chanteuse","13":"tag-mauriciens","14":"tag-nouvel-album","15":"tag-zaz"},"share_on_mastodon":{"url":"https:\/\/pubeurope.com\/@fr\/114840423863772398","error":""},"_links":{"self":[{"href":"https:\/\/www.europesays.com\/fr\/wp-json\/wp\/v2\/posts\/244968","targetHints":{"allow":["GET"]}}],"collection":[{"href":"https:\/\/www.europesays.com\/fr\/wp-json\/wp\/v2\/posts"}],"about":[{"href":"https:\/\/www.europesays.com\/fr\/wp-json\/wp\/v2\/types\/post"}],"author":[{"embeddable":true,"href":"https:\/\/www.europesays.com\/fr\/wp-json\/wp\/v2\/users\/2"}],"replies":[{"embeddable":true,"href":"https:\/\/www.europesays.com\/fr\/wp-json\/wp\/v2\/comments?post=244968"}],"version-history":[{"count":0,"href":"https:\/\/www.europesays.com\/fr\/wp-json\/wp\/v2\/posts\/244968\/revisions"}],"wp:featuredmedia":[{"embeddable":true,"href":"https:\/\/www.europesays.com\/fr\/wp-json\/wp\/v2\/media\/244969"}],"wp:attachment":[{"href":"https:\/\/www.europesays.com\/fr\/wp-json\/wp\/v2\/media?parent=244968"}],"wp:term":[{"taxonomy":"category","embeddable":true,"href":"https:\/\/www.europesays.com\/fr\/wp-json\/wp\/v2\/categories?post=244968"},{"taxonomy":"post_tag","embeddable":true,"href":"https:\/\/www.europesays.com\/fr\/wp-json\/wp\/v2\/tags?post=244968"}],"curies":[{"name":"wp","href":"https:\/\/api.w.org\/{rel}","templated":true}]}}