{"id":244979,"date":"2025-07-12T13:14:11","date_gmt":"2025-07-12T13:14:11","guid":{"rendered":"https:\/\/www.europesays.com\/fr\/244979\/"},"modified":"2025-07-12T13:14:11","modified_gmt":"2025-07-12T13:14:11","slug":"on-a-frole-le-drame","status":"publish","type":"post","link":"https:\/\/www.europesays.com\/fr\/244979\/","title":{"rendered":"\u00ab On a fr\u00f4l\u00e9 le drame \u00bb"},"content":{"rendered":"<p>Cela s&rsquo;est jou\u00e9 \u00e0 la seconde pr\u00e8s. Un instant plus t\u00f4t, l&rsquo;incident aurait \u00e9t\u00e9 un drame. Mais par chance, personne ne se trouvait sur le chemin du garde-corps qui s&rsquo;est d\u00e9tach\u00e9 d&rsquo;un balcon d&rsquo;un immeuble remarquable de la place de l&rsquo;H\u00f4tel de Ville de Saint-\u00c9tienne, ce samedi 12 juillet vers 12\u00a0h\u00a015.<\/p>\n<p>Toute la matin\u00e9e a \u00e9t\u00e9 anim\u00e9e par un d\u00e9m\u00e9nagement au cinqui\u00e8me \u00e9tage de ce b\u00e2timent qui fait l&rsquo;angle des rues G\u00e9rentet et Blanqui, et qui abrite la BNP Paribas en rez-de-chauss\u00e9e. Les d\u00e9m\u00e9nageurs ont install\u00e9 une nacelle ext\u00e9rieure, attach\u00e9e au garde-corps d&rsquo;un balcon du cinqui\u00e8me. Alors qu&rsquo;ils avaient termin\u00e9 leur travail et \u00f4t\u00e9 la nacelle, un morceau du garde-corps a chut\u00e9 dans la rue.<\/p>\n<p>Selon un t\u00e9moin, un des d\u00e9m\u00e9nageurs l&rsquo;a vu passer sous ses yeux \u00e0 \u00ab\u00a0distance d&rsquo;un bras\u00a0\u00bb. \u00c0 deux pas des policiers municipaux qui s\u00e9curisent l&rsquo;intervention, un autre commente : \u00ab\u00a0On a fr\u00f4l\u00e9 le drame !\u00a0\u00bb Sur la chauss\u00e9e, o\u00f9 par chance personne ne circulait \u00e0 cet instant-l\u00e0, des traces des morceaux tomb\u00e9s au sol sont visibles.<\/p>\n<p>Des badauds impressionn\u00e9s par le courage des pompiers<\/p>\n<p>Depuis 12\u00a0h\u00a030, les pompiers se sont d\u00e9ployer pour s\u00e9curiser l&rsquo;ensemble du balcon dont certains \u00e9l\u00e9ments menacent de tomber sur cette art\u00e8re tr\u00e8s fr\u00e9quent\u00e9e du centre-ville.<\/p>\n<p>La grande \u00e9chelle et la disqueuse avec laquelle les pompiers ont d\u00e9coup\u00e9 le balcon pour l&rsquo;extraire attirent l&rsquo;attention des badauds. Et suscite l&rsquo;admiration des plus jeunes, \u00e0 l&rsquo;image de Dylan, 6 ans, impressionn\u00e9 par \u00ab\u00a0le courage des pompiers qui sont mont\u00e9s tr\u00e8s haut\u00a0\u00bb. Le gar\u00e7on s&rsquo;imagine \u00e0 leur place. \u00ab\u00a0Mais il faudra que maman pense \u00e0 bien m&rsquo;attacher quand je vais monter\u00a0\u00bb, esp\u00e8re-t-il.<\/p>\n<p>A 15 heures, l&rsquo;intervention \u00e9tait termin\u00e9e, le garde-corps d\u00e9coup\u00e9 et mis en s\u00e9curit\u00e9. L&rsquo;op\u00e9ration a mobilis\u00e9 une douzaine de sapeurs-pompiers, dont l&rsquo;unit\u00e9 sauvetage, appui et reconnaissance, venus des casernes st\u00e9phanoises de S\u00e9verine et La M\u00e9tare ainsi que d&rsquo;un centre de Firminy.<\/p>\n","protected":false},"excerpt":{"rendered":"Cela s&rsquo;est jou\u00e9 \u00e0 la seconde pr\u00e8s. Un instant plus t\u00f4t, l&rsquo;incident aurait \u00e9t\u00e9 un drame. Mais par&hellip;\n","protected":false},"author":2,"featured_media":244980,"comment_status":"","ping_status":"","sticky":false,"template":"","format":"standard","meta":{"footnotes":""},"categories":[9653],"tags":[1111,11,2430,7539,1777,674,274,1011,27,3367,12,25,4001,7538,104],"class_list":{"0":"post-244979","1":"post","2":"type-post","3":"status-publish","4":"format-standard","5":"has-post-thumbnail","7":"category-saint-etienne","8":"tag-actu","9":"tag-actualites","10":"tag-auvergne-rhone-alpes","11":"tag-edition-loire-sud","12":"tag-eu","13":"tag-europe","14":"tag-faits-divers-justice","15":"tag-fr","16":"tag-france","17":"tag-loire","18":"tag-news","19":"tag-republique-francaise","20":"tag-saint-etienne","21":"tag-saint-etienne-ville","22":"tag-societe"},"share_on_mastodon":{"url":"https:\/\/pubeurope.com\/@fr\/114840447510090947","error":""},"_links":{"self":[{"href":"https:\/\/www.europesays.com\/fr\/wp-json\/wp\/v2\/posts\/244979","targetHints":{"allow":["GET"]}}],"collection":[{"href":"https:\/\/www.europesays.com\/fr\/wp-json\/wp\/v2\/posts"}],"about":[{"href":"https:\/\/www.europesays.com\/fr\/wp-json\/wp\/v2\/types\/post"}],"author":[{"embeddable":true,"href":"https:\/\/www.europesays.com\/fr\/wp-json\/wp\/v2\/users\/2"}],"replies":[{"embeddable":true,"href":"https:\/\/www.europesays.com\/fr\/wp-json\/wp\/v2\/comments?post=244979"}],"version-history":[{"count":0,"href":"https:\/\/www.europesays.com\/fr\/wp-json\/wp\/v2\/posts\/244979\/revisions"}],"wp:featuredmedia":[{"embeddable":true,"href":"https:\/\/www.europesays.com\/fr\/wp-json\/wp\/v2\/media\/244980"}],"wp:attachment":[{"href":"https:\/\/www.europesays.com\/fr\/wp-json\/wp\/v2\/media?parent=244979"}],"wp:term":[{"taxonomy":"category","embeddable":true,"href":"https:\/\/www.europesays.com\/fr\/wp-json\/wp\/v2\/categories?post=244979"},{"taxonomy":"post_tag","embeddable":true,"href":"https:\/\/www.europesays.com\/fr\/wp-json\/wp\/v2\/tags?post=244979"}],"curies":[{"name":"wp","href":"https:\/\/api.w.org\/{rel}","templated":true}]}}