{"id":244994,"date":"2025-07-12T13:27:10","date_gmt":"2025-07-12T13:27:10","guid":{"rendered":"https:\/\/www.europesays.com\/fr\/244994\/"},"modified":"2025-07-12T13:27:10","modified_gmt":"2025-07-12T13:27:10","slug":"limage-un-automobiliste-sendort-au-volant-et-percute-un-mur-sur-la-sud-3-pres-de-rouen","status":"publish","type":"post","link":"https:\/\/www.europesays.com\/fr\/244994\/","title":{"rendered":"L&rsquo;IMAGE. Un automobiliste s&rsquo;endort au volant et percute un mur sur la Sud 3 pr\u00e8s de Rouen"},"content":{"rendered":"<p>            Par<br \/>\n        <strong><br \/>\n            <a href=\"https:\/\/actu.fr\/auteur\/thomas-rideau\" title=\"Consulter tous les articles de Thomas Rideau\" target=\"_blank\" rel=\"noopener\">Thomas Rideau<\/a><br \/>\n        <\/strong><\/p>\n<p>        Publi\u00e9 le<\/p>\n<p>            12 juil. 2025 \u00e0 15h10        <\/p>\n<p>Il y a eu de <strong>gros ralentissements<\/strong> toute la matin\u00e9e autour de <a href=\"https:\/\/actu.fr\/normandie\/rouen_76540\" target=\"_blank\" rel=\"noopener\">Rouen (Seine-Maritime)<\/a> ce samedi 12\u00a0juillet 2025. Et notamment sur l\u2019A13 dans le sens Rouen \u2013 Caen suite \u00e0 un accident dans lequel <a href=\"https:\/\/actu.fr\/normandie\/moulineaux_76457\/a13-un-accident-un-suraccident-et-des-kilometres-de-bouchons-sur-la-route-des-vacances_62905510.html\" target=\"_blank\" rel=\"noopener\">une jeune conductrice<\/a> d\u2019un deux-roues a \u00e9t\u00e9 gravement bless\u00e9e. Mais la Sud 3 a aussi \u00e9t\u00e9 le th\u00e9\u00e2tre d\u2019un accident.<\/p>\n<p>Il est l\u00e9g\u00e8rement bless\u00e9<\/p>\n<p class=\" wall-content\">En effet, celui-ci est moins grave que le premier cit\u00e9, mais tout aussi lourd de cons\u00e9quence pour les automobilistes pour <a href=\"https:\/\/actu.fr\/societe\/bison-fute-voit-rouge-et-noir-ce-week-end-du-14-juillet-de-gros-bouchons-prevus-sur-les-routes-des-vendredi_62893455.html\" target=\"_blank\" rel=\"noopener\">ce weekend de d\u00e9part en vacances<\/a>. Un conducteur a percut\u00e9 le mur qui longe la Sud 3, pr\u00e8s de Rouen. D\u2019apr\u00e8s la police, qui a communiqu\u00e9 sur ses r\u00e9seaux, l\u2019homme s\u2019est endormi au volant.<\/p>\n<p class=\" wall-content\">Il est <strong>bless\u00e9 l\u00e9ger<\/strong> et un tr\u00e8s important bouchon s\u2019est form\u00e9 sur l\u2019heure du midi. En milieu d\u2019apr\u00e8s-midi, le ralentissement s\u2019est presque enti\u00e8rement r\u00e9sorb\u00e9.<\/p>\n<p>Suivez l\u2019actualit\u00e9 de Rouen <a href=\"https:\/\/www.whatsapp.com\/channel\/0029VaKfnf99hXF2ddApFB1D\" target=\"_blank\" rel=\"noopener\">sur notre cha\u00eene WhatsApp<\/a> et <a href=\"https:\/\/www.tiktok.com\/@76actu.fr?lang=fr\" target=\"_blank\" rel=\"noopener\">sur notre compte TikTok<\/a><\/p>\n<p class=\" wall-content\">Suivez toute l\u2019actualit\u00e9 de vos villes et m\u00e9dias favoris en vous inscrivant \u00e0 <a href=\"https:\/\/moncompte.actu.fr\" title=\"D\u00e9couvez Mon Actu\" rel=\"nofollow noopener\" data-trk=\"{&quot;cta&quot;:{&quot;action&quot;:&quot;https:\\\/\\\/moncompte.actu.fr&quot;,&quot;category&quot;:&quot;mon compte&quot;,&quot;from&quot;:&quot;article footer&quot;,&quot;name&quot;:&quot;Mon actu&quot;,&quot;type&quot;:&quot;cta&quot;}}\" target=\"_blank\">Mon Actu<\/a>.<\/p>\n<p>                    <script async src=\"\/\/www.tiktok.com\/embed.js\"><\/script><\/p>\n","protected":false},"excerpt":{"rendered":"Par Thomas Rideau Publi\u00e9 le 12 juil. 2025 \u00e0 15h10 Il y a eu de gros ralentissements toute&hellip;\n","protected":false},"author":2,"featured_media":244995,"comment_status":"","ping_status":"","sticky":false,"template":"","format":"standard","meta":{"footnotes":""},"categories":[9587],"tags":[1111,11,6427,1777,674,1011,27,12,5161,25,9590,104],"class_list":{"0":"post-244994","1":"post","2":"type-post","3":"status-publish","4":"format-standard","5":"has-post-thumbnail","7":"category-rouen","8":"tag-actu","9":"tag-actualites","10":"tag-bison-fute","11":"tag-eu","12":"tag-europe","13":"tag-fr","14":"tag-france","15":"tag-news","16":"tag-normandie","17":"tag-republique-francaise","18":"tag-rouen","19":"tag-societe"},"share_on_mastodon":{"url":"https:\/\/pubeurope.com\/@fr\/114840498540295662","error":""},"_links":{"self":[{"href":"https:\/\/www.europesays.com\/fr\/wp-json\/wp\/v2\/posts\/244994","targetHints":{"allow":["GET"]}}],"collection":[{"href":"https:\/\/www.europesays.com\/fr\/wp-json\/wp\/v2\/posts"}],"about":[{"href":"https:\/\/www.europesays.com\/fr\/wp-json\/wp\/v2\/types\/post"}],"author":[{"embeddable":true,"href":"https:\/\/www.europesays.com\/fr\/wp-json\/wp\/v2\/users\/2"}],"replies":[{"embeddable":true,"href":"https:\/\/www.europesays.com\/fr\/wp-json\/wp\/v2\/comments?post=244994"}],"version-history":[{"count":0,"href":"https:\/\/www.europesays.com\/fr\/wp-json\/wp\/v2\/posts\/244994\/revisions"}],"wp:featuredmedia":[{"embeddable":true,"href":"https:\/\/www.europesays.com\/fr\/wp-json\/wp\/v2\/media\/244995"}],"wp:attachment":[{"href":"https:\/\/www.europesays.com\/fr\/wp-json\/wp\/v2\/media?parent=244994"}],"wp:term":[{"taxonomy":"category","embeddable":true,"href":"https:\/\/www.europesays.com\/fr\/wp-json\/wp\/v2\/categories?post=244994"},{"taxonomy":"post_tag","embeddable":true,"href":"https:\/\/www.europesays.com\/fr\/wp-json\/wp\/v2\/tags?post=244994"}],"curies":[{"name":"wp","href":"https:\/\/api.w.org\/{rel}","templated":true}]}}