{"id":244998,"date":"2025-07-12T13:29:11","date_gmt":"2025-07-12T13:29:11","guid":{"rendered":"https:\/\/www.europesays.com\/fr\/244998\/"},"modified":"2025-07-12T13:29:11","modified_gmt":"2025-07-12T13:29:11","slug":"ou-deposer-vos-dechets-cet-ete","status":"publish","type":"post","link":"https:\/\/www.europesays.com\/fr\/244998\/","title":{"rendered":"o\u00f9 d\u00e9poser vos d\u00e9chets cet \u00e9t\u00e9"},"content":{"rendered":"<p>En travaux depuis la fin de l\u2019ann\u00e9e 2023, la d\u00e9chetterie Jacquard a ferm\u00e9 <a href=\"https:\/\/www.ledauphine.com\/environnement\/2025\/03\/28\/grenoble-isere-la-dechetterie-jacquard-va-fermer-pour-cinq-mois-pour-terminer-sa-metamorphose\" target=\"_blank\" rel=\"nofollow noopener\">ses portes au public fin mars<\/a>. Elle ne rouvrira qu\u2019en septembre, une fois agrandie et enti\u00e8rement refaite \u00e0 neuf. Pendant la p\u00e9riode de fermeture, plusieurs autres solutions sont propos\u00e9es aux usagers. Jusqu\u2019en septembre, une d\u00e9chetterie mobile sera install\u00e9e, chaque samedi de\u00a09\u00a0heures \u00e0 16 heures, pour permettre aux Grenoblois (particuliers uniquement) de d\u00e9poser leurs encombrants, produits toxiques, textiles\u2026<\/p>\n<p>Le premier samedi du mois, le rendez-vous est donn\u00e9 sur la place Saint-Bruno, c\u00f4t\u00e9 square. Le deuxi\u00e8me samedi, la d\u00e9chetterie flexi s\u2019installera \u00e0 l\u2019\u00cele verte, sur le parking de la rue du Souvenir entre l\u2019entr\u00e9e du cimeti\u00e8re et le chemin de Halage. Le troisi\u00e8me (et cinqui\u00e8me) samedi de chaque mois, elle sera sur le parking public Jacquard\/Stalingrad dans le quartier Capuche-Alli\u00e9s.<\/p>\n<p>Et enfin, le quatri\u00e8me samedi, sur le parking du lyc\u00e9e Vaucanson dans le quartier Mistral\/Eaux-Claires. Les autres d\u00e9chetteries du territoire, notamment Jouhaux et Peupliers \u00e0 Grenoble restent accessibles, tout comme la <a href=\"https:\/\/www.ledauphine.com\/environnement\/2023\/10\/27\/isere-grenoble-reemploi-comment-fonctionne-la-donnerie-depose-minute\" target=\"_blank\" rel=\"nofollow noopener\">Donnerie d\u00e9pose minute<\/a> du P\u00f4le R, avenue des Jeux-Olympiques, qui r\u00e9cup\u00e8re des objets en bon \u00e9tat.<\/p>\n<p>En raison des fortes chaleurs, les horaires d\u2019ouverture peuvent \u00eatre modifi\u00e9s.<\/p>\n<p class=\"note\">Renseignements sur <a href=\"https:\/\/www.grenoblealpesmetropole.fr\/367-decheteries.htm\" target=\"_blank\" rel=\"nofollow noopener\">grenoblealpesmetropole.fr<\/a>.<\/p>\n","protected":false},"excerpt":{"rendered":"En travaux depuis la fin de l\u2019ann\u00e9e 2023, la d\u00e9chetterie Jacquard a ferm\u00e9 ses portes au public fin&hellip;\n","protected":false},"author":2,"featured_media":244999,"comment_status":"","ping_status":"","sticky":false,"template":"","format":"standard","meta":{"footnotes":""},"categories":[9566],"tags":[1111,11,2430,112,436,1777,674,1011,27,2731,2732,108,12,25],"class_list":{"0":"post-244998","1":"post","2":"type-post","3":"status-publish","4":"format-standard","5":"has-post-thumbnail","7":"category-grenoble","8":"tag-actu","9":"tag-actualites","10":"tag-auvergne-rhone-alpes","11":"tag-edition-grenoble-agglomeration","12":"tag-environnement","13":"tag-eu","14":"tag-europe","15":"tag-fr","16":"tag-france","17":"tag-grenoble","18":"tag-grenoble-bassin","19":"tag-isere","20":"tag-news","21":"tag-republique-francaise"},"share_on_mastodon":{"url":"https:\/\/pubeurope.com\/@fr\/114840506357592623","error":""},"_links":{"self":[{"href":"https:\/\/www.europesays.com\/fr\/wp-json\/wp\/v2\/posts\/244998","targetHints":{"allow":["GET"]}}],"collection":[{"href":"https:\/\/www.europesays.com\/fr\/wp-json\/wp\/v2\/posts"}],"about":[{"href":"https:\/\/www.europesays.com\/fr\/wp-json\/wp\/v2\/types\/post"}],"author":[{"embeddable":true,"href":"https:\/\/www.europesays.com\/fr\/wp-json\/wp\/v2\/users\/2"}],"replies":[{"embeddable":true,"href":"https:\/\/www.europesays.com\/fr\/wp-json\/wp\/v2\/comments?post=244998"}],"version-history":[{"count":0,"href":"https:\/\/www.europesays.com\/fr\/wp-json\/wp\/v2\/posts\/244998\/revisions"}],"wp:featuredmedia":[{"embeddable":true,"href":"https:\/\/www.europesays.com\/fr\/wp-json\/wp\/v2\/media\/244999"}],"wp:attachment":[{"href":"https:\/\/www.europesays.com\/fr\/wp-json\/wp\/v2\/media?parent=244998"}],"wp:term":[{"taxonomy":"category","embeddable":true,"href":"https:\/\/www.europesays.com\/fr\/wp-json\/wp\/v2\/categories?post=244998"},{"taxonomy":"post_tag","embeddable":true,"href":"https:\/\/www.europesays.com\/fr\/wp-json\/wp\/v2\/tags?post=244998"}],"curies":[{"name":"wp","href":"https:\/\/api.w.org\/{rel}","templated":true}]}}