{"id":245000,"date":"2025-07-12T13:32:24","date_gmt":"2025-07-12T13:32:24","guid":{"rendered":"https:\/\/www.europesays.com\/fr\/245000\/"},"modified":"2025-07-12T13:32:24","modified_gmt":"2025-07-12T13:32:24","slug":"a-rennes-feu-dartifice-et-ceremonie-militaire-pour-celebrer-le-14-juillet","status":"publish","type":"post","link":"https:\/\/www.europesays.com\/fr\/245000\/","title":{"rendered":"\u00c0 Rennes, feu d\u2019artifice et c\u00e9r\u00e9monie militaire pour c\u00e9l\u00e9brer le 14-Juillet"},"content":{"rendered":"<p>Le traditionnel feu d\u2019artifice de la F\u00eate nationale sera tir\u00e9 le dimanche 13\u00a0juillet, \u00e0 23\u00a0h pr\u00e9cises, au stade de la Bellangerais. Au programme cette ann\u00e9e, 17\u00a0minutes de f\u00e9erie lumineuse autour de la th\u00e9matique de la sc\u00e8ne musicale locale rennaise. <strong>\u00ab\u00a0Ce feu d\u2019artifice sera l\u2019occasion de d\u00e9couvrir ou de se rem\u00e9morer des artistes qui sont pass\u00e9s dans l\u2019une des salles rennaises. Roazhon Radio mettra en avant ce c\u00f4t\u00e9 \u00e9clectique et d\u00e9cal\u00e9 qui caract\u00e9rise Rennes.\u00a0\u00bb<\/strong><\/p>\n<p><strong>Lire aussi\u00a0:<\/strong> <a href=\"https:\/\/rennes.maville.com\/actu\/actudet_-14-juillet-notre-selection-de-feux-d-artifice-en-ille-et-vilaine-pour-la-fete-nationale-_7-6894702_actu.Htm\" target=\"_blank\" rel=\"nofollow noopener\">14-Juillet\u00a0: notre s\u00e9lection de feux d\u2019artifice en Ille-et-Vilaine pour la F\u00eate nationale<\/a><\/p>\n<p>Comment se rendre au feu d\u2019artifice\u00a0?<\/p>\n<p>Pas de stationnement \u00e0 proximit\u00e9, le public est donc invit\u00e9 \u00e0 privil\u00e9gier les transports en commun et les mobilit\u00e9s douces. Le site sera ouvert \u00e0 partir de 20\u00a0h. L\u2019entr\u00e9e se fera par le chemin de halage depuis les prairies Saint-Martin ou par le boulevard d\u2019Armorique.\u00a0Un parking \u00e0 v\u00e9los sera surveill\u00e9 le long du canal Saint-Martin, \u00e0 l\u2019entr\u00e9e du site.<\/p>\n<p>\t<img decoding=\"async\" src=\"https:\/\/www.europesays.com\/fr\/wp-content\/uploads\/2025\/07\/P35352050D6897455G_px_640_.jpg\" alt=\"photo le feu d\u2019artifice sera tir\u00e9 le dimanche, \u00e0 23\u00a0h pr\u00e9cises, au stade de la bellangerais.  \u00a9  archives ouest-france\" width=\"640\" title=\" Le feu d\u2019artifice sera tir\u00e9 le dimanche, \u00e0 23\u00a0h pr\u00e9cises, au stade de la Bellangerais.   archives Ouest-France \"\/><\/p>\n<p class=\"elmt-legende\"> Le feu d\u2019artifice sera tir\u00e9 le dimanche, \u00e0 23\u00a0h pr\u00e9cises, au stade de la Bellangerais.   archives Ouest-France <\/p>\n<p>Des navettes Star gratuites seront mises en place depuis la station de m\u00e9tro Gayeulles jusqu\u2019au stade.\u00a0La ligne de m\u00e9tro B, en descendant \u00e0 la station Gros Ch\u00eane, permet aussi un acc\u00e8s facile, en marchant une quinzaine de minutes.\u00a0Les lignes de bus Chronostar (C1, C2, C3, C4, C5, C6, C7) circuleront une heure plus tard qu\u2019un dimanche d\u2019\u00e9t\u00e9 classique, avec un dernier d\u00e9part de R\u00e9publique \u00e0 1\u00a0h\u00a035 du matin. Les cinq parcs relais resteront ouverts jusqu\u2019\u00e0 2\u00a0h du matin.<\/p>\n<p>Lundi, la c\u00e9r\u00e9monie militaire<\/p>\n<p>Lundi 14\u00a0juillet, \u00e0 17\u00a0h, une c\u00e9r\u00e9monie militaire se d\u00e9roulera place du Parlement. La circulation des v\u00e9hicules sera interdite, de 15\u00a0h \u00e0 19\u00a0h, sur les axes suivants\u00a0: rue de la Monnaie (section comprise entre la place de la Trinit\u00e9 et la rue de Clisson), rue de Clisson, rue de Montfort, rue du Guesclin, rue de l\u2019Hermine, rue de Brilhac, rue Edith-Cavell, rue Hoche (section comprise entre l\u2019intersection rue des Foss\u00e9, rue de Bertrand et rue Salomon de Brosse), rue Salomon de Brosse, rue Victor-Hugo.<\/p>\n<p>\t<img decoding=\"async\" src=\"https:\/\/www.europesays.com\/fr\/wp-content\/uploads\/2025\/07\/P35352051D6897455G_px_640_.jpg\" alt=\"photo le d\u00e9fil\u00e9 militaire, ici avec des \u00e9l\u00e8ves de l\u2019\u00e9cole sp\u00e9ciale militaire de saint-cyr co\u00ebtquidan.  \u00a9  archives ouest-france\" width=\"640\" title=\" Le d\u00e9fil\u00e9 militaire, ici avec des \u00e9l\u00e8ves de l\u2019\u00e9cole sp\u00e9ciale militaire de Saint-Cyr Co\u00ebtquidan.   archives Ouest-France \"\/><\/p>\n<p class=\"elmt-legende\"> Le d\u00e9fil\u00e9 militaire, ici avec des \u00e9l\u00e8ves de l\u2019\u00e9cole sp\u00e9ciale militaire de Saint-Cyr Co\u00ebtquidan.   archives Ouest-France <\/p>\n<p>Le stationnement des v\u00e9hicules sera interdit de minuit \u00e0 19\u00a0h autour de la place du Parlement de Bretagne, rue Martenot (section comprise entre la rue du G\u00e9n\u00e9ral Guillaudot et la rue du Sergent Guihard), place Saint-Melaine, rue Salomon de Brosse.<\/p>\n<p>\u00a0<\/p>\n","protected":false},"excerpt":{"rendered":"Le traditionnel feu d\u2019artifice de la F\u00eate nationale sera tir\u00e9 le dimanche 13\u00a0juillet, \u00e0 23\u00a0h pr\u00e9cises, au stade&hellip;\n","protected":false},"author":2,"featured_media":245001,"comment_status":"","ping_status":"","sticky":false,"template":"","format":"standard","meta":{"footnotes":""},"categories":[2821],"tags":[10915,1111,11,38471,829,4413,4150,1777,674,1312,1011,27,3579,12,584,25,3728],"class_list":{"0":"post-245000","1":"post","2":"type-post","3":"status-publish","4":"format-standard","5":"has-post-thumbnail","7":"category-rennes","8":"tag-14-juillet","9":"tag-actu","10":"tag-actualites","11":"tag-artifice","12":"tag-bretagne","13":"tag-celebrer","14":"tag-ceremonie","15":"tag-eu","16":"tag-europe","17":"tag-feu","18":"tag-fr","19":"tag-france","20":"tag-militaire","21":"tag-news","22":"tag-rennes","23":"tag-republique-francaise","24":"tag-saint-malo"},"share_on_mastodon":{"url":"https:\/\/pubeurope.com\/@fr\/114840518430776778","error":""},"_links":{"self":[{"href":"https:\/\/www.europesays.com\/fr\/wp-json\/wp\/v2\/posts\/245000","targetHints":{"allow":["GET"]}}],"collection":[{"href":"https:\/\/www.europesays.com\/fr\/wp-json\/wp\/v2\/posts"}],"about":[{"href":"https:\/\/www.europesays.com\/fr\/wp-json\/wp\/v2\/types\/post"}],"author":[{"embeddable":true,"href":"https:\/\/www.europesays.com\/fr\/wp-json\/wp\/v2\/users\/2"}],"replies":[{"embeddable":true,"href":"https:\/\/www.europesays.com\/fr\/wp-json\/wp\/v2\/comments?post=245000"}],"version-history":[{"count":0,"href":"https:\/\/www.europesays.com\/fr\/wp-json\/wp\/v2\/posts\/245000\/revisions"}],"wp:featuredmedia":[{"embeddable":true,"href":"https:\/\/www.europesays.com\/fr\/wp-json\/wp\/v2\/media\/245001"}],"wp:attachment":[{"href":"https:\/\/www.europesays.com\/fr\/wp-json\/wp\/v2\/media?parent=245000"}],"wp:term":[{"taxonomy":"category","embeddable":true,"href":"https:\/\/www.europesays.com\/fr\/wp-json\/wp\/v2\/categories?post=245000"},{"taxonomy":"post_tag","embeddable":true,"href":"https:\/\/www.europesays.com\/fr\/wp-json\/wp\/v2\/tags?post=245000"}],"curies":[{"name":"wp","href":"https:\/\/api.w.org\/{rel}","templated":true}]}}