{"id":245006,"date":"2025-07-12T13:35:11","date_gmt":"2025-07-12T13:35:11","guid":{"rendered":"https:\/\/www.europesays.com\/fr\/245006\/"},"modified":"2025-07-12T13:35:11","modified_gmt":"2025-07-12T13:35:11","slug":"commemoration-de-lattentat-de-la-promenade-des-anglais-a-nice-le-programme-des-ceremonies-du-14-juillet-2025","status":"publish","type":"post","link":"https:\/\/www.europesays.com\/fr\/245006\/","title":{"rendered":"Comm\u00e9moration de l\u2019attentat de la promenade des Anglais \u00e0 Nice: le programme des c\u00e9r\u00e9monies du 14 juillet 2025"},"content":{"rendered":"<p>Depuis le <strong>14 juillet 2016<\/strong>, la c\u00e9l\u00e9bration de la F\u00eate nationale \u00e0 Nice n\u2019a plus la m\u00eame r\u00e9sonance. Les c\u00e9r\u00e9monies pr\u00e9vues ce lundi 14 juillet 2025 seront une nouvelle fois l\u2019occasion de se souvenir de l\u2019horreur de ce soir-l\u00e0 et de rendre <strong>hommage aux 86 victimes et aux centaines de bless\u00e9s<\/strong> de l\u2019attentat qui a endeuill\u00e9 la capitale azur\u00e9enne. La vie continue mais les cicatrices demeurent \u00e0 jamais.<\/p>\n<p>Depuis cette date, la Ville organise une<strong> journ\u00e9e de recueillement et de comm\u00e9moration<\/strong>, dont le programme est \u00e9tabli avec les quatre associations locales de victimes: Promenade des Anges, M\u00e9morial des Anges, Life for Nice, Une voie des enfants.<\/p>\n<p>                                <strong>D\u00e8s 8 heures devant l\u2019Ange de la Baie<\/strong><\/p>\n<p>&#8211; La<strong> journ\u00e9e d\u00e9butera \u00e0 8h30<\/strong> devant l\u2019\u0153uvre m\u00e9morielle L\u2019Ange de la Baie, de Jean-Marie Fondacaro. L\u2019entr\u00e9e se fera sous la pergola du front de mer, face \u00e0 l\u2019h\u00f4tel Le Royal. Pr\u00e9sence imp\u00e9rative \u00e0 8 heures.<\/p>\n<p>&#8211; Suivra un d\u00e9fil\u00e9 r\u00e9publicain, sur la promenade des Anglais, au niveau de l\u2019esplanade Jacques-Cotta, \u00e0 partir de 9h45(entr\u00e9e par le jardin Albert-Ier, face \u00e0 la rue Saint-Fran\u00e7ois-de-Paule).<\/p>\n<p>&#8211; \u00c0<strong> 11h30,<\/strong> \u00e0 la <strong>Villa Mass\u00e9na (<\/strong>32-35, promenade des Anglais), c\u00e9r\u00e9monie en l\u2019honneur des forces arm\u00e9es, de s\u00e9curit\u00e9 et de secours, et mise \u00e0 l\u2019honneur des agents r\u00e9servistes.<\/p>\n<p>&#8211; \u00c0<strong> 21 heures<\/strong>, au th\u00e9\u00e2tre de Verdure, concert de l\u2019Orchestre philharmonique de Nice, qui offrira, sous la direction de Dylan Corlay, un tour du monde musical \u00e0 travers des \u0153uvres majeures du r\u00e9pertoire classique avec des compositions de Bizet, Brahms, Tcha\u00efkovski\u2026<\/p>\n<p>&#8211; \u00c0 <strong>22h34<\/strong> pr\u00e9cis\u00e9ment, mise en lumi\u00e8re des <strong>86 faisceaux lumineux en m\u00e9moire des 86 victime<\/strong>s \u00e0 hauteur du kiosque \u00e0 musique.<\/p>\n","protected":false},"excerpt":{"rendered":"Depuis le 14 juillet 2016, la c\u00e9l\u00e9bration de la F\u00eate nationale \u00e0 Nice n\u2019a plus la m\u00eame r\u00e9sonance.&hellip;\n","protected":false},"author":2,"featured_media":245007,"comment_status":"","ping_status":"","sticky":false,"template":"","format":"standard","meta":{"footnotes":""},"categories":[2819],"tags":[1111,11,1777,674,1011,27,12,2401,882,25,3366],"class_list":{"0":"post-245006","1":"post","2":"type-post","3":"status-publish","4":"format-standard","5":"has-post-thumbnail","7":"category-nice","8":"tag-actu","9":"tag-actualites","10":"tag-eu","11":"tag-europe","12":"tag-fr","13":"tag-france","14":"tag-news","15":"tag-nice","16":"tag-provence-alpes-cote-dazur","17":"tag-republique-francaise","18":"tag-vie-locale"},"share_on_mastodon":{"url":"https:\/\/pubeurope.com\/@fr\/114840529993315194","error":""},"_links":{"self":[{"href":"https:\/\/www.europesays.com\/fr\/wp-json\/wp\/v2\/posts\/245006","targetHints":{"allow":["GET"]}}],"collection":[{"href":"https:\/\/www.europesays.com\/fr\/wp-json\/wp\/v2\/posts"}],"about":[{"href":"https:\/\/www.europesays.com\/fr\/wp-json\/wp\/v2\/types\/post"}],"author":[{"embeddable":true,"href":"https:\/\/www.europesays.com\/fr\/wp-json\/wp\/v2\/users\/2"}],"replies":[{"embeddable":true,"href":"https:\/\/www.europesays.com\/fr\/wp-json\/wp\/v2\/comments?post=245006"}],"version-history":[{"count":0,"href":"https:\/\/www.europesays.com\/fr\/wp-json\/wp\/v2\/posts\/245006\/revisions"}],"wp:featuredmedia":[{"embeddable":true,"href":"https:\/\/www.europesays.com\/fr\/wp-json\/wp\/v2\/media\/245007"}],"wp:attachment":[{"href":"https:\/\/www.europesays.com\/fr\/wp-json\/wp\/v2\/media?parent=245006"}],"wp:term":[{"taxonomy":"category","embeddable":true,"href":"https:\/\/www.europesays.com\/fr\/wp-json\/wp\/v2\/categories?post=245006"},{"taxonomy":"post_tag","embeddable":true,"href":"https:\/\/www.europesays.com\/fr\/wp-json\/wp\/v2\/tags?post=245006"}],"curies":[{"name":"wp","href":"https:\/\/api.w.org\/{rel}","templated":true}]}}