{"id":245022,"date":"2025-07-12T13:44:48","date_gmt":"2025-07-12T13:44:48","guid":{"rendered":"https:\/\/www.europesays.com\/fr\/245022\/"},"modified":"2025-07-12T13:44:48","modified_gmt":"2025-07-12T13:44:48","slug":"2-personnes-jugees-en-comparution-immediate","status":"publish","type":"post","link":"https:\/\/www.europesays.com\/fr\/245022\/","title":{"rendered":"2 personnes jug\u00e9es en comparution imm\u00e9diate"},"content":{"rendered":"<p class=\"rev-margin-0 rev-text-xs-normal\">Deux personnes de 22 et 30 ans, suspect\u00e9es d&rsquo;avoir agress\u00e9 un m\u00e9decin de SOS M\u00e9decins \u00e0 Lille, entra\u00eenant une gr\u00e8ve la semaine derni\u00e8re, ont \u00e9t\u00e9 interpell\u00e9s et doivent \u00eatre jug\u00e9s mercredi en comparution imm\u00e9diate<\/p>\n<p class=\"rev-margin-0 rev-text-xs-bold\">PHOTO AFP \/ Fred TANNEAU<\/p>\n<p>\u00ab\u00a0Les deux mis en cause, \u00e2g\u00e9s de 22 et 30 ans, ont \u00e9t\u00e9 d\u00e9f\u00e9r\u00e9s (mardi) soir au parquet. Ils compara\u00eetront (mercredi) \u00e0 l&rsquo;audience de comparution imm\u00e9diate\u00a0\u00bb, qui commence \u00e0 14H00 et comporte plusieurs dossiers, \u00e9crit la procureure de Lille, Carole Etienne.<\/p>\n<p>Dans l&rsquo;attente de leur comparution, \u00ab\u00a0ils ont \u00e9t\u00e9 plac\u00e9s en d\u00e9tention provisoire\u00a0\u00bb, pr\u00e9cise encore la procureure.<\/p>\n<p>Le parquet de Lille avait ouvert une enqu\u00eate pour \u00ab\u00a0violences sur un professionnel de sant\u00e9\u00a0\u00bb et \u00ab\u00a0menaces de mort\u00a0\u00bb apr\u00e8s cette agression, survenue le 2 juillet en fin de journ\u00e9e \u00e0 l&rsquo;antenne lilloise de SOS M\u00e9decins, dans le quartier de Moulins (Lille-Sud).<\/p>\n<p>Le m\u00e9decin \u00ab\u00a0a \u00e9t\u00e9 violemment agress\u00e9 (&#8230;) par deux individus venus en mission punitive\u00a0\u00bb, avait rapport\u00e9 dans un communiqu\u00e9 la F\u00e9d\u00e9ration SOS M\u00e9decins France. \u00ab\u00a0Ceux-ci faisaient suite \u00e0 la consultation d&rsquo;une jeune femme venue solliciter un arr\u00eat de travail\u00a0\u00bb.<\/p>\n<p>La victime, \u00ab\u00a0en \u00e9tat de sid\u00e9ration compl\u00e8te\u00a0\u00bb, avait pu \u00eatre secourue \u00ab\u00a0gr\u00e2ce \u00e0 l&rsquo;intervention rapide d&rsquo;un confr\u00e8re\u00a0\u00bb qui a fait fuir les agresseurs, selon SOS M\u00e9decins France.<\/p>\n<p>Le m\u00e9decin, qui a dit avoir re\u00e7u quatre coups au visage, \u00ab\u00a0n&rsquo;a pas de blessure physique\u00a0\u00bb mais \u00ab\u00a0il y a un gros b\u00e9mol sur son \u00e9tat psychique\u00a0\u00bb, avait indiqu\u00e9 \u00e0 l&rsquo;AFP un m\u00e9decin de SOS M\u00e9decins Lille, qui avait souhait\u00e9 rester anonyme.<\/p>\n<p>Le ministre de la Sant\u00e9, Yannick Neuder, avait d\u00e9plor\u00e9 sur X \u00ab\u00a0ce drame d&rsquo;une rare violence\u00a0\u00bb. Il avait rappel\u00e9 que la loi Pradal, adopt\u00e9e le 25 juin, pr\u00e9voyait des peines renforc\u00e9es (jusqu&rsquo;\u00e0 cinq ans de prison et 75.000\u202f euros d&rsquo;amende) en cas de violences contre les personnels de nombreux \u00e9tablissements de sant\u00e9.<\/p>\n","protected":false},"excerpt":{"rendered":"Deux personnes de 22 et 30 ans, suspect\u00e9es d&rsquo;avoir agress\u00e9 un m\u00e9decin de SOS M\u00e9decins \u00e0 Lille, entra\u00eenant&hellip;\n","protected":false},"author":2,"featured_media":245023,"comment_status":"","ping_status":"","sticky":false,"template":"","format":"standard","meta":{"footnotes":""},"categories":[2815],"tags":[17,1111,11,1120,6023,2837,1777,674,1011,27,329,811,38473,1307,6339,12,3744,25],"class_list":{"0":"post-245022","1":"post","2":"type-post","3":"status-publish","4":"format-standard","5":"has-post-thumbnail","7":"category-lille","8":"tag-17","9":"tag-actu","10":"tag-actualites","11":"tag-agression","12":"tag-comparution","13":"tag-dun","14":"tag-eu","15":"tag-europe","16":"tag-fr","17":"tag-france","18":"tag-france-monde","19":"tag-hauts-de-france","20":"tag-jugees","21":"tag-lille","22":"tag-medecin","23":"tag-news","24":"tag-personnes","25":"tag-republique-francaise"},"share_on_mastodon":{"url":"https:\/\/pubeurope.com\/@fr\/114840569345246044","error":""},"_links":{"self":[{"href":"https:\/\/www.europesays.com\/fr\/wp-json\/wp\/v2\/posts\/245022","targetHints":{"allow":["GET"]}}],"collection":[{"href":"https:\/\/www.europesays.com\/fr\/wp-json\/wp\/v2\/posts"}],"about":[{"href":"https:\/\/www.europesays.com\/fr\/wp-json\/wp\/v2\/types\/post"}],"author":[{"embeddable":true,"href":"https:\/\/www.europesays.com\/fr\/wp-json\/wp\/v2\/users\/2"}],"replies":[{"embeddable":true,"href":"https:\/\/www.europesays.com\/fr\/wp-json\/wp\/v2\/comments?post=245022"}],"version-history":[{"count":0,"href":"https:\/\/www.europesays.com\/fr\/wp-json\/wp\/v2\/posts\/245022\/revisions"}],"wp:featuredmedia":[{"embeddable":true,"href":"https:\/\/www.europesays.com\/fr\/wp-json\/wp\/v2\/media\/245023"}],"wp:attachment":[{"href":"https:\/\/www.europesays.com\/fr\/wp-json\/wp\/v2\/media?parent=245022"}],"wp:term":[{"taxonomy":"category","embeddable":true,"href":"https:\/\/www.europesays.com\/fr\/wp-json\/wp\/v2\/categories?post=245022"},{"taxonomy":"post_tag","embeddable":true,"href":"https:\/\/www.europesays.com\/fr\/wp-json\/wp\/v2\/tags?post=245022"}],"curies":[{"name":"wp","href":"https:\/\/api.w.org\/{rel}","templated":true}]}}