{"id":245024,"date":"2025-07-12T13:45:12","date_gmt":"2025-07-12T13:45:12","guid":{"rendered":"https:\/\/www.europesays.com\/fr\/245024\/"},"modified":"2025-07-12T13:45:12","modified_gmt":"2025-07-12T13:45:12","slug":"lecole-42-sinstalle-a-marseille-et-casse-les-codes","status":"publish","type":"post","link":"https:\/\/www.europesays.com\/fr\/245024\/","title":{"rendered":"l&rsquo;\u00c9cole 42 s&rsquo;installe \u00e0 Marseille et casse les codes"},"content":{"rendered":"<p>Fond\u00e9e en\u00a02013 par l\u2019entrepreneur Xavier Niel, <a href=\"https:\/\/www.laprovence.com\/article\/actualites\/2280913\/xavier-niel-lance-42-une-ecole-informatique-gratuite-et-ouverte-24h24.html\" target=\"_blank\" rel=\"noopener\">l\u2019\u00c9cole 42<\/a> est devenue une r\u00e9f\u00e9rence mondiale en mati\u00e8re d\u2019\u00e9ducation informatique. <a href=\"https:\/\/www.laprovence.com\/article\/france-monde\/74838353234167\/apres-dix-ans-dexistence-lecole-42-accelere-son-internationalisation\" target=\"_blank\" rel=\"noopener\">Pr\u00e9sente dans plus de 30 pays<\/a>, avec plus de 50 campus, elle a su s\u2019imposer par une m\u00e9thode radicalement diff\u00e9rente\u00a0: pas de professeurs, pas de cours magistraux, mais une p\u00e9dagogie par projets, fond\u00e9e sur l\u2019autonomie, la responsabilit\u00e9 et l\u2019entraide entre pairs.<\/p>\n<p>\u00c0 l&rsquo;image d&rsquo;autres \u00e9coles 42 dans le monde, CMA CGM lance la sienne \u00e0 Marseille. \u00ab\u00a0C\u2019est une \u00e9cole de la volont\u00e9. Chaque apprenant \u00e9volue \u00e0 son rythme, dans un environnement exigeant mais bienveillant, ouvert 24h\/24, 7j\/7. On apprend en faisant, en se trompant, en collaborant\u00a0\u00bb, r\u00e9sume Angelo-Gabriel Mikael, membre de l\u2019\u00e9quipe dirigeante de 42 Marseille.<\/p>\n<p>Une \u00e9cole ouverte \u00e0 tous les profils<\/p>\n<p>Le campus de Marseille est en r\u00e9alit\u00e9 le deuxi\u00e8me projet de ce type port\u00e9 par CMA CGM, propri\u00e9taire de La Provence. En 2023, le groupe a initi\u00e9 l\u2019ouverture de 42 Beyrouth, au Liban. \u00ab\u00a0\u00c0 Beyrouth, la r\u00e9ponse a \u00e9t\u00e9 tr\u00e8s forte. C\u2019est Rodolphe Saad\u00e9, pr\u00e9sident de CMA CGM, qui a souhait\u00e9 que Marseille accueille \u00e0 son tour une \u00e9cole 42, d\u00e9taille le membre de l\u2019\u00e9quipe. C\u2019est un projet align\u00e9 avec notre attachement au territoire et \u00e0 l\u2019inclusion par la formation.\u00a0\u00bb<\/p>\n<p>Le g\u00e9ant fran\u00e7ais du transport maritime a mobilis\u00e9 ses \u00e9quipes en un temps record &#8211;\u00a0immobilier, IT, juridique, communication &#8211;\u00a0dans un m\u00e9c\u00e9nat de comp\u00e9tences in\u00e9dit pour acc\u00e9l\u00e9rer le d\u00e9ploiement.<\/p>\n<p>Le campus marseillais prendra place dans l\u2019<a href=\"https:\/\/www.laprovence.com\/article\/edition-marseille\/6116147\/la-renaissance-de-la-poste-colbert.html\" target=\"_blank\" rel=\"noopener\">ancien H\u00f4tel des Postes<\/a>, aujourd\u2019hui Grand Central, l\u00e0 o\u00f9 se trouve aussi La Provence, dans le centre-ville marseillais, \u00e0 deux pas de la gare Saint-Charles. Sur 1\u00a0000\u00a0m\u00b2 r\u00e9partis entre le 1er et 2e \u00e9tages, les futurs apprenants \u00e9volueront <a href=\"https:\/\/www.laprovence.com\/article\/economie\/6413842\/le-phare-lincubateur-social-de-la-fondation-cma-cgm-va-accompagner-7-laureats-dans-leur-creation-dentre\" target=\"_blank\" rel=\"noopener\">au c\u0153ur d\u2019un \u00e9cosyst\u00e8me d\u2019innovation dynamique<\/a>.<\/p>\n<p>La formation est enti\u00e8rement gratuite et sans condition de dipl\u00f4me. La seule exigence\u00a0: \u00eatre majeur. L\u2019\u00e9cole s\u2019adresse \u00e0 un public tr\u00e8s large, de 18 \u00e0 plus de 70\u00a0ans, m\u00ealant d\u00e9crocheurs scolaires, actifs en reconversion, \u00e9tudiants en pause, seniors et autodidactes.<\/p>\n<p>L\u2019admission se fait via les fameuses \u00ab\u00a0piscines\u201d, des sessions immersives et intensives de 26 jours, organis\u00e9es durant l\u2019\u00e9t\u00e9. Premier rendez-vous le 21\u00a0juillet, puis ce sera fin ao\u00fbt et fin septembre.<\/p>\n<p>\u00c0 l\u2019issue de ces trois sessions, 150 apprenants seront s\u00e9lectionn\u00e9s pour int\u00e9grer la premi\u00e8re promotion, d\u00e9but novembre. \u00ab\u00a0On ne teste pas des savoirs, mais la motivation, la pers\u00e9v\u00e9rance et la capacit\u00e9 \u00e0 travailler en \u00e9quipe. Il faut \u00eatre focus, endurant et d\u00e9termin\u00e9.\u00a0\u00bb<\/p>\n<p>Une p\u00e9dagogie d\u2019avant-garde<\/p>\n<p>Le tronc commun de l\u2019\u00e9cole 42 dure en moyenne 18 mois, mais chacun progresse \u00e0 son rythme. Ensuite, les \u00e9tudiants peuvent poursuivre avec des sp\u00e9cialisations en <a href=\"https:\/\/www.laprovence.com\/article\/economie\/12183493916129\/la-cybersecurite-un-enjeu-majeur-pour-les-tpe-et-pme\" target=\"_blank\" rel=\"noopener\">cybers\u00e9curit\u00e9<\/a>, architecture r\u00e9seau, intelligence artificielle,\u00a0etc. \u00c0 partir de la deuxi\u00e8me ann\u00e9e, l\u2019\u00e9cole propose des alternances et des stages.<\/p>\n<p>\u00ab\u00a042, c\u2019est 100% d\u2019employabilit\u00e9. Et 80% des alternants ou stagiaires d\u00e9crochent une offre d\u2019emploi \u00e0 l\u2019issue de leur mission\u00a0\u00bb, soutient Angelo-Gabriel Mikael.<\/p>\n<p>Un partenariat <a href=\"https:\/\/www.laprovence.com\/article\/region\/9022747364703514\/france-travail-et-30-entreprises-au-plus-pres-des-quartiers-prioritaires-davignon\" target=\"_blank\" rel=\"noopener\">avec France travail<\/a> permettra \u00e9galement d\u2019accompagner les publics \u00e9loign\u00e9s de l\u2019emploi et de faciliter la r\u00e9mun\u00e9ration des apprenants d\u00e8s la premi\u00e8re ann\u00e9e. L\u2019ambition de 42\u00a0Marseille est claire\u00a0: offrir un tremplin vers les m\u00e9tiers du num\u00e9rique, r\u00e9pondre \u00e0 la p\u00e9nurie de comp\u00e9tences dans les secteurs IT, et renforcer l\u2019\u00e9galit\u00e9 des chances \u00e0 travers une p\u00e9dagogie ouverte, innovante et gratuite. \u00ab\u00a0L\u2019\u00c9cole 42 est un monde \u00e0 part. Un moule dans lequel on entre pour apprendre diff\u00e9remment. C\u2019est une \u00e9cole du XXIe\u00a0si\u00e8cle, et Marseille en avait besoin.\u00a0\u00bb<\/p>\n<p><strong>Infos &amp; candidatures\u00a0: <a href=\"https:\/\/42marseille.com\/\" target=\"_blank\" rel=\"noopener\">www.42marseille.com<\/a><\/strong>&#13;<\/p>\n","protected":false},"excerpt":{"rendered":"Fond\u00e9e en\u00a02013 par l\u2019entrepreneur Xavier Niel, l\u2019\u00c9cole 42 est devenue une r\u00e9f\u00e9rence mondiale en mati\u00e8re d\u2019\u00e9ducation informatique. Pr\u00e9sente&hellip;\n","protected":false},"author":2,"featured_media":245025,"comment_status":"","ping_status":"","sticky":false,"template":"","format":"standard","meta":{"footnotes":""},"categories":[2814],"tags":[17,1111,11,10408,33,1777,674,1011,27,4112,884,12,4125,471,882,25,15804,3387],"class_list":{"0":"post-245024","1":"post","2":"type-post","3":"status-publish","4":"format-standard","5":"has-post-thumbnail","7":"category-marseille","8":"tag-17","9":"tag-actu","10":"tag-actualites","11":"tag-casse","12":"tag-economie","13":"tag-eu","14":"tag-europe","15":"tag-fr","16":"tag-france","17":"tag-lecole","18":"tag-marseille","19":"tag-news","20":"tag-numerique","21":"tag-pour","22":"tag-provence-alpes-cote-dazur","23":"tag-republique-francaise","24":"tag-sinstalle","25":"tag-tous"},"share_on_mastodon":{"url":"https:\/\/pubeurope.com\/@fr\/114840569403436159","error":""},"_links":{"self":[{"href":"https:\/\/www.europesays.com\/fr\/wp-json\/wp\/v2\/posts\/245024","targetHints":{"allow":["GET"]}}],"collection":[{"href":"https:\/\/www.europesays.com\/fr\/wp-json\/wp\/v2\/posts"}],"about":[{"href":"https:\/\/www.europesays.com\/fr\/wp-json\/wp\/v2\/types\/post"}],"author":[{"embeddable":true,"href":"https:\/\/www.europesays.com\/fr\/wp-json\/wp\/v2\/users\/2"}],"replies":[{"embeddable":true,"href":"https:\/\/www.europesays.com\/fr\/wp-json\/wp\/v2\/comments?post=245024"}],"version-history":[{"count":0,"href":"https:\/\/www.europesays.com\/fr\/wp-json\/wp\/v2\/posts\/245024\/revisions"}],"wp:featuredmedia":[{"embeddable":true,"href":"https:\/\/www.europesays.com\/fr\/wp-json\/wp\/v2\/media\/245025"}],"wp:attachment":[{"href":"https:\/\/www.europesays.com\/fr\/wp-json\/wp\/v2\/media?parent=245024"}],"wp:term":[{"taxonomy":"category","embeddable":true,"href":"https:\/\/www.europesays.com\/fr\/wp-json\/wp\/v2\/categories?post=245024"},{"taxonomy":"post_tag","embeddable":true,"href":"https:\/\/www.europesays.com\/fr\/wp-json\/wp\/v2\/tags?post=245024"}],"curies":[{"name":"wp","href":"https:\/\/api.w.org\/{rel}","templated":true}]}}