{"id":245030,"date":"2025-07-12T13:48:21","date_gmt":"2025-07-12T13:48:21","guid":{"rendered":"https:\/\/www.europesays.com\/fr\/245030\/"},"modified":"2025-07-12T13:48:21","modified_gmt":"2025-07-12T13:48:21","slug":"lyon-invente-le-concept-de-place-jardin-a-gerland","status":"publish","type":"post","link":"https:\/\/www.europesays.com\/fr\/245030\/","title":{"rendered":"Lyon invente le concept de place jardin \u00e0 Gerland"},"content":{"rendered":"<p>Les Girondins l\u2019attendaient depuis des ann\u00e9es : la place Vaclav Havel vient d\u2019\u00eatre inaugur\u00e9e. La Ville de Lyon, la M\u00e9tropole de Lyon, l\u2019am\u00e9nageur Groupe SERL et surtout les gens du quartier ont r\u00e9pondu pr\u00e9sent, toutes g\u00e9n\u00e9rations confondues. Et c\u2019est bien l\u2019objectif de cet am\u00e9nagement qui ne ressemble ni \u00e0 une place, ni \u00e0 un jardin, ni \u00e0 un terrain de sport\u2026 Mais qui est tout \u00e0 la fois.<\/p>\n<p>Les nouveaux habitants du <strong><a href=\"https:\/\/groupe-serl.fr\/groupe-serl\/lyon-7-le-programme-de-construction-des-logements-et-commerces-se-poursuit-sur-le-quartier-des-girondins\/\" target=\"_blank\" rel=\"noreferrer noopener\">quartier des Girondins<\/a><\/strong> n\u2019imaginent surement pas \u00e0 quoi ressemblait leur <strong>quartier<\/strong>, il y a seulement une dizaine d\u2019ann\u00e9es. Un <strong>ancien quartier industriel<\/strong> entre <strong>le Bon Lait<\/strong>, les <strong><a href=\"https:\/\/recherches.archives-lyon.fr\/page\/fonds-de-la-societe-cables-de-lyon\" target=\"_blank\" rel=\"noreferrer noopener\">Cables de Lyon<\/a><\/strong> et l\u2019ancienne <strong><a href=\"https:\/\/www.facebook.com\/BatimentJulesWeitz\" target=\"_blank\" rel=\"noreferrer noopener\">usine Jules Weitz<\/a><\/strong>, devenue plus tard, Richier et Potain\u2026 On est plus pr\u00e8s du goudron que de la place jardin.<\/p>\n<p><img fetchpriority=\"high\" decoding=\"async\" id=\"250462\" src=\"https:\/\/www.europesays.com\/fr\/wp-content\/uploads\/2025\/07\/place-jardin-Batiment-Jules-Weitz-1.jpg\" alt=\"Batiment Jules Weitz\" width=\"1200\" height=\"675\" class=\"image-compare__image-before\"\/><img loading=\"lazy\" decoding=\"async\" id=\"250445\" src=\"https:\/\/www.europesays.com\/fr\/wp-content\/uploads\/2025\/07\/place-jardin-Batiment-Jules-Weitz.jpg\" alt=\"place jardin\" width=\"1200\" height=\"675\" class=\"image-compare__image-after\"\/><\/p>\n<p>C\u2019est sur le t\u00e8nement de cette <strong>ancienne usine de fabrication de grues<\/strong>, qu\u2019a vu le jour la <strong>nouvelle place Vaclac Havel<\/strong>*. Les mamans du quartier n\u2019ont pas tard\u00e9 \u00e0 investir ce lieu pour le moins \u00e9tonnant. Nous avons rencontr\u00e9 <strong>Coraline, Margot et Myriam<\/strong>.<\/p>\n<p>Ecoutez aussi :<a href=\"https:\/\/www.lyondemain.fr\/parc-urbain-villeurbanne-la-cantina-podcasts-lalca\/\" target=\"_blank\" rel=\"noreferrer noopener\"> Villeurbanne : quand un parking devient un parc urbain inclusif<\/a><\/p>\n<p>\u00ab\u00a0Sortir un petit peu sans \u00eatre trop au soleil\u00a0\u00bb<\/p>\n<p>\u00ab\u00a0Dans le quartier, il n\u2019y a <strong>jamais assez de parcs et d\u2019espaces verts<\/strong>. C\u2019est important, surtout avec les <strong>fortes chaleurs<\/strong>, d\u2019avoir des <strong>coins d\u2019ombre<\/strong> et des coins o\u00f9 on peut amener les enfants et <strong>sortir un petit peu sans \u00eatre trop au soleil<\/strong>. Il y a quelques <strong>jeux pour enfants qui changent<\/strong>, des coins pour s\u2019asseoir,..\u00a0\u00bb explique les trois jeunes femmes accompagn\u00e9s par leurs enfants.<\/p>\n<p>Ecoutez le podcast<\/p>\n<p>La place jardin Vaclav Havel<\/p>\n<p>Situ\u00e9e \u00e0 l\u2019intersection de l\u2019<strong>axe pi\u00e9tonnier Fontenay<\/strong> et de la <strong>rue des Girondins<\/strong>, \u00e0 quelques encablures de l\u2019avenue Jean Jaur\u00e8s,\u00a0la <strong>place Vaclav Havel<\/strong> doit apporter une <strong>nouvelle centralit\u00e9<\/strong> au quartier.\u00a0<\/p>\n<p>Ecoutez aussi : <a href=\"https:\/\/www.lyondemain.fr\/ztl-presquile-lyon\/\" target=\"_blank\" rel=\"noreferrer noopener\">\u00ab\u00a0La ZTL est une r\u00e9ponse \u00e0 la morosit\u00e9 ambiante\u00a0\u00bb Gr\u00e9gory Doucet<\/a><\/p>\n<blockquote class=\"instagram-media\" data-instgrm-captioned=\"\" data-instgrm-permalink=\"https:\/\/www.instagram.com\/reel\/DL5piRiIyAE\/?utm_source=ig_embed&amp;utm_campaign=loading\" data-instgrm-version=\"14\" style=\" background:#FFF; border:0; border-radius:3px; box-shadow:0 0 1px 0 rgba(0,0,0,0.5),0 1px 10px 0 rgba(0,0,0,0.15); margin: 1px; max-width:540px; min-width:326px; padding:0; width:99.375%; width:-webkit-calc(100% - 2px); width:calc(100% - 2px);\"\/>\n<p>Gerland, symbole de la ville du quart d\u2019heure<\/p>\n<p>Pour <strong>Fanny Dubot<\/strong>, maire du <a href=\"https:\/\/mairie7.lyon.fr\/\" target=\"_blank\" rel=\"noreferrer noopener\">7\u00e8me arrondissement<\/a> : \u00ab\u00a0Il y a, \u00e0 la fois <strong>des espaces o\u00f9 on se rencontre<\/strong>, o\u00f9 on se pose. D\u2019autres o\u00f9 on peut faire quelques <strong>animations<\/strong>, des <strong>piqueniques<\/strong>, etc. De la verdure, de la <strong><a href=\"https:\/\/www.grandlyon.com\/fileadmin\/user_upload\/media\/pdf\/espace-presse\/cp\/2025\/20250708_cp_place-vaclav-havel.pdf\" target=\"_blank\" rel=\"noreferrer noopener\">v\u00e9g\u00e9talisation<\/a><\/strong>, \u00e9videmment pour amener la <strong>fra\u00eecheur<\/strong>. L\u2019<strong>infiltration de l\u2019eau dans les sols<\/strong>, c\u2019est aussi important, et beaucoup de <strong>jeux ludiques<\/strong>. Pens\u00e9s <strong>pour tous les \u00e2ges<\/strong>\u2026 On a des commerces dans la rue des Girondins. Des \u00e9coles, des coll\u00e8ges qui se construisent. Et finalement, on est dans un quartier o\u00f9 on a tout ce dont on a besoin \u00e0 proximit\u00e9 de chez nous. On n\u2019a pas besoin de prendre la voiture. C\u2019est \u00e7a la <strong>ville du quart d\u2019heure<\/strong> et c\u2019est ce qu\u2019on fait \u00e0 <strong>Gerland<\/strong>\u00ab\u00a0.<\/p>\n<p>Pens\u00e9e comme un <strong>\u00eelot de fra\u00eecheur<\/strong>, la place s\u2019\u00e9tend sur 6 000 m2. Cette \u00ab\u00a0<strong>place jardin<\/strong>\u00a0\u00bb permet l<strong>\u2018infiltration des eaux pluviales<\/strong>. Nous avons rencontr\u00e9 B<strong>ertrand Vignal<\/strong>, associ\u00e9 de l\u2019<strong><a href=\"https:\/\/www.baseland.fr\/inauguration-de-la-place-vaclav-havel-a-lyon\/\" target=\"_blank\" rel=\"noreferrer noopener\">Agence Base<\/a> Paysagiste<\/strong>.<\/p>\n<p><img loading=\"lazy\" decoding=\"async\" width=\"1200\" height=\"675\" src=\"https:\/\/www.europesays.com\/fr\/wp-content\/uploads\/2025\/07\/place-jardin-recuperation-deau.jpg\" alt=\"r\u00e9cup\u00e9ration d'eau\" class=\"wp-image-250448\"  \/><\/p>\n<p>Ecoutez aussi : <a href=\"https:\/\/www.lyondemain.fr\/alma-petra-construction-pierre-girondins-gerland\/\" target=\"_blank\" rel=\"noreferrer noopener\">Alma Petra : une r\u00e9sidence en pierre de taille \u00e0 Gerland<\/a><\/p>\n<p>Infiltration des eaux pluviales<\/p>\n<p>\u00ab\u00a0il faut \u00e0 la fois que les arbres puissent <strong>\u00e9vaporotranspirer<\/strong>. Donc avoir des <strong>r\u00e9serves d\u2019eau<\/strong> dans le sol. Il faut des <strong>strates basses<\/strong> pour que le frais soit pi\u00e9g\u00e9. Et il faut des relais \u00e0 d\u2019autres endroits, comme des <strong>brumisateurs<\/strong>, des <strong>ombrages<\/strong>, des <strong>pergolas<\/strong>. Il faut accumuler l\u2019ensemble des dispositifs pour tenter de compenser un petit peu lorsqu\u2019il y a de <strong>tr\u00e8s grosses chaleurs\u00a0\u00bb<\/strong>. .<\/p>\n<p><img loading=\"lazy\" decoding=\"async\" width=\"1200\" height=\"675\" src=\"https:\/\/www.europesays.com\/fr\/wp-content\/uploads\/2025\/07\/place-jardin-Agence-Base-Bertrand-Vignal.jpg\" alt=\"place jardin\" class=\"wp-image-250455\"  \/>Bertrand Vignal<\/p>\n<p>Des <strong>rev\u00eatements clairs<\/strong> et <strong>perm\u00e9ables<\/strong> ont \u00e9t\u00e9 choisis. L\u2019<strong>aire de jeu<\/strong> est r\u00e9alis\u00e9e en <strong>li\u00e8ge recycl\u00e9<\/strong>. 20 buses de <strong>brumisation<\/strong>, activables par un bouton poussoir, ont \u00e9galement \u00e9t\u00e9 install\u00e9es. Un <strong>rafraichissement<\/strong> qui amuse beaucoup les enfants\u2026<\/p>\n<p><strong>Fran\u00e7ois Trichet<\/strong> est charg\u00e9 de projet pour la <strong><a href=\"https:\/\/groupe-serl.fr\/groupe-serl\/lyon-7-au-coeur-de-gerland-le-quartier-des-girondins-poursuit-sa-mue\/\" target=\"_blank\" rel=\"noreferrer noopener\">SERL<\/a><\/strong>, l\u2019am\u00e9nageur du quartier. \u00ab\u00a0La <strong>place de Vaclav Havel<\/strong> est atypique avec un travail de <strong>concertation avec les habitants<\/strong> et aussi les <strong>adolescents<\/strong> et les <strong>enfants<\/strong>. Au final, deux espaces.. Une partie plut\u00f4t <strong>ludique et conviviale<\/strong>, pour la rencontre. Et une <strong>partie plus intime<\/strong>, plus v\u00e9g\u00e9talis\u00e9e, plus calme. C\u2019est une <strong>place multi-usages<\/strong>, bien que r\u00e9duite en surface\u00a0\u00bb<\/p>\n<p><img loading=\"lazy\" decoding=\"async\" width=\"1200\" height=\"675\" src=\"https:\/\/www.europesays.com\/fr\/wp-content\/uploads\/2025\/07\/place-jardin-SERL-Francois-Trichet.jpg\" alt=\"SERL Fran\u00e7ois Trichet\" class=\"wp-image-250456\"  \/>Fran\u00e7ois Trichet<\/p>\n<p>Ecoutez aussi :  <a href=\"https:\/\/www.lyondemain.fr\/lyon-se-baigner-dans-la-darse-confluence\/\" target=\"_blank\" rel=\"noreferrer noopener\">Lyon : se baigner dans la darse Confluence sera possible en 2027<\/a><\/p>\n<p>Place V\u00e0clav Havel : fruit d\u2019une concertation avec les gens du coin<\/p>\n<p>Sous les <strong>brumisateurs<\/strong>, une <strong>fresque<\/strong> permet aussi de s\u2019\u00e9vader un peu\u2026 Ce sont les <strong>artistes <\/strong><a href=\"https:\/\/www.instagram.com\/tankpopek\" target=\"_blank\" rel=\"noreferrer noopener\"><strong>Tank &amp; Popek<\/strong> <\/a>qui l\u2019ont r\u00e9alis\u00e9e. En quelque sorte un retour aux sources pour le couple qui avait \u00e9t\u00e9 r\u00e9sident de la <strong>Halle des Girondins<\/strong> L\u2019<strong>occupation temporaire<\/strong> qui a permis de faire vivre le quartier le temps de sa mutation\u2026<\/p>\n<p><img loading=\"lazy\" decoding=\"async\" width=\"1200\" height=\"675\" src=\"https:\/\/www.europesays.com\/fr\/wp-content\/uploads\/2025\/07\/place-jardin-Tank-Popek.jpg\" alt=\"place jardin\" class=\"wp-image-250457\"  \/>Tank &amp; Popek<\/p>\n<p>C\u2019est <strong>Popek<\/strong> qui nous d\u00e9crit sa r\u00e9alisation. \u00ab\u00a0L\u2019id\u00e9e, c\u2019\u00e9tait de repr\u00e9senter une <strong>cha\u00eene de montagne<\/strong>. D\u2019y int\u00e9grer aussi quelques \u00e9l\u00e9ments de vie, des <strong>bouquetins<\/strong>, des<strong> busards<\/strong>. Voil\u00e0, pour que les enfants s\u2019approprient un peu les choses. Le tout, dans un panel de couleurs un peu surr\u00e9aliste\u00a0\u00bb<\/p>\n<p><strong>3 000 logements<\/strong> seront livr\u00e9s \u00e0 terme autour de la <strong>place Vaclav Havel<\/strong>. Un <strong>p\u00f4le sportif, social et culturel<\/strong> est pr\u00e9vu d\u2019ici 2030. Le quartier sera alors termin\u00e9. Et on ne parlera plus de la <strong>ZAC des Girondins<\/strong> ouverte en 2012, mais du <strong>quartier des Girondins<\/strong>\u2026<\/p>\n<p>Ecoutez aussi : <a href=\"https:\/\/www.lyondemain.fr\/bois-de-la-part-dieu\/\" target=\"_blank\" rel=\"noreferrer noopener\">Le bois de la Part-Dieu va rafraichir le quartier d\u2019affaires<\/a><\/p>\n<p>*  <strong>V\u00e1clav Havel<\/strong> (1936-2011) \u00e9tait un <strong>dramaturge<\/strong>, <strong>essayiste<\/strong> et aussi <strong>homme d\u2019\u00c9tat tch\u00e8que<\/strong>. Il a \u00e9t\u00e9 une figure majeure de l\u2019opposition au r\u00e9gime communiste en Tch\u00e9coslovaquie. Apr\u00e8s la chute du communisme, il est devenu le premier pr\u00e9sident de la Tch\u00e9coslovaquie post-communiste (1989-1992), puis de la R\u00e9publique tch\u00e8que (1993-2003). Il est \u00e9galement connu pour ses pi\u00e8ces de th\u00e9\u00e2tre, ses essais et ses m\u00e9moires.<\/p>\n<p><img loading=\"lazy\" decoding=\"async\" width=\"1200\" height=\"675\" src=\"https:\/\/www.europesays.com\/fr\/wp-content\/uploads\/2025\/07\/place-jardin-vegetalisation.jpg\" alt=\"place jardin\" class=\"wp-image-250449\"  \/><br \/>\nJ\u2019aime \u00e7a\u00a0:<\/p>\n<p>J\u2019aime chargement\u2026<\/p>\n<p><a class=\"sd-link-color\"\/><\/p>\n<p>\n\tArticles similaires\n<\/p>\n<p>\t\t\t\t<img decoding=\"async\" src=\"https:\/\/www.europesays.com\/fr\/wp-content\/uploads\/2025\/07\/1752328101_345_7866158698e17e8ed633c05e8f8e7fe5d9e057ad78661c4dc34e413abb6b9f19\" alt=\"G\u00e9rald Bouchon\"\/><\/p>\n<p>Pionnier des radios libres, passionn\u00e9 de radio, journaliste et dirigeant de m\u00e9dias \u00e9co-responsables..<\/p>\n<p>\t\t\t<script async src=\"\/\/www.instagram.com\/embed.js\"><\/script><\/p>\n","protected":false},"excerpt":{"rendered":"Les Girondins l\u2019attendaient depuis des ann\u00e9es : la place Vaclav Havel vient d\u2019\u00eatre inaugur\u00e9e. La Ville de Lyon,&hellip;\n","protected":false},"author":2,"featured_media":245031,"comment_status":"","ping_status":"","sticky":false,"template":"","format":"standard","meta":{"footnotes":""},"categories":[1889],"tags":[1111,11,38474,3570,2430,38475,38476,38477,38478,33908,1777,674,38479,38480,1011,27,5303,1987,2428,38481,10510,12,38482,38483,5536,38484,38485,25,38486,38487,10792,3291],"class_list":{"0":"post-245030","1":"post","2":"type-post","3":"status-publish","4":"format-standard","5":"has-post-thumbnail","7":"category-lyon","8":"tag-actu","9":"tag-actualites","10":"tag-agence-base","11":"tag-arbres","12":"tag-auvergne-rhone-alpes","13":"tag-batiment-jules-weitz","14":"tag-bertrand-vignal","15":"tag-brumisateur","16":"tag-cycle-de-leau","17":"tag-eaux-pluviales","18":"tag-eu","19":"tag-europe","20":"tag-evapotranspiration","21":"tag-fanny-dubot","22":"tag-fr","23":"tag-france","24":"tag-gerland","25":"tag-girondins","26":"tag-lyon","27":"tag-lyon-7eme","28":"tag-metropole-de-lyon","29":"tag-news","30":"tag-nouveau-quartier","31":"tag-peinture-murale","32":"tag-place","33":"tag-place-vaclav-havel","34":"tag-recuperation-deau","35":"tag-republique-francaise","36":"tag-serl","37":"tag-tank-popek","38":"tag-vegetalisation","39":"tag-ville-de-lyon"},"share_on_mastodon":{"url":"https:\/\/pubeurope.com\/@fr\/114840581554736931","error":""},"_links":{"self":[{"href":"https:\/\/www.europesays.com\/fr\/wp-json\/wp\/v2\/posts\/245030","targetHints":{"allow":["GET"]}}],"collection":[{"href":"https:\/\/www.europesays.com\/fr\/wp-json\/wp\/v2\/posts"}],"about":[{"href":"https:\/\/www.europesays.com\/fr\/wp-json\/wp\/v2\/types\/post"}],"author":[{"embeddable":true,"href":"https:\/\/www.europesays.com\/fr\/wp-json\/wp\/v2\/users\/2"}],"replies":[{"embeddable":true,"href":"https:\/\/www.europesays.com\/fr\/wp-json\/wp\/v2\/comments?post=245030"}],"version-history":[{"count":0,"href":"https:\/\/www.europesays.com\/fr\/wp-json\/wp\/v2\/posts\/245030\/revisions"}],"wp:featuredmedia":[{"embeddable":true,"href":"https:\/\/www.europesays.com\/fr\/wp-json\/wp\/v2\/media\/245031"}],"wp:attachment":[{"href":"https:\/\/www.europesays.com\/fr\/wp-json\/wp\/v2\/media?parent=245030"}],"wp:term":[{"taxonomy":"category","embeddable":true,"href":"https:\/\/www.europesays.com\/fr\/wp-json\/wp\/v2\/categories?post=245030"},{"taxonomy":"post_tag","embeddable":true,"href":"https:\/\/www.europesays.com\/fr\/wp-json\/wp\/v2\/tags?post=245030"}],"curies":[{"name":"wp","href":"https:\/\/api.w.org\/{rel}","templated":true}]}}