{"id":245038,"date":"2025-07-12T13:54:10","date_gmt":"2025-07-12T13:54:10","guid":{"rendered":"https:\/\/www.europesays.com\/fr\/245038\/"},"modified":"2025-07-12T13:54:10","modified_gmt":"2025-07-12T13:54:10","slug":"paris-mikuna-fondation-orsay-on-a-teste-les-nouveaux-rooftops-les-plus-en-vogue-cet-ete","status":"publish","type":"post","link":"https:\/\/www.europesays.com\/fr\/245038\/","title":{"rendered":"Paris\u00a0: Mikuna, Fondation, Orsay\u2026 On a test\u00e9 les nouveaux rooftops les plus en vogue cet \u00e9t\u00e9"},"content":{"rendered":"<p class=\"paragraph text_align_left lp-f-body-02\">Oubliez les terrasses bond\u00e9es et les trottoirs surchauff\u00e9s. Cet \u00e9t\u00e9, le c\u0153ur de <a href=\"https:\/\/www.leparisien.fr\/paris-75\/\" target=\"_blank\" rel=\"noreferrer nofollow noopener\">Paris<\/a> bat sur les toits. Vue \u00e0 360 degr\u00e9s sur la <a href=\"https:\/\/www.leparisien.fr\/paris-75\/tour-eiffel\/\" target=\"_blank\" rel=\"noreferrer nofollow noopener\">tour Eiffel<\/a>, cocktails face au soleil qui se couche sur le Sacr\u00e9-C\u0153ur, musique envo\u00fbtante\u2026 Les rooftops et leur ambiance unique s\u00e9duisent de plus en plus les Parisiens pour des moments d\u2019exception, loin de la foule et du tumulte de la ville. Voici les derni\u00e8res adresses \u00e0 d\u00e9couvrir \u00e0 tout prix dans la capitale.<\/p>\n","protected":false},"excerpt":{"rendered":"Oubliez les terrasses bond\u00e9es et les trottoirs surchauff\u00e9s. Cet \u00e9t\u00e9, le c\u0153ur de Paris bat sur les toits.&hellip;\n","protected":false},"author":2,"featured_media":245039,"comment_status":"","ping_status":"","sticky":false,"template":"","format":"standard","meta":{"footnotes":""},"categories":[1888],"tags":[11,872,1777,674,1011,27,1944,12,626,25],"class_list":{"0":"post-245038","1":"post","2":"type-post","3":"status-publish","4":"format-standard","5":"has-post-thumbnail","7":"category-paris","8":"tag-actualites","9":"tag-culture-et-loisirs","10":"tag-eu","11":"tag-europe","12":"tag-fr","13":"tag-france","14":"tag-ma-ville","15":"tag-news","16":"tag-paris","17":"tag-republique-francaise"},"share_on_mastodon":{"url":"https:\/\/pubeurope.com\/@fr\/114840604692209015","error":""},"_links":{"self":[{"href":"https:\/\/www.europesays.com\/fr\/wp-json\/wp\/v2\/posts\/245038","targetHints":{"allow":["GET"]}}],"collection":[{"href":"https:\/\/www.europesays.com\/fr\/wp-json\/wp\/v2\/posts"}],"about":[{"href":"https:\/\/www.europesays.com\/fr\/wp-json\/wp\/v2\/types\/post"}],"author":[{"embeddable":true,"href":"https:\/\/www.europesays.com\/fr\/wp-json\/wp\/v2\/users\/2"}],"replies":[{"embeddable":true,"href":"https:\/\/www.europesays.com\/fr\/wp-json\/wp\/v2\/comments?post=245038"}],"version-history":[{"count":0,"href":"https:\/\/www.europesays.com\/fr\/wp-json\/wp\/v2\/posts\/245038\/revisions"}],"wp:featuredmedia":[{"embeddable":true,"href":"https:\/\/www.europesays.com\/fr\/wp-json\/wp\/v2\/media\/245039"}],"wp:attachment":[{"href":"https:\/\/www.europesays.com\/fr\/wp-json\/wp\/v2\/media?parent=245038"}],"wp:term":[{"taxonomy":"category","embeddable":true,"href":"https:\/\/www.europesays.com\/fr\/wp-json\/wp\/v2\/categories?post=245038"},{"taxonomy":"post_tag","embeddable":true,"href":"https:\/\/www.europesays.com\/fr\/wp-json\/wp\/v2\/tags?post=245038"}],"curies":[{"name":"wp","href":"https:\/\/api.w.org\/{rel}","templated":true}]}}