{"id":245044,"date":"2025-07-12T13:57:11","date_gmt":"2025-07-12T13:57:11","guid":{"rendered":"https:\/\/www.europesays.com\/fr\/245044\/"},"modified":"2025-07-12T13:57:11","modified_gmt":"2025-07-12T13:57:11","slug":"trump-annonce-30-de-tarif-douanier-pour-leurope-et-le-mexique","status":"publish","type":"post","link":"https:\/\/www.europesays.com\/fr\/245044\/","title":{"rendered":"Trump annonce 30\u00a0% de tarif douanier pour l\u2019Europe (et le Mexique)"},"content":{"rendered":"<p>C\u2019est reparti pour un tour\u00a0: Le pr\u00e9sident <a href=\"https:\/\/www.20minutes.fr\/dossier\/donald_trump\" class=\"color-ultramarine c-link\" target=\"_blank\" rel=\"noopener\">Donald Trump<\/a> a annonc\u00e9 ce samedi imposer un <a href=\"https:\/\/www.20minutes.fr\/economie\/droits-douane-americains\/\" class=\"color-ultramarine c-link\" target=\"_blank\" rel=\"noopener\">tarif douanier<\/a> de 30\u00a0% sur les importations en provenance du <a href=\"https:\/\/www.20minutes.fr\/dossier\/mexique\" class=\"color-ultramarine c-link\" target=\"_blank\" rel=\"noopener\">Mexique <\/a>et de l\u2019<a href=\"https:\/\/www.20minutes.fr\/dossier\/ue\" class=\"color-ultramarine c-link\" target=\"_blank\" rel=\"noopener\">Union europ\u00e9enne<\/a> \u00e0 partir du 1er\u00a0ao\u00fbt, <a href=\"https:\/\/www.reuters.com\/business\/trump-announces-30-tariffs-eu-2025-07-12\/\" rel=\"nofollow noopener\" target=\"_blank\" class=\"color-ultramarine c-link\">rapporte l\u2019agence britannique Reuters<\/a>.<\/p>\n<p>Une annonce critiqu\u00e9e par l\u2019UE qui se dit, \u00ab\u00a0pr\u00eate\u00a0\u00bb \u00e0 continuer \u00e0 travailler sur un accord avec Donald Trump.<\/p>\n<\/p>\n<p>Ces nouveaux tarifs ont \u00e9t\u00e9 annonc\u00e9s dans des lettres distinctes <a href=\"https:\/\/truthsocial.com\/@realDonaldTrump\" rel=\"nofollow noopener\" target=\"_blank\" class=\"color-ultramarine c-link\">publi\u00e9es samedi sur Truth Social<\/a>. Plus t\u00f4t dans la semaine, Trump avait d\u00e9j\u00e0 annonc\u00e9 de nouveaux droits de douane visant plusieurs pays, dont le Japon, la Cor\u00e9e du Sud, le Canada et le Br\u00e9sil, ainsi qu\u2019un tarif de 50\u00a0% sur le cuivre.<\/p>\n<p>Echec des n\u00e9gociations<\/p>\n<p><a href=\"https:\/\/www.20minutes.fr\/monde\/etats-unis\/4162806-20250709-droits-douane-ue-espere-accord-etats-unis-prochains-jours\" class=\"color-ultramarine c-link\" target=\"_blank\" rel=\"noopener\">L\u2019Union europ\u00e9enne esp\u00e9rait parvenir \u00e0 un accord commercial global <\/a>avec les <a href=\"https:\/\/www.20minutes.fr\/monde\/etats-unis\/\" class=\"color-ultramarine c-link\" target=\"_blank\" rel=\"noopener\">\u00c9tats-Unis<\/a> pour le bloc des 27 pays. Elle s\u2019attendait \u00e0 une lettre de Trump d\u00e9taillant les droits de douane envisag\u00e9s sur le principal partenaire commercial et d\u2019investissement des \u00c9tats-Unis, surtout apr\u00e8s l\u2019\u00e9largissement de sa guerre tarifaire ces derniers jours.<\/p>\n","protected":false},"excerpt":{"rendered":"C\u2019est reparti pour un tour\u00a0: Le pr\u00e9sident Donald Trump a annonc\u00e9 ce samedi imposer un tarif douanier de&hellip;\n","protected":false},"author":2,"featured_media":245045,"comment_status":"","ping_status":"","sticky":false,"template":"","format":"standard","meta":{"footnotes":""},"categories":[1589],"tags":[47,11,215,75,33742,33,73,1866,5799,5697,74,12,555,1864,1865,1863,308],"class_list":{"0":"post-245044","1":"post","2":"type-post","3":"status-publish","4":"format-standard","5":"has-post-thumbnail","7":"category-etats-unis","8":"tag-actualite","9":"tag-actualites","10":"tag-commerce","11":"tag-donald-trump","12":"tag-droits-de-douane-americains","13":"tag-economie","14":"tag-etats-unis","15":"tag-etats-unis-damerique","16":"tag-importation","17":"tag-mexique","18":"tag-monde","19":"tag-news","20":"tag-union-europeenne-ue","21":"tag-united-states","22":"tag-united-states-of-america","23":"tag-us","24":"tag-usa"},"share_on_mastodon":{"url":"https:\/\/pubeurope.com\/@fr\/114840616536241234","error":""},"_links":{"self":[{"href":"https:\/\/www.europesays.com\/fr\/wp-json\/wp\/v2\/posts\/245044","targetHints":{"allow":["GET"]}}],"collection":[{"href":"https:\/\/www.europesays.com\/fr\/wp-json\/wp\/v2\/posts"}],"about":[{"href":"https:\/\/www.europesays.com\/fr\/wp-json\/wp\/v2\/types\/post"}],"author":[{"embeddable":true,"href":"https:\/\/www.europesays.com\/fr\/wp-json\/wp\/v2\/users\/2"}],"replies":[{"embeddable":true,"href":"https:\/\/www.europesays.com\/fr\/wp-json\/wp\/v2\/comments?post=245044"}],"version-history":[{"count":0,"href":"https:\/\/www.europesays.com\/fr\/wp-json\/wp\/v2\/posts\/245044\/revisions"}],"wp:featuredmedia":[{"embeddable":true,"href":"https:\/\/www.europesays.com\/fr\/wp-json\/wp\/v2\/media\/245045"}],"wp:attachment":[{"href":"https:\/\/www.europesays.com\/fr\/wp-json\/wp\/v2\/media?parent=245044"}],"wp:term":[{"taxonomy":"category","embeddable":true,"href":"https:\/\/www.europesays.com\/fr\/wp-json\/wp\/v2\/categories?post=245044"},{"taxonomy":"post_tag","embeddable":true,"href":"https:\/\/www.europesays.com\/fr\/wp-json\/wp\/v2\/tags?post=245044"}],"curies":[{"name":"wp","href":"https:\/\/api.w.org\/{rel}","templated":true}]}}