{"id":245048,"date":"2025-07-12T13:59:16","date_gmt":"2025-07-12T13:59:16","guid":{"rendered":"https:\/\/www.europesays.com\/fr\/245048\/"},"modified":"2025-07-12T13:59:16","modified_gmt":"2025-07-12T13:59:16","slug":"amoura-incertain-pour-la-reprise-comme-un-air-de-deja-vu","status":"publish","type":"post","link":"https:\/\/www.europesays.com\/fr\/245048\/","title":{"rendered":"Amoura incertain pour la reprise, comme un air de d\u00e9j\u00e0-vu !"},"content":{"rendered":"<p><strong\/><\/p>\n<p><strong>Le VfL Wolfsburg a lanc\u00e9 sa pr\u00e9paration estivale<br \/>\nmercredi, mais l\u2019absence remarqu\u00e9e de Mohamed Amoura a suscit\u00e9 des<br \/>\ninterrogations. L\u2019attaquant alg\u00e9rien de 25 ans n\u2019a pas pris part \u00e0<br \/>\nla s\u00e9ance publique en raison de douleurs musculaires \u00e0 la cuisse,<br \/>\ncomme l\u2019a r\u00e9v\u00e9l\u00e9 Kicker.<\/strong><\/p>\n<p data-start=\"471\" data-end=\"796\">Ce contretemps intervient alors<br \/>\nqu\u2019Amoura avait d\u00e9j\u00e0 d\u00fb quitter le rassemblement de la s\u00e9lection<br \/>\nalg\u00e9rienne d\u00e9but juin pour des raisons similaires. Le club allemand<br \/>\nn\u2019a pas pr\u00e9cis\u00e9 la dur\u00e9e de son indisponibilit\u00e9, mais esp\u00e8re le<br \/>\nr\u00e9cup\u00e9rer rapidement pour int\u00e9grer les syst\u00e8mes de jeu du nouveau<br \/>\ncoach <strong data-start=\"777\" data-end=\"793\">Paul<br \/>\nSimonis<\/strong>. Un air de d\u00e9j\u00e0-vu pour l&rsquo;ancien joueur de l&rsquo;Union<br \/>\nSaint-Gilloise, <strong>bless\u00e9 l&rsquo;ann\u00e9e derni\u00e8re lors de sa<br \/>\npr\u00e9pration estivale,<\/strong> et manquant les premiers rendez-vous<br \/>\nde la saison. Ce qui n&rsquo;a toutefois pas empech\u00e9 le Fennec de briller<br \/>\nd\u00e8s ses premi\u00e8res v\u00e9ritables heures avec le maillot des Loups.<\/p>\n<p data-start=\"798\" data-end=\"1147\">En parall\u00e8le, <strong>Wolfsburg<br \/>\na pu compter sur 28 joueurs du groupe \u00e9largi,<\/strong> \u00e0<br \/>\nl\u2019exception notable de Tiago Tomas (en vacances apr\u00e8s l\u2019Euro U21)<br \/>\net d\u2019Amoura. La premi\u00e8re s\u00e9ance a \u00e9t\u00e9 rythm\u00e9e par un \u00e9chauffement,<br \/>\ndes jeux \u00e0 plusieurs buts et des instructions tactiques sur le<br \/>\nterrain, confirmant l\u2019approche m\u00e9thodique de Simonis et de son<br \/>\nstaff technique.<\/p>\n<p data-start=\"1401\" data-end=\"1722\"><strong>Pour Amoura, cette<br \/>\npause forc\u00e9e est un coup dur \u00e0 l\u2019aube d\u2019une saison o\u00f9 il est<br \/>\nattendu comme l\u2019un des atouts offensifs majeurs de<br \/>\nWolfsburg<\/strong>. Apr\u00e8s une premi\u00e8re ann\u00e9e d\u2019adaptation en<br \/>\nBundesliga, l\u2019Alg\u00e9rien esp\u00e8re confirmer tout le potentiel qui a<br \/>\nfait de lui une r\u00e9v\u00e9lation en Belgique avant son transfert en<br \/>\nAllemagne.<\/p>\n<p style=\"text-align: right;\" data-start=\"1401\" data-end=\"1722\">\nDZfoot<\/p>\n","protected":false},"excerpt":{"rendered":"Le VfL Wolfsburg a lanc\u00e9 sa pr\u00e9paration estivale mercredi, mais l\u2019absence remarqu\u00e9e de Mohamed Amoura a suscit\u00e9 des&hellip;\n","protected":false},"author":2,"featured_media":245049,"comment_status":"","ping_status":"","sticky":false,"template":"","format":"standard","meta":{"footnotes":""},"categories":[1587],"tags":[11,672,1804,1805,1803,1777,674,1801,12,1802],"class_list":{"0":"post-245048","1":"post","2":"type-post","3":"status-publish","4":"format-standard","5":"has-post-thumbnail","7":"category-allemagne","8":"tag-actualites","9":"tag-allemagne","10":"tag-bundesrepublik-deutschland","11":"tag-de","12":"tag-deutschland","13":"tag-eu","14":"tag-europe","15":"tag-germany","16":"tag-news","17":"tag-republique-federale-dallemagne"},"share_on_mastodon":{"url":"https:\/\/pubeurope.com\/@fr\/114840624381104487","error":""},"_links":{"self":[{"href":"https:\/\/www.europesays.com\/fr\/wp-json\/wp\/v2\/posts\/245048","targetHints":{"allow":["GET"]}}],"collection":[{"href":"https:\/\/www.europesays.com\/fr\/wp-json\/wp\/v2\/posts"}],"about":[{"href":"https:\/\/www.europesays.com\/fr\/wp-json\/wp\/v2\/types\/post"}],"author":[{"embeddable":true,"href":"https:\/\/www.europesays.com\/fr\/wp-json\/wp\/v2\/users\/2"}],"replies":[{"embeddable":true,"href":"https:\/\/www.europesays.com\/fr\/wp-json\/wp\/v2\/comments?post=245048"}],"version-history":[{"count":0,"href":"https:\/\/www.europesays.com\/fr\/wp-json\/wp\/v2\/posts\/245048\/revisions"}],"wp:featuredmedia":[{"embeddable":true,"href":"https:\/\/www.europesays.com\/fr\/wp-json\/wp\/v2\/media\/245049"}],"wp:attachment":[{"href":"https:\/\/www.europesays.com\/fr\/wp-json\/wp\/v2\/media?parent=245048"}],"wp:term":[{"taxonomy":"category","embeddable":true,"href":"https:\/\/www.europesays.com\/fr\/wp-json\/wp\/v2\/categories?post=245048"},{"taxonomy":"post_tag","embeddable":true,"href":"https:\/\/www.europesays.com\/fr\/wp-json\/wp\/v2\/tags?post=245048"}],"curies":[{"name":"wp","href":"https:\/\/api.w.org\/{rel}","templated":true}]}}