{"id":245050,"date":"2025-07-12T14:00:11","date_gmt":"2025-07-12T14:00:11","guid":{"rendered":"https:\/\/www.europesays.com\/fr\/245050\/"},"modified":"2025-07-12T14:00:11","modified_gmt":"2025-07-12T14:00:11","slug":"trump-frappe-leurope-de-plein-fouet-avec-30-de-droits-de-douane","status":"publish","type":"post","link":"https:\/\/www.europesays.com\/fr\/245050\/","title":{"rendered":"Trump frappe l\u2019Europe de plein fouet avec 30\u202f% de droits de douane"},"content":{"rendered":"<p>Le pr\u00e9sident am\u00e9ricain <a href=\"https:\/\/www.latribune.fr\/economie\/international\/35-de-surtaxe-washington-frappe-ottawa-au-portefeuille-1029446.html\" target=\"_blank\" rel=\"nofollow noopener\">Donald Trump<\/a> a d\u00e9cid\u00e9 d&rsquo;imposer des droits de douane de 30\u202f% sur l&rsquo;ensemble des biens import\u00e9s depuis l&rsquo;Union europ\u00e9enne et le Mexique \u00e0 partir du 1er ao\u00fbt 2025. Une annonce choc, qui intervient alors m\u00eame <a href=\"https:\/\/www.latribune.fr\/la-tribune-dimanche\/dimanche-eco\/face-a-donald-trump-et-ses-droits-de-douane-le-fatalisme-des-patrons-francais-1029014.html\" target=\"_blank\" rel=\"nofollow noopener\">que des n\u00e9gociations commerciales<\/a> \u00e9taient en cours entre Washington et Bruxelles.<\/p>\n<p>Dans une lettre adress\u00e9e ce 12 juillet \u00e0 Ursula von der Leyen, pr\u00e9sidente de la <a href=\"https:\/\/www.latribune.fr\/economie\/union-europeenne\/medicaments-couverture-eau-l-ue-fait-ses-stocks-en-cas-de-guerres-ou-de-catastrophes-1029337.html\" target=\"_blank\" rel=\"nofollow noopener\">Commission europ\u00e9enne<\/a>, Trump affirme ironiquement qu&rsquo;il s&rsquo;agit d&rsquo;\u00ab un grand honneur \u00bb pour lui d&rsquo;officialiser cette mesure, cens\u00e9e d\u00e9montrer la \u00ab force et l&rsquo;engagement \u00bb de la relation commerciale transatlantique. Derri\u00e8re cette formule diplomatique, le pr\u00e9sident justifie surtout sa d\u00e9cision par un narratif de plus en plus r\u00e9gulier sur le d\u00e9ficit commercial des \u00c9tats-Unis vis-\u00e0-vis de l&rsquo;UE. Ce d\u00e9s\u00e9quilibre atteindrait, selon lui, 157 milliards d&rsquo;euros pour les biens seuls, et environ 48 milliards en incluant les services.<\/p>\n<p>Les mati\u00e8res premi\u00e8res et l&rsquo;industrie cibl\u00e9es par Donald Trump<\/p>\n<p>Les nouvelles taxes s&rsquo;appliqueront \u00e0 un large \u00e9ventail de produits, avec une taxe uniforme de 30\u202f%, contre 10\u202f% jusqu&rsquo;\u00e0 pr\u00e9sent dans la majorit\u00e9 des cas. Les secteurs d\u00e9j\u00e0 cibl\u00e9s, comme l&rsquo;automobile (25\u202f%) ou l&rsquo;acier et l&rsquo;aluminium (50\u202f%), pourraient, eux aussi, subir cette hausse g\u00e9n\u00e9ralis\u00e9e. \u00c0 titre de comparaison, avant l&rsquo;arriv\u00e9e au pouvoir de Donald Trump, la moyenne des droits de douane sur les importations europ\u00e9ennes s&rsquo;\u00e9levait \u00e0 seulement 2,5\u202f%.<\/p>\n<p>Donald Trump a \u00e9galement pr\u00e9venu que d&rsquo;autres hausses pourraient suivre si l&rsquo;Union europ\u00e9enne d\u00e9cidait de riposter. Il s&rsquo;agit selon lui de mesures \u00ab de bon sens \u00bb destin\u00e9es \u00e0 prot\u00e9ger l&rsquo;industrie et l&#8217;emploi am\u00e9ricains.<\/p>\n<p>La Commission europ\u00e9enne, comp\u00e9tente pour n\u00e9gocier au nom des Vingt-Sept, esp\u00e9rait encore parvenir \u00e0 un accord de principe. Contrairement au Royaume-Uni, qui avait sign\u00e9 un accord bilat\u00e9ral d\u00e8s 2023, l&rsquo;UE avait privil\u00e9gi\u00e9 une strat\u00e9gie de n\u00e9gociation prolong\u00e9e afin d&rsquo;arracher des concessions. Mais face \u00e0 la pression croissante des \u00c9tats-Unis, la strat\u00e9gie europ\u00e9enne semble prise de court.<\/p>\n<p>Dans un communiqu\u00e9 publi\u00e9 ce 12 juillet, Ursula Von der Leyen d\u00e9clare que : \u00ab l&rsquo;imposition de droits de douane de 30 % sur les exportations europ\u00e9ennes perturberait des cha\u00eenes d&rsquo;approvisionnement transatlantiques essentielles, au d\u00e9triment des entreprises, des consommateurs et des patients des deux c\u00f4t\u00e9s de l&rsquo;Atlantique.<\/p>\n<p>Nous restons pr\u00eats \u00e0 poursuivre nos efforts pour parvenir \u00e0 un accord d&rsquo;ici le 1er ao\u00fbt. Parall\u00e8lement, nous prendrons toutes les mesures n\u00e9cessaires pour prot\u00e9ger les int\u00e9r\u00eats de l&rsquo;UE, y compris l&rsquo;adoption de contre-mesures proportionn\u00e9es si besoin. \u00bb<\/p>\n<p>L&rsquo;Europe, l&rsquo;Asie, l&rsquo;Am\u00e9rique du Sud, tous impact\u00e9s par Donald Trump<\/p>\n<p>La d\u00e9cision de Trump ne tombe pas du ciel : elle s&rsquo;inscrit dans une offensive commerciale plus large men\u00e9e depuis le d\u00e9but de son second mandat. Ces derniers mois, Washington a \u00e9galement relev\u00e9 les tarifs douaniers sur des pays comme le Japon, la Cor\u00e9e du Sud, le Canada ou le Br\u00e9sil, ainsi que sur plusieurs mati\u00e8res premi\u00e8res critiques comme le lithium et le cuivre. L&rsquo;administration a aussi instaur\u00e9 une taxe punitive de 50\u202f% sur certains composants \u00e9lectroniques et a renforc\u00e9 les exigences de \u00ab Made in America \u00bb dans les appels d&rsquo;offres publics.<\/p>\n<p>Dans ce contexte de durcissement g\u00e9n\u00e9ral, le Mexique n&rsquo;est pas \u00e9pargn\u00e9 : le pr\u00e9sident am\u00e9ricain impose aussi une taxe de 30\u202f% sur ses exportations vers les \u00c9tats-Unis. Cette fois, l&rsquo;administration invoque un motif s\u00e9curitaire, accusant Mexico d&rsquo;un manque d&rsquo;efficacit\u00e9 dans la lutte contre le trafic de drogues, en particulier le fentanyl. Cette ligne dure r\u00e9pond aussi \u00e0 des imp\u00e9ratifs \u00e9lectoraux\u202f: Donald Trump entend capitaliser sur un discours protectionniste et souverainiste qui l&rsquo;a fait \u00e9lire.<\/p>\n","protected":false},"excerpt":{"rendered":"Le pr\u00e9sident am\u00e9ricain Donald Trump a d\u00e9cid\u00e9 d&rsquo;imposer des droits de douane de 30\u202f% sur l&rsquo;ensemble des biens&hellip;\n","protected":false},"author":2,"featured_media":245051,"comment_status":"","ping_status":"","sticky":false,"template":"","format":"standard","meta":{"footnotes":""},"categories":[1586],"tags":[17,11,19343,33,1777,674,38494,1011,27,11731,1808,12,11388,25,979,467],"class_list":{"0":"post-245050","1":"post","2":"type-post","3":"status-publish","4":"format-standard","5":"has-post-thumbnail","7":"category-europe","8":"tag-17","9":"tag-actualites","10":"tag-douanieres","11":"tag-economie","12":"tag-eu","13":"tag-europe","14":"tag-fouet","15":"tag-fr","16":"tag-france","17":"tag-frappe","18":"tag-leurope","19":"tag-news","20":"tag-plein","21":"tag-republique-francaise","22":"tag-taxes","23":"tag-trump"},"share_on_mastodon":{"url":"https:\/\/pubeurope.com\/@fr\/114840628388797228","error":""},"_links":{"self":[{"href":"https:\/\/www.europesays.com\/fr\/wp-json\/wp\/v2\/posts\/245050","targetHints":{"allow":["GET"]}}],"collection":[{"href":"https:\/\/www.europesays.com\/fr\/wp-json\/wp\/v2\/posts"}],"about":[{"href":"https:\/\/www.europesays.com\/fr\/wp-json\/wp\/v2\/types\/post"}],"author":[{"embeddable":true,"href":"https:\/\/www.europesays.com\/fr\/wp-json\/wp\/v2\/users\/2"}],"replies":[{"embeddable":true,"href":"https:\/\/www.europesays.com\/fr\/wp-json\/wp\/v2\/comments?post=245050"}],"version-history":[{"count":0,"href":"https:\/\/www.europesays.com\/fr\/wp-json\/wp\/v2\/posts\/245050\/revisions"}],"wp:featuredmedia":[{"embeddable":true,"href":"https:\/\/www.europesays.com\/fr\/wp-json\/wp\/v2\/media\/245051"}],"wp:attachment":[{"href":"https:\/\/www.europesays.com\/fr\/wp-json\/wp\/v2\/media?parent=245050"}],"wp:term":[{"taxonomy":"category","embeddable":true,"href":"https:\/\/www.europesays.com\/fr\/wp-json\/wp\/v2\/categories?post=245050"},{"taxonomy":"post_tag","embeddable":true,"href":"https:\/\/www.europesays.com\/fr\/wp-json\/wp\/v2\/tags?post=245050"}],"curies":[{"name":"wp","href":"https:\/\/api.w.org\/{rel}","templated":true}]}}