{"id":245052,"date":"2025-07-12T14:01:19","date_gmt":"2025-07-12T14:01:19","guid":{"rendered":"https:\/\/www.europesays.com\/fr\/245052\/"},"modified":"2025-07-12T14:01:19","modified_gmt":"2025-07-12T14:01:19","slug":"donald-trump-annonce-30-de-tarifs-douaniers-pour-lunion-europeenne-a-partir-du-1%e1%b5%89%ca%b3-aout","status":"publish","type":"post","link":"https:\/\/www.europesays.com\/fr\/245052\/","title":{"rendered":"Donald Trump annonce 30% de tarifs douaniers pour l&rsquo;Union europ\u00e9enne \u00e0 partir du 1\u1d49\u02b3 ao\u00fbt"},"content":{"rendered":"<ul class=\"jsx-862013697 ArticleChapo__List\">\n<li class=\"jsx-862013697 ArticleChapo__List_Item flex\">Washington a inform\u00e9 l&rsquo;Union europ\u00e9enne de son souhait d&rsquo;imposer 30% de douanes.<\/li>\n<li class=\"jsx-862013697 ArticleChapo__List_Item flex\">Le Mexique est \u00e9galement concern\u00e9 par cette surtaxe.<\/li>\n<\/ul>\n<p data-module=\"article-paragraph\" class=\"jsx-3046738180 Paragraph Paragraph__End\">Apr\u00e8s des semaines d&rsquo;annonces choc, de suspense et de revirements, le couperet est enfin tomb\u00e9 pour l&rsquo;Europe. Donald Trump a annonc\u00e9 ce samedi 12 juillet que les \u00c9tats-Unis imposeraient d\u00e8s le 1\u1d49\u02b3 ao\u00fbt 30% de droits de douane \u00e0 l&rsquo;Union europ\u00e9enne, ainsi qu&rsquo;au Mexique. Le pr\u00e9sident am\u00e9ricain a partag\u00e9 <a href=\"https:\/\/truthsocial.com\/@realDonaldTrump\/posts\/114820176419744768\" target=\"_blank\" rel=\"nofollow noopener\">sur Truth social (nouvelle fen\u00eatre)<\/a> le courrier adress\u00e9 \u00e0 la Commission europ\u00e9enne, faisant partie de cette pile de lettres envoy\u00e9es depuis lundi 7 juillet aux diff\u00e9rents pays bient\u00f4t soumis \u00e0 des taxes.\u00a0<\/p>\n<p>Un d\u00e9ficit commercial mis en avant<\/p>\n<p data-module=\"article-paragraph\" class=\"jsx-3046738180 Paragraph Paragraph__End\">Apr\u00e8s une s\u00e9rie de menaces, Washington avait fini par accorder <a href=\"https:\/\/www.touteleurope.eu\/l-ue-dans-le-monde\/droits-de-douane-l-ue-encore-en-sursis-jusqu-au-1er-aout-face-a-la-strategie-commerciale-de-donald-trump\/\" target=\"_blank\" rel=\"nofollow noopener\">un sursis (nouvelle fen\u00eatre)<\/a> \u00e0 l&rsquo;Europe jusqu&rsquo;au 1\u1d49\u02b3 ao\u00fbt, contre le 9 juillet initialement. Mais le taux finalement annonc\u00e9 de 30% est bien plus haut qu&rsquo;esp\u00e9r\u00e9 par Bruxelles. Une fois encore, Donald Trump justifie ces nouveaux tarifs envers l&rsquo;UE par un pr\u00e9tendu d\u00e9s\u00e9quilibre commercial entre les deux partenaires. Le locataire de la Maison Blanche avait d\u00e9j\u00e0 chiffr\u00e9 ce d\u00e9ficit \u00e0 300 milliards de dollars, ce qui s&rsquo;\u00e9tait av\u00e9r\u00e9 <a href=\"https:\/\/www.tf1info.fr\/economie\/le-deficit-commercial-des-etats-unis-vis-a-vis-de-l-europe-est-il-vraiment-de-300-milliards-de-dollars-comme-l-affirme-donald-trump-2356496.html\" target=\"_blank\" rel=\"noopener\">totalement exag\u00e9r\u00e9<\/a>.\u00a0<\/p>\n<p><a href=\"https:\/\/www.tf1info.fr\/international\/l-instinct-du-bon-deal-bras-de-fer-sans-pitie-et-controverse-on-a-lu-l-art-de-la-negociation-de-donald-trump-2373328.html\" rel=\"noopener\" class=\"jsx-3308031228 Link flex\" target=\"_blank\"><img decoding=\"async\" src=\"https:\/\/www.europesays.com\/fr\/wp-content\/uploads\/2025\/07\/trump-161031-8160a6-0@1x.jpeg\" alt=\"AFP\" loading=\"lazy\" importance=\"low\" fetchpriority=\"low\" class=\"\" aria-hidden=\"true\"\/><\/p>\n<p class=\"jsx-3657663356 ReadMoreArticle__Title\">Lire aussi<\/p>\n<p class=\"jsx-3657663356\">\u00ab\u00a0L&rsquo;instinct\u00a0\u00bb du bon deal, bras de fer sans piti\u00e9 et \u00ab\u00a0controverse\u00a0\u00bb : on a lu \u00ab\u00a0L&rsquo;Art de la n\u00e9gociation\u00a0\u00bb de Donald Trump<\/p>\n<p><\/a><\/p>\n<p data-module=\"article-paragraph\" class=\"jsx-3046738180 Paragraph Paragraph__End\">\u00ab\u00a0Nous avons eu des ann\u00e9es pour discuter de nos relations commerciales avec l&rsquo;Union europ\u00e9enne, et nous sommes arriv\u00e9s \u00e0 la conclusion que nous devons nous \u00e9loigner de ces d\u00e9ficits commerciaux importants, persistants et \u00e0 long terme, engendr\u00e9s par vos politiques tarifaires et non tarifaires et vos barri\u00e8res commerciales. Nos relations ont malheureusement \u00e9t\u00e9 loin d&rsquo;\u00eatre r\u00e9ciproques\u00a0\u00bb, affirme Donald Trump. Reste \u00e0 savoir comment l&rsquo;Union europ\u00e9enne va r\u00e9agir. Apr\u00e8s l&rsquo;entr\u00e9e en vigueur en mars de tarifs de 25% sur les importations d&rsquo;acier et d&rsquo;aluminium aux \u00c9tats-Unis, la Commission europ\u00e9enne avait d\u00e9cid\u00e9 d&rsquo;appliquer des droits \u00ab\u00a0proportionn\u00e9s\u00a0\u00bb sur plusieurs produits d&rsquo;origine am\u00e9ricaine.\u00a0<\/p>\n<p>C.Q  avec AFP<\/p>\n","protected":false},"excerpt":{"rendered":"Washington a inform\u00e9 l&rsquo;Union europ\u00e9enne de son souhait d&rsquo;imposer 30% de douanes. Le Mexique est \u00e9galement concern\u00e9 par&hellip;\n","protected":false},"author":2,"featured_media":245053,"comment_status":"","ping_status":"","sticky":false,"template":"","format":"standard","meta":{"footnotes":""},"categories":[1586],"tags":[1111,11,1921,75,1073,73,1777,674,1779,1011,27,1922,5697,12,25,1778,364,133,1920],"class_list":{"0":"post-245052","1":"post","2":"type-post","3":"status-publish","4":"format-standard","5":"has-post-thumbnail","7":"category-europe","8":"tag-actu","9":"tag-actualites","10":"tag-article-video","11":"tag-donald-trump","12":"tag-emmanuel-macron","13":"tag-etats-unis","14":"tag-eu","15":"tag-europe","16":"tag-european-union","17":"tag-fr","18":"tag-france","19":"tag-info","20":"tag-mexique","21":"tag-news","22":"tag-republique-francaise","23":"tag-ue","24":"tag-union-europeenne","25":"tag-video","26":"tag-video-international"},"share_on_mastodon":{"url":"https:\/\/pubeurope.com\/@fr\/114840632305733442","error":""},"_links":{"self":[{"href":"https:\/\/www.europesays.com\/fr\/wp-json\/wp\/v2\/posts\/245052","targetHints":{"allow":["GET"]}}],"collection":[{"href":"https:\/\/www.europesays.com\/fr\/wp-json\/wp\/v2\/posts"}],"about":[{"href":"https:\/\/www.europesays.com\/fr\/wp-json\/wp\/v2\/types\/post"}],"author":[{"embeddable":true,"href":"https:\/\/www.europesays.com\/fr\/wp-json\/wp\/v2\/users\/2"}],"replies":[{"embeddable":true,"href":"https:\/\/www.europesays.com\/fr\/wp-json\/wp\/v2\/comments?post=245052"}],"version-history":[{"count":0,"href":"https:\/\/www.europesays.com\/fr\/wp-json\/wp\/v2\/posts\/245052\/revisions"}],"wp:featuredmedia":[{"embeddable":true,"href":"https:\/\/www.europesays.com\/fr\/wp-json\/wp\/v2\/media\/245053"}],"wp:attachment":[{"href":"https:\/\/www.europesays.com\/fr\/wp-json\/wp\/v2\/media?parent=245052"}],"wp:term":[{"taxonomy":"category","embeddable":true,"href":"https:\/\/www.europesays.com\/fr\/wp-json\/wp\/v2\/categories?post=245052"},{"taxonomy":"post_tag","embeddable":true,"href":"https:\/\/www.europesays.com\/fr\/wp-json\/wp\/v2\/tags?post=245052"}],"curies":[{"name":"wp","href":"https:\/\/api.w.org\/{rel}","templated":true}]}}