{"id":245060,"date":"2025-07-12T14:05:16","date_gmt":"2025-07-12T14:05:16","guid":{"rendered":"https:\/\/www.europesays.com\/fr\/245060\/"},"modified":"2025-07-12T14:05:16","modified_gmt":"2025-07-12T14:05:16","slug":"albert-boneta-en-tete-mathieu-decottignies-lafon-en-embuscade","status":"publish","type":"post","link":"https:\/\/www.europesays.com\/fr\/245060\/","title":{"rendered":"Albert Boneta en t\u00eate, Mathieu Decottignies-Lafon en embuscade"},"content":{"rendered":"<p>\t\t\t\t\t\t<img width=\"770\" height=\"556\" src=\"https:\/\/www.europesays.com\/fr\/wp-content\/uploads\/2025\/07\/afp__20240912__2170785089__v1__highres__opendeportugalatroyalobidos2024dayone-770x556.jpg\" class=\"img-responsive wp-post-image\" alt=\"\" decoding=\"async\" fetchpriority=\"high\"  \/>\t\t\t\t\t<\/p>\n<p>\t\t\t\t\t\t Partager cet article <\/p>\n<p class=\"screen-reader-text juiz_sps_maybe_hidden_text\">Partager la publication \u00ab\u00a0Albert Boneta en t\u00eate, Mathieu Decottignies-Lafon en embuscade\u00a0\u00bb<\/p>\n<p><strong>Albert Boneta compte un coup d\u2019avance sur Danny List et Jonathan G\u00f8th-Rasmussen \u00e0 l\u2019issue du 2e tour du D+D REAL Czech Challenge. Mathieu Decottignies-Lafon (photo) occupe la 11e place, \u00e0 cinq coups du leader et une longueur devant Cl\u00e9ment Charmasson et Bastien Amat.<\/strong><\/p>\n<p>\u00a0<\/p>\n<p>Comme la veille, <strong>Albert Boneta<\/strong> a sign\u00e9 huit birdies mais il a aussi conc\u00e9d\u00e9 un double bogey pour une carte de 64 (-6) sur le parcours du <strong>Royal Beroun Golf Club<\/strong>, qui a accueilli le <strong>Ladies European Tour<\/strong> il y a moins d\u2019un mois.<\/p>\n<p><a href=\"https:\/\/www.europeantour.com\/hotelplanner-tour\/d-d-real-czech-challenge-2025\/leaderboard?round=2\" target=\"_blank\" rel=\"noopener nofollow\">Retrouvez le classement complet<\/a><\/p>\n<p>Cela a suffi \u00e0 l\u2019Espagnol pour devancer d\u2019un coup l\u2019Australien <strong>Danny List<\/strong> et le Danois <strong>Jonathan G\u00f8th-Rasmussen<\/strong>.<\/p>\n<p>\u00ab\u00a0J\u2019aime ce parcours et j\u2019ai bien jou\u00e9 ici l\u2019ann\u00e9e derni\u00e8re, et les choses se vont dans le bon sens pour moi, a-t-il comment\u00e9. Je joue bien, mais je n\u2019ai pas \u00e9t\u00e9 capable d\u2019encha\u00eener quatre bons tours. C\u2019est quelque chose que je dois faire \u00e9tant donn\u00e9 qu\u2019il ne reste plus beaucoup de tournois \u00e0 jouer\u00a0\u00bb.<\/p>\n<p>\u00a0<\/p>\n<p>Trois Fran\u00e7ais dans le top 20<\/p>\n<p>4e \u00e0 l\u2019issue du 1er tour, <strong>Cl\u00e9ment Charmasson <\/strong>a \u00e9t\u00e9 malchanceux au 12, quand sa balle a m\u00e9chamment kick\u00e9 sur le drapeau\u00a0:<\/p>\n<p>\u00a0<\/p>\n<blockquote class=\"twitter-tweet\" data-media-max-width=\"560\">\n<p dir=\"ltr\" lang=\"en\">We feel your pain, Clement \ud83e\udd72\u26f3\ufe0f<a href=\"https:\/\/twitter.com\/hashtag\/CzechChallenge?src=hash&amp;ref_src=twsrc%5Etfw\" rel=\"nofollow noopener\" target=\"_blank\">#CzechChallenge<\/a> <a href=\"https:\/\/t.co\/8vKqj7xUDO\" rel=\"nofollow\">pic.twitter.com\/8vKqj7xUDO<\/a><\/p>\n<p>\u2014 HotelPlanner Tour (@HPlanner_Tour) <a href=\"https:\/\/twitter.com\/HPlanner_Tour\/status\/1943710820543631511?ref_src=twsrc%5Etfw\" rel=\"nofollow noopener\" target=\"_blank\">July 11, 2025<\/a><\/p>\n<\/blockquote>\n<p>\u00a0<\/p>\n<p>Mais il a gard\u00e9 son calme, sauv\u00e9 le par et r\u00e9ussi un birdie en rentrant un chip au 15, puis un autre au 18 pour boucler le 2e tour en 68 (-2).<\/p>\n<p>\u00a0<\/p>\n<blockquote class=\"twitter-tweet\" data-media-max-width=\"560\">\n<p dir=\"ltr\" lang=\"en\">Cool as you like from Clement Charmasson \ud83c\udf5f<a href=\"https:\/\/twitter.com\/hashtag\/CzechChallenge?src=hash&amp;ref_src=twsrc%5Etfw\" rel=\"nofollow noopener\" target=\"_blank\">#CzechChallenge<\/a> <a href=\"https:\/\/t.co\/rOI13xfUXx\" rel=\"nofollow\">pic.twitter.com\/rOI13xfUXx<\/a><\/p>\n<p>\u2014 HotelPlanner Tour (@HPlanner_Tour) <a href=\"https:\/\/twitter.com\/HPlanner_Tour\/status\/1943708742232518891?ref_src=twsrc%5Etfw\" rel=\"nofollow noopener\" target=\"_blank\">July 11, 2025<\/a><\/p>\n<\/blockquote>\n<p>\u00a0<\/p>\n<p>Le Toulousain partage la 18e place avec son compatriote<strong> Bastien Amat<\/strong>, auteur d\u2019un 65 (-5), notamment. Ils comptent un coup d\u2019avance sur <strong>F\u00e9lix Mory<\/strong> et <strong>Maxence Giboudot<\/strong>, mais une unit\u00e9 de retard sur <strong>Mathieu Decottignies-Lafon<\/strong>, qui a enregistr\u00e9 sept birdies dont quatre d\u2019affil\u00e9e et un dernier au 18 pour un score de 63 (-7) et une remont\u00e9e de 41 places au classement.<\/p>\n<p>\t\t\t\t\t<a id=\"178042\" href=\"https:\/\/leclub-golf.com\/fr\/actualites\/team-sud-ouest-vs-team-sud-est-le-duel-de-lete?utm_source=golf+planete&amp;utm_medium=referral&amp;utm_campaign=team+sud&amp;utm_id=team+sud_golf+planete_referral_banner\" target=\"_blank\" rel=\"sponsorised nofollow noopener\"><img decoding=\"async\" src=\"data:image\/svg+xml,%3Csvg%20xmlns=\" http:=\"\" class=\"img-responsive\" alt=\"\" data-lazy-src=\"https:\/\/www.europesays.com\/fr\/wp-content\/uploads\/2025\/07\/leclubgolf-e08-duel-teams-1170x275-1.png\"\/><\/a><\/p>\n<p>5 des 11 Tricolores en lice ont rat\u00e9 le cut\u00a0: <strong>Julien Sale<\/strong>, <strong>S\u00e9bastien Gros<\/strong>, <strong>Robin Sciot-Siegrist<\/strong>, <strong>Aymeric Laussot<\/strong> et <strong>Nathan Legendre<\/strong>.<\/p>\n<p>\u00a0<\/p>\n<p>Le leaderboard<\/p>\n<p><img loading=\"lazy\" decoding=\"async\" class=\"aligncenter size-full wp-image-179148\" src=\"data:image\/svg+xml,%3Csvg%20xmlns=\" http:=\"\" alt=\"\" width=\"775\" height=\"437\" data-lazy- data-lazy- data-lazy-src=\"https:\/\/www.europesays.com\/fr\/wp-content\/uploads\/2025\/07\/dd-real-czech-challenge-tour-2.jpg\"\/><\/p>\n<p>Les Fran\u00e7ais<\/p>\n<p><img loading=\"lazy\" decoding=\"async\" class=\"aligncenter size-full wp-image-179149\" src=\"data:image\/svg+xml,%3Csvg%20xmlns=\" http:=\"\" alt=\"\" width=\"775\" height=\"479\" data-lazy- data-lazy- data-lazy-src=\"https:\/\/www.europesays.com\/fr\/wp-content\/uploads\/2025\/07\/dd-real-czech-challenge-tour-2-francais.jpg\"\/><\/p>\n<p>\u00a0<\/p>\n<p>Photo : Octavio Passos \/ Getty Images via AFP<\/p>\n<p>\t\t\t<script async src=\"https:\/\/platform.twitter.com\/widgets.js\" charset=\"utf-8\"><\/script><\/p>\n","protected":false},"excerpt":{"rendered":"Partager cet article Partager la publication \u00ab\u00a0Albert Boneta en t\u00eate, Mathieu Decottignies-Lafon en embuscade\u00a0\u00bb Albert Boneta compte un&hellip;\n","protected":false},"author":2,"featured_media":245061,"comment_status":"","ping_status":"","sticky":false,"template":"","format":"standard","meta":{"footnotes":""},"categories":[1418],"tags":[1011,27,1472,60],"class_list":{"0":"post-245060","1":"post","2":"type-post","3":"status-publish","4":"format-standard","5":"has-post-thumbnail","7":"category-golf","8":"tag-fr","9":"tag-france","10":"tag-golf","11":"tag-sports"},"share_on_mastodon":{"url":"https:\/\/pubeurope.com\/@fr\/114840648077228680","error":""},"_links":{"self":[{"href":"https:\/\/www.europesays.com\/fr\/wp-json\/wp\/v2\/posts\/245060","targetHints":{"allow":["GET"]}}],"collection":[{"href":"https:\/\/www.europesays.com\/fr\/wp-json\/wp\/v2\/posts"}],"about":[{"href":"https:\/\/www.europesays.com\/fr\/wp-json\/wp\/v2\/types\/post"}],"author":[{"embeddable":true,"href":"https:\/\/www.europesays.com\/fr\/wp-json\/wp\/v2\/users\/2"}],"replies":[{"embeddable":true,"href":"https:\/\/www.europesays.com\/fr\/wp-json\/wp\/v2\/comments?post=245060"}],"version-history":[{"count":0,"href":"https:\/\/www.europesays.com\/fr\/wp-json\/wp\/v2\/posts\/245060\/revisions"}],"wp:featuredmedia":[{"embeddable":true,"href":"https:\/\/www.europesays.com\/fr\/wp-json\/wp\/v2\/media\/245061"}],"wp:attachment":[{"href":"https:\/\/www.europesays.com\/fr\/wp-json\/wp\/v2\/media?parent=245060"}],"wp:term":[{"taxonomy":"category","embeddable":true,"href":"https:\/\/www.europesays.com\/fr\/wp-json\/wp\/v2\/categories?post=245060"},{"taxonomy":"post_tag","embeddable":true,"href":"https:\/\/www.europesays.com\/fr\/wp-json\/wp\/v2\/tags?post=245060"}],"curies":[{"name":"wp","href":"https:\/\/api.w.org\/{rel}","templated":true}]}}