{"id":245064,"date":"2025-07-12T14:08:10","date_gmt":"2025-07-12T14:08:10","guid":{"rendered":"https:\/\/www.europesays.com\/fr\/245064\/"},"modified":"2025-07-12T14:08:10","modified_gmt":"2025-07-12T14:08:10","slug":"wimbledon-insolite-alcaraz-debarque-en-conference-de-presse-apres-djokovic-et-il-ne-peut-sempecher-declater-de-rire","status":"publish","type":"post","link":"https:\/\/www.europesays.com\/fr\/245064\/","title":{"rendered":"Wimbledon, Insolite > Alcaraz d\u00e9barque en conf\u00e9rence de presse apr\u00e8s Djokovic, et il ne peut s&#8217;emp\u00eacher d&rsquo;\u00e9clater de rire !"},"content":{"rendered":"<p>Arriv\u00e9 juste apr\u00e8s la conf\u00e9\u00adrence de presse de Novak Djokovic qui avait fait salle comble, l\u2019Espagnol n\u2019a pas s\u2019emp\u00eacher d\u2019\u00e9clater de\u00a0rire.\u00a0<\/p>\n<p>En effet, m\u00eame si Carlos est une star du circuit, il n\u2019at\u00adtire pas toujours la foule pour le moment.<\/p>\n<blockquote class=\"twitter-tweet\">\n<p lang=\"zxx\" dir=\"ltr\"><a href=\"https:\/\/t.co\/i6k61sFicJ\" data-wpel-link=\"external\" target=\"_blank\" rel=\"nofollow external noopener\">pic.twitter.com\/i6k61sFicJ<\/a> <a href=\"https:\/\/t.co\/JpjFILMorP\" data-wpel-link=\"external\" target=\"_blank\" rel=\"nofollow external noopener\">https:\/\/t.co\/JpjFILMorP<\/a><\/p>\n<p>\u2014 Germ\u00e1n R. Abril (@gerebit0) <a href=\"https:\/\/twitter.com\/gerebit0\/status\/1943748455941509235?ref_src=twsrc%5Etfw\" data-wpel-link=\"external\" target=\"_blank\" rel=\"nofollow external noopener\">July 11,\u00a02025<\/a><\/p><\/blockquote>\n<p>De plus, comme Djokovic pouvait faire une annonce impor\u00adtante, la situa\u00adtion \u00e9tait logique mais fina\u00adle\u00adment inna\u00adtendue pour Carlitos qui a pris tout cela avec le sourire.<\/p>\n<p class=\"post-published-date\" style=\"color: silver; font-size: 75%; text-align: left;\">Publi\u00e9 le samedi 12 juillet 2025 \u00e0 13:39<\/p>\n<p><script async src=\"https:\/\/platform.twitter.com\/widgets.js\" charset=\"utf-8\"><\/script><\/p>\n","protected":false},"excerpt":{"rendered":"Arriv\u00e9 juste apr\u00e8s la conf\u00e9\u00adrence de presse de Novak Djokovic qui avait fait salle comble, l\u2019Espagnol n\u2019a pas&hellip;\n","protected":false},"author":2,"featured_media":245065,"comment_status":"","ping_status":"","sticky":false,"template":"","format":"standard","meta":{"footnotes":""},"categories":[1415],"tags":[1744,105,1011,27,60,1467],"class_list":{"0":"post-245064","1":"post","2":"type-post","3":"status-publish","4":"format-standard","5":"has-post-thumbnail","7":"category-tennis","8":"tag-alcaraz","9":"tag-djokovic","10":"tag-fr","11":"tag-france","12":"tag-sports","13":"tag-tennis"},"share_on_mastodon":{"url":"https:\/\/pubeurope.com\/@fr\/114840659686301461","error":""},"_links":{"self":[{"href":"https:\/\/www.europesays.com\/fr\/wp-json\/wp\/v2\/posts\/245064","targetHints":{"allow":["GET"]}}],"collection":[{"href":"https:\/\/www.europesays.com\/fr\/wp-json\/wp\/v2\/posts"}],"about":[{"href":"https:\/\/www.europesays.com\/fr\/wp-json\/wp\/v2\/types\/post"}],"author":[{"embeddable":true,"href":"https:\/\/www.europesays.com\/fr\/wp-json\/wp\/v2\/users\/2"}],"replies":[{"embeddable":true,"href":"https:\/\/www.europesays.com\/fr\/wp-json\/wp\/v2\/comments?post=245064"}],"version-history":[{"count":0,"href":"https:\/\/www.europesays.com\/fr\/wp-json\/wp\/v2\/posts\/245064\/revisions"}],"wp:featuredmedia":[{"embeddable":true,"href":"https:\/\/www.europesays.com\/fr\/wp-json\/wp\/v2\/media\/245065"}],"wp:attachment":[{"href":"https:\/\/www.europesays.com\/fr\/wp-json\/wp\/v2\/media?parent=245064"}],"wp:term":[{"taxonomy":"category","embeddable":true,"href":"https:\/\/www.europesays.com\/fr\/wp-json\/wp\/v2\/categories?post=245064"},{"taxonomy":"post_tag","embeddable":true,"href":"https:\/\/www.europesays.com\/fr\/wp-json\/wp\/v2\/tags?post=245064"}],"curies":[{"name":"wp","href":"https:\/\/api.w.org\/{rel}","templated":true}]}}